{"id":9619,"date":"2025-06-22T10:29:08","date_gmt":"2025-06-22T09:29:08","guid":{"rendered":"https:\/\/ericante.fr\/?p=9619"},"modified":"2025-06-22T10:29:08","modified_gmt":"2025-06-22T09:29:08","slug":"de-chenille-a-daon-le-dimanche-11-mai-2025","status":"publish","type":"post","link":"https:\/\/ericante.fr\/?p=9619","title":{"rendered":"De Chenill\u00e9 \u00e0 Daon le dimanche 11 mai 2025"},"content":{"rendered":"<p><img loading=\"lazy\" decoding=\"async\" class=\"size-medium wp-image-9734 aligncenter\" src=\"https:\/\/ericante.fr\/wp-content\/uploads\/2025\/06\/2025-5-11-Depart-de-Chevigne-300x225.jpeg\" alt=\"\" width=\"300\" height=\"225\" srcset=\"https:\/\/ericante.fr\/wp-content\/uploads\/2025\/06\/2025-5-11-Depart-de-Chevigne-300x225.jpeg 300w, https:\/\/ericante.fr\/wp-content\/uploads\/2025\/06\/2025-5-11-Depart-de-Chevigne-768x576.jpeg 768w, https:\/\/ericante.fr\/wp-content\/uploads\/2025\/06\/2025-5-11-Depart-de-Chevigne.jpeg 850w\" sizes=\"auto, (max-width: 300px) 100vw, 300px\" \/><\/p>\n<p style=\"text-align: justify;\">Avant 10 h, nous laissons le village endormi derri\u00e8re nous et allons d\u00e9couvrir l&rsquo;\u00e9tape obligatoire de Daon. Une belle place est libre et la guinguette commence \u00e0 s&rsquo;animer.<\/p>\n<p>\u00a0 <img loading=\"lazy\" decoding=\"async\" class=\"alignnone size-medium wp-image-9735\" src=\"https:\/\/ericante.fr\/wp-content\/uploads\/2025\/06\/2025-5-11-Le-port-de-Daon-300x225.jpeg\" alt=\"\" width=\"300\" height=\"225\" srcset=\"https:\/\/ericante.fr\/wp-content\/uploads\/2025\/06\/2025-5-11-Le-port-de-Daon-300x225.jpeg 300w, https:\/\/ericante.fr\/wp-content\/uploads\/2025\/06\/2025-5-11-Le-port-de-Daon-768x576.jpeg 768w, https:\/\/ericante.fr\/wp-content\/uploads\/2025\/06\/2025-5-11-Le-port-de-Daon.jpeg 850w\" sizes=\"auto, (max-width: 300px) 100vw, 300px\" \/> <img loading=\"lazy\" decoding=\"async\" class=\"alignnone size-medium wp-image-9736\" src=\"https:\/\/ericante.fr\/wp-content\/uploads\/2025\/06\/2025-5-11-La-guinguette-de-Daon-300x225.jpeg\" alt=\"\" width=\"300\" height=\"225\" srcset=\"https:\/\/ericante.fr\/wp-content\/uploads\/2025\/06\/2025-5-11-La-guinguette-de-Daon-300x225.jpeg 300w, https:\/\/ericante.fr\/wp-content\/uploads\/2025\/06\/2025-5-11-La-guinguette-de-Daon-768x576.jpeg 768w, https:\/\/ericante.fr\/wp-content\/uploads\/2025\/06\/2025-5-11-La-guinguette-de-Daon.jpeg 850w\" sizes=\"auto, (max-width: 300px) 100vw, 300px\" \/><\/p>\n<p style=\"text-align: justify;\">Nous montons au village de 533 habitants o\u00f9 le caf\u00e9-\u00e9picerie est ouvert. La mairie et son jardin aux essences vari\u00e9es dominent avec \u00e9l\u00e9gance la Mayenne. Le restaurant La Taverne affiche complet. Nous d\u00e9jeunons \u00e0 la guinguette et nous laissons tenter par les bocaux du bocage de fabrication locale.<\/p>\n<p style=\"text-align: justify;\">La station de gasoil n&rsquo;existe plus. Nous commen\u00e7ons \u00e0 faire des recherches pour \u00eatre livr\u00e9es, ce qui s&rsquo;av\u00e8re compliqu\u00e9. La r\u00e9ponse de tous les fournisseurs est un d\u00e9placement pour plus de 300 litres.<\/p>\n<p style=\"text-align: justify;\">Mauricette, ancienne \u00e9clusi\u00e8re, \u00e9quipi\u00e8re maintenant sur le beau F\u00e9lix me conduit \u00e0 Ch\u00e2teau-Gontier faire des courses au Leclerc.<\/p>\n<p><img loading=\"lazy\" decoding=\"async\" class=\"size-medium wp-image-9737 aligncenter\" src=\"https:\/\/ericante.fr\/wp-content\/uploads\/2025\/06\/2025-5-13-Mauricette-a-bord-de-Felix-300x218.jpg\" alt=\"\" width=\"300\" height=\"218\" srcset=\"https:\/\/ericante.fr\/wp-content\/uploads\/2025\/06\/2025-5-13-Mauricette-a-bord-de-Felix-300x218.jpg 300w, https:\/\/ericante.fr\/wp-content\/uploads\/2025\/06\/2025-5-13-Mauricette-a-bord-de-Felix-768x558.jpg 768w, https:\/\/ericante.fr\/wp-content\/uploads\/2025\/06\/2025-5-13-Mauricette-a-bord-de-Felix.jpg 992w\" sizes=\"auto, (max-width: 300px) 100vw, 300px\" \/><\/p>\n<p style=\"text-align: justify;\">Nous restons 2 nuits dans ce charmant village.<\/p>\n<p style=\"text-align: justify;\">\n","protected":false},"excerpt":{"rendered":"<p>Avant 10 h, nous laissons le village endormi derri\u00e8re nous et allons d\u00e9couvrir l&rsquo;\u00e9tape obligatoire de Daon. Une belle place est libre et la guinguette commence \u00e0 s&rsquo;animer. \u00a0 Nous montons au village de 533 habitants o\u00f9 le caf\u00e9-\u00e9picerie est &hellip; <a href=\"https:\/\/ericante.fr\/?p=9619\">Continuer la lecture <span class=\"meta-nav\">&rarr;<\/span><\/a><\/p>\n","protected":false},"author":1,"featured_media":0,"comment_status":"open","ping_status":"open","sticky":false,"template":"","format":"standard","meta":{"_monsterinsights_skip_tracking":false,"_monsterinsights_sitenote_active":false,"_monsterinsights_sitenote_note":"","_monsterinsights_sitenote_category":0,"_uf_show_specific_survey":0,"_uf_disable_surveys":false,"footnotes":""},"categories":[12],"tags":[703],"class_list":["post-9619","post","type-post","status-publish","format-standard","hentry","category-france","tag-daon"],"_links":{"self":[{"href":"https:\/\/ericante.fr\/index.php?rest_route=\/wp\/v2\/posts\/9619","targetHints":{"allow":["GET"]}}],"collection":[{"href":"https:\/\/ericante.fr\/index.php?rest_route=\/wp\/v2\/posts"}],"about":[{"href":"https:\/\/ericante.fr\/index.php?rest_route=\/wp\/v2\/types\/post"}],"author":[{"embeddable":true,"href":"https:\/\/ericante.fr\/index.php?rest_route=\/wp\/v2\/users\/1"}],"replies":[{"embeddable":true,"href":"https:\/\/ericante.fr\/index.php?rest_route=%2Fwp%2Fv2%2Fcomments&post=9619"}],"version-history":[{"count":5,"href":"https:\/\/ericante.fr\/index.php?rest_route=\/wp\/v2\/posts\/9619\/revisions"}],"predecessor-version":[{"id":9738,"href":"https:\/\/ericante.fr\/index.php?rest_route=\/wp\/v2\/posts\/9619\/revisions\/9738"}],"wp:attachment":[{"href":"https:\/\/ericante.fr\/index.php?rest_route=%2Fwp%2Fv2%2Fmedia&parent=9619"}],"wp:term":[{"taxonomy":"category","embeddable":true,"href":"https:\/\/ericante.fr\/index.php?rest_route=%2Fwp%2Fv2%2Fcategories&post=9619"},{"taxonomy":"post_tag","embeddable":true,"href":"https:\/\/ericante.fr\/index.php?rest_route=%2Fwp%2Fv2%2Ftags&post=9619"}],"curies":[{"name":"wp","href":"https:\/\/api.w.org\/{rel}","templated":true}]}}