{"id":9614,"date":"2025-06-21T16:06:25","date_gmt":"2025-06-21T15:06:25","guid":{"rendered":"https:\/\/ericante.fr\/?p=9614"},"modified":"2025-06-21T18:59:34","modified_gmt":"2025-06-21T17:59:34","slug":"de-grez-neuville-sur-mayenne-a-la-jaillette-sur-oudon-le-jeudi-8-mai-2025","status":"publish","type":"post","link":"https:\/\/ericante.fr\/?p=9614","title":{"rendered":"De Grez-Neuville-sur-Mayenne \u00e0 La Jaillette-sur-Oudon le jeudi 8 mai 2025"},"content":{"rendered":"<p><a href=\"https:\/\/ericante.fr\/wp-content\/uploads\/2025\/06\/2025-5-8-Depart-de-Grez-Neuville.jpeg\"><img loading=\"lazy\" decoding=\"async\" class=\"size-medium wp-image-9677 aligncenter\" src=\"https:\/\/ericante.fr\/wp-content\/uploads\/2025\/06\/2025-5-8-Depart-de-Grez-Neuville-300x225.jpeg\" alt=\"\" width=\"300\" height=\"225\" srcset=\"https:\/\/ericante.fr\/wp-content\/uploads\/2025\/06\/2025-5-8-Depart-de-Grez-Neuville-300x225.jpeg 300w, https:\/\/ericante.fr\/wp-content\/uploads\/2025\/06\/2025-5-8-Depart-de-Grez-Neuville-768x576.jpeg 768w, https:\/\/ericante.fr\/wp-content\/uploads\/2025\/06\/2025-5-8-Depart-de-Grez-Neuville.jpeg 1024w\" sizes=\"auto, (max-width: 300px) 100vw, 300px\" \/><\/a><\/p>\n<p style=\"text-align: justify;\">C&rsquo;est sous un ciel mitig\u00e9 que nous remontons l&rsquo;Oudon. A 12 h 30 l&rsquo;\u00e9clusier est en pause d\u00e9jeuner. Amarr\u00e9 au ponton de la premi\u00e8re \u00e9cluse de cette petite rivi\u00e8re, navigable sur\u00a0 18 kilom\u00e8tres, nous d\u00e9jeunons. Les longues branches des arbres bordent les rives. A 1 4 h un petit voilier sans m\u00e2t se pr\u00e9sente devant. Les 2 jeunes gar\u00e7ons de cette famille ouvrent\u00a0 les 3 \u00e9cluses jusqu&rsquo;\u00e0 Segr\u00e9. L&rsquo;\u00e9clusier supervise gentiment.<\/p>\n<p>\u00a0 \u00a0 \u00a0 \u00a0<img loading=\"lazy\" decoding=\"async\" class=\"alignnone size-medium wp-image-9676\" src=\"https:\/\/ericante.fr\/wp-content\/uploads\/2025\/06\/2025-5-8-Le-Lion-dAngers-300x225.jpeg\" alt=\"\" width=\"300\" height=\"225\" srcset=\"https:\/\/ericante.fr\/wp-content\/uploads\/2025\/06\/2025-5-8-Le-Lion-dAngers-300x225.jpeg 300w, https:\/\/ericante.fr\/wp-content\/uploads\/2025\/06\/2025-5-8-Le-Lion-dAngers-768x576.jpeg 768w, https:\/\/ericante.fr\/wp-content\/uploads\/2025\/06\/2025-5-8-Le-Lion-dAngers.jpeg 850w\" sizes=\"auto, (max-width: 300px) 100vw, 300px\" \/> <img loading=\"lazy\" decoding=\"async\" class=\"alignnone size-medium wp-image-9675\" src=\"https:\/\/ericante.fr\/wp-content\/uploads\/2025\/06\/2025-5-8-LOudon-300x225.jpeg\" alt=\"\" width=\"300\" height=\"225\" srcset=\"https:\/\/ericante.fr\/wp-content\/uploads\/2025\/06\/2025-5-8-LOudon-300x225.jpeg 300w, https:\/\/ericante.fr\/wp-content\/uploads\/2025\/06\/2025-5-8-LOudon-768x576.jpeg 768w, https:\/\/ericante.fr\/wp-content\/uploads\/2025\/06\/2025-5-8-LOudon.jpeg 850w\" sizes=\"auto, (max-width: 300px) 100vw, 300px\" \/><\/p>\n<p style=\"text-align: justify;\">En ce jour f\u00e9ri\u00e9, Segr\u00e9 est une ville assez moche avec un quai de pierres sans \u00e9quipement avec quelques individus \u00e0 la<\/p>\n<p style=\"text-align: justify;\">mine patibulaire observant MegaWatt en fumant au-dessus.<\/p>\n<p>\u00a0 <img loading=\"lazy\" decoding=\"async\" class=\"alignnone size-medium wp-image-9674\" src=\"https:\/\/ericante.fr\/wp-content\/uploads\/2025\/06\/2025-5-8-Le-port-de-Segre-300x225.jpg\" alt=\"\" width=\"300\" height=\"225\" srcset=\"https:\/\/ericante.fr\/wp-content\/uploads\/2025\/06\/2025-5-8-Le-port-de-Segre-300x225.jpg 300w, https:\/\/ericante.fr\/wp-content\/uploads\/2025\/06\/2025-5-8-Le-port-de-Segre-768x576.jpg 768w, https:\/\/ericante.fr\/wp-content\/uploads\/2025\/06\/2025-5-8-Le-port-de-Segre.jpg 850w\" sizes=\"auto, (max-width: 300px) 100vw, 300px\" \/> <img loading=\"lazy\" decoding=\"async\" class=\"alignnone size-medium wp-image-9673\" src=\"https:\/\/ericante.fr\/wp-content\/uploads\/2025\/06\/2025-5-8-Segre-300x225.jpg\" alt=\"\" width=\"300\" height=\"225\" srcset=\"https:\/\/ericante.fr\/wp-content\/uploads\/2025\/06\/2025-5-8-Segre-300x225.jpg 300w, https:\/\/ericante.fr\/wp-content\/uploads\/2025\/06\/2025-5-8-Segre-768x576.jpg 768w, https:\/\/ericante.fr\/wp-content\/uploads\/2025\/06\/2025-5-8-Segre.jpg 850w\" sizes=\"auto, (max-width: 300px) 100vw, 300px\" \/><\/p>\n<p style=\"text-align: justify;\">A 16 h 40 nous d\u00e9cidons de quitter cet endroit sinistre pour redescendre vers un ponton avenant rep\u00e9r\u00e9 lors de la mont\u00e9e. L&rsquo;\u00e9clusier comprend notre d\u00e9part pr\u00e9cipit\u00e9 et va faire remonter l&rsquo;information, nous dit-il.<\/p>\n<p>\u00a0 \u00a0<img loading=\"lazy\" decoding=\"async\" class=\"alignnone size-medium wp-image-9672\" src=\"https:\/\/ericante.fr\/wp-content\/uploads\/2025\/06\/2025-5-8-La-Jaillette-300x225.jpeg\" alt=\"\" width=\"300\" height=\"225\" srcset=\"https:\/\/ericante.fr\/wp-content\/uploads\/2025\/06\/2025-5-8-La-Jaillette-300x225.jpeg 300w, https:\/\/ericante.fr\/wp-content\/uploads\/2025\/06\/2025-5-8-La-Jaillette-768x576.jpeg 768w, https:\/\/ericante.fr\/wp-content\/uploads\/2025\/06\/2025-5-8-La-Jaillette.jpeg 850w\" sizes=\"auto, (max-width: 300px) 100vw, 300px\" \/> <img loading=\"lazy\" decoding=\"async\" class=\"alignnone size-medium wp-image-9671\" src=\"https:\/\/ericante.fr\/wp-content\/uploads\/2025\/06\/2025-5-8-La-Jaillette-info-300x225.jpg\" alt=\"\" width=\"300\" height=\"225\" srcset=\"https:\/\/ericante.fr\/wp-content\/uploads\/2025\/06\/2025-5-8-La-Jaillette-info-300x225.jpg 300w, https:\/\/ericante.fr\/wp-content\/uploads\/2025\/06\/2025-5-8-La-Jaillette-info-768x576.jpg 768w, https:\/\/ericante.fr\/wp-content\/uploads\/2025\/06\/2025-5-8-La-Jaillette-info.jpg 850w\" sizes=\"auto, (max-width: 300px) 100vw, 300px\" \/><\/p>\n<p style=\"text-align: justify;\">Au pk8 le ponton de la Jaillette jouxtant une belle propri\u00e9t\u00e9 nous offre un bon abri. Un court sentier nous m\u00e8ne au hameau o\u00f9 l&rsquo;\u00e9glise, ouverte, est un bel exemple d&rsquo;art roman. Le cimeti\u00e8re l&rsquo;entourant est propice \u00e0 la m\u00e9ditation. Le prieur\u00e9 est ouvert tous les apr\u00e8s-midi, mais il est trop tard pour nous.<\/p>\n<p><img loading=\"lazy\" decoding=\"async\" class=\"alignnone wp-image-9679\" src=\"https:\/\/ericante.fr\/wp-content\/uploads\/2025\/06\/2025-5-8-Prche-de-leglise-de-La-Jailette-225x300.jpeg\" alt=\"\" width=\"127\" height=\"170\" srcset=\"https:\/\/ericante.fr\/wp-content\/uploads\/2025\/06\/2025-5-8-Prche-de-leglise-de-La-Jailette-225x300.jpeg 225w, https:\/\/ericante.fr\/wp-content\/uploads\/2025\/06\/2025-5-8-Prche-de-leglise-de-La-Jailette.jpeg 768w\" sizes=\"auto, (max-width: 127px) 100vw, 127px\" \/> <img loading=\"lazy\" decoding=\"async\" class=\"alignnone wp-image-9680\" src=\"https:\/\/ericante.fr\/wp-content\/uploads\/2025\/06\/2025-5-8-Eglise-de-La-Jaillette-300x225.jpg\" alt=\"\" width=\"271\" height=\"203\" srcset=\"https:\/\/ericante.fr\/wp-content\/uploads\/2025\/06\/2025-5-8-Eglise-de-La-Jaillette-300x225.jpg 300w, https:\/\/ericante.fr\/wp-content\/uploads\/2025\/06\/2025-5-8-Eglise-de-La-Jaillette-768x576.jpg 768w, https:\/\/ericante.fr\/wp-content\/uploads\/2025\/06\/2025-5-8-Eglise-de-La-Jaillette.jpg 850w\" sizes=\"auto, (max-width: 271px) 100vw, 271px\" \/> <a href=\"https:\/\/ericante.fr\/wp-content\/uploads\/2025\/06\/2025-5-8-Cimetiere-de-La-Jaillette.jpg\"><img loading=\"lazy\" decoding=\"async\" class=\"alignnone wp-image-9681\" src=\"https:\/\/ericante.fr\/wp-content\/uploads\/2025\/06\/2025-5-8-Cimetiere-de-La-Jaillette-300x225.jpg\" alt=\"\" width=\"227\" height=\"171\" srcset=\"https:\/\/ericante.fr\/wp-content\/uploads\/2025\/06\/2025-5-8-Cimetiere-de-La-Jaillette-300x225.jpg 300w, https:\/\/ericante.fr\/wp-content\/uploads\/2025\/06\/2025-5-8-Cimetiere-de-La-Jaillette-768x576.jpg 768w, https:\/\/ericante.fr\/wp-content\/uploads\/2025\/06\/2025-5-8-Cimetiere-de-La-Jaillette.jpg 850w\" sizes=\"auto, (max-width: 227px) 100vw, 227px\" \/><\/a><\/p>\n","protected":false},"excerpt":{"rendered":"<p>C&rsquo;est sous un ciel mitig\u00e9 que nous remontons l&rsquo;Oudon. A 12 h 30 l&rsquo;\u00e9clusier est en pause d\u00e9jeuner. Amarr\u00e9 au ponton de la premi\u00e8re \u00e9cluse de cette petite rivi\u00e8re, navigable sur\u00a0 18 kilom\u00e8tres, nous d\u00e9jeunons. Les longues branches des arbres &hellip; <a href=\"https:\/\/ericante.fr\/?p=9614\">Continuer la lecture <span class=\"meta-nav\">&rarr;<\/span><\/a><\/p>\n","protected":false},"author":1,"featured_media":0,"comment_status":"open","ping_status":"open","sticky":false,"template":"","format":"standard","meta":{"_monsterinsights_skip_tracking":false,"_monsterinsights_sitenote_active":false,"_monsterinsights_sitenote_note":"","_monsterinsights_sitenote_category":0,"_uf_show_specific_survey":0,"_uf_disable_surveys":false,"footnotes":""},"categories":[12],"tags":[700],"class_list":["post-9614","post","type-post","status-publish","format-standard","hentry","category-france","tag-la-jaillette"],"_links":{"self":[{"href":"https:\/\/ericante.fr\/index.php?rest_route=\/wp\/v2\/posts\/9614","targetHints":{"allow":["GET"]}}],"collection":[{"href":"https:\/\/ericante.fr\/index.php?rest_route=\/wp\/v2\/posts"}],"about":[{"href":"https:\/\/ericante.fr\/index.php?rest_route=\/wp\/v2\/types\/post"}],"author":[{"embeddable":true,"href":"https:\/\/ericante.fr\/index.php?rest_route=\/wp\/v2\/users\/1"}],"replies":[{"embeddable":true,"href":"https:\/\/ericante.fr\/index.php?rest_route=%2Fwp%2Fv2%2Fcomments&post=9614"}],"version-history":[{"count":5,"href":"https:\/\/ericante.fr\/index.php?rest_route=\/wp\/v2\/posts\/9614\/revisions"}],"predecessor-version":[{"id":9715,"href":"https:\/\/ericante.fr\/index.php?rest_route=\/wp\/v2\/posts\/9614\/revisions\/9715"}],"wp:attachment":[{"href":"https:\/\/ericante.fr\/index.php?rest_route=%2Fwp%2Fv2%2Fmedia&parent=9614"}],"wp:term":[{"taxonomy":"category","embeddable":true,"href":"https:\/\/ericante.fr\/index.php?rest_route=%2Fwp%2Fv2%2Fcategories&post=9614"},{"taxonomy":"post_tag","embeddable":true,"href":"https:\/\/ericante.fr\/index.php?rest_route=%2Fwp%2Fv2%2Ftags&post=9614"}],"curies":[{"name":"wp","href":"https:\/\/api.w.org\/{rel}","templated":true}]}}