{"id":9417,"date":"2025-05-12T08:33:21","date_gmt":"2025-05-12T07:33:21","guid":{"rendered":"https:\/\/ericante.fr\/?p=9417"},"modified":"2025-05-25T09:26:04","modified_gmt":"2025-05-25T08:26:04","slug":"de-parce-pk57-a-malicorne-pk47-le-dimanche-20-avril","status":"publish","type":"post","link":"https:\/\/ericante.fr\/?p=9417","title":{"rendered":"De Parc\u00e9 pk57 \u00e0 Malicorne pk47 le dimanche 20 avril"},"content":{"rendered":"<p style=\"text-align: justify;\">Parc\u00e9 pourrait ajouter \u00e0 son nom Les Bains ; les cabines de plage sont install\u00e9es le long de la Sarthe. Aux beaux jours, la petite station va s\u00fbrement attirer les baigneuses.<\/p>\n<p>&nbsp;<a href=\"https:\/\/ericante.fr\/?attachment_id=9432\"><img loading=\"lazy\" decoding=\"async\" class=\"alignnone wp-image-9432\" src=\"https:\/\/ericante.fr\/wp-content\/uploads\/2025\/05\/2025-4-20-Le-moulin-de-Parce-300x225.jpg\" alt=\"\" width=\"397\" height=\"298\" srcset=\"https:\/\/ericante.fr\/wp-content\/uploads\/2025\/05\/2025-4-20-Le-moulin-de-Parce-300x225.jpg 300w, https:\/\/ericante.fr\/wp-content\/uploads\/2025\/05\/2025-4-20-Le-moulin-de-Parce.jpg 567w\" sizes=\"auto, (max-width: 397px) 100vw, 397px\" \/><\/a> <a href=\"https:\/\/ericante.fr\/?attachment_id=9431\"><img loading=\"lazy\" decoding=\"async\" class=\"alignnone size-medium wp-image-9431\" src=\"https:\/\/ericante.fr\/wp-content\/uploads\/2025\/05\/2025-4-20-Cabine-de-bain-a-Parce-225x300.jpg\" alt=\"\" width=\"225\" height=\"300\" srcset=\"https:\/\/ericante.fr\/wp-content\/uploads\/2025\/05\/2025-4-20-Cabine-de-bain-a-Parce-225x300.jpg 225w, https:\/\/ericante.fr\/wp-content\/uploads\/2025\/05\/2025-4-20-Cabine-de-bain-a-Parce.jpg 638w\" sizes=\"auto, (max-width: 225px) 100vw, 225px\" \/><\/a><\/p>\n<p style=\"text-align: justify;\">A 11h, nous quittons le ponton, passons devant le grand ch\u00e2teau de Pecheseul, puis l&rsquo;\u00e9cluse d&rsquo;Ign\u00e8res avec son beau moulin o\u00f9 Marcel Pagnol v\u00e9cut plusieurs ann\u00e9es.<\/p>\n<p>&nbsp; &nbsp; &nbsp; <a href=\"https:\/\/ericante.fr\/?attachment_id=9446\"><img loading=\"lazy\" decoding=\"async\" class=\"alignnone size-medium wp-image-9446\" src=\"https:\/\/ericante.fr\/wp-content\/uploads\/2025\/05\/2025-4-20-Chateau-de-Pecheseul-300x225.jpg\" alt=\"\" width=\"300\" height=\"225\" srcset=\"https:\/\/ericante.fr\/wp-content\/uploads\/2025\/05\/2025-4-20-Chateau-de-Pecheseul-300x225.jpg 300w, https:\/\/ericante.fr\/wp-content\/uploads\/2025\/05\/2025-4-20-Chateau-de-Pecheseul-768x576.jpg 768w, https:\/\/ericante.fr\/wp-content\/uploads\/2025\/05\/2025-4-20-Chateau-de-Pecheseul.jpg 850w\" sizes=\"auto, (max-width: 300px) 100vw, 300px\" \/><\/a> <a href=\"https:\/\/ericante.fr\/?attachment_id=9447\"><img loading=\"lazy\" decoding=\"async\" class=\"alignnone size-medium wp-image-9447\" src=\"https:\/\/ericante.fr\/wp-content\/uploads\/2025\/05\/2025-4-20-Moulin-de-Pagnol-300x229.jpeg\" alt=\"\" width=\"300\" height=\"229\" srcset=\"https:\/\/ericante.fr\/wp-content\/uploads\/2025\/05\/2025-4-20-Moulin-de-Pagnol-300x229.jpeg 300w, https:\/\/ericante.fr\/wp-content\/uploads\/2025\/05\/2025-4-20-Moulin-de-Pagnol-768x586.jpeg 768w, https:\/\/ericante.fr\/wp-content\/uploads\/2025\/05\/2025-4-20-Moulin-de-Pagnol.jpeg 850w\" sizes=\"auto, (max-width: 300px) 100vw, 300px\" \/><\/a><\/p>\n<p style=\"text-align: justify;\">Malicorne, belle escale, nous offre un ponton \u00e9quip\u00e9 en eau et en \u00e9lectricit\u00e9 en aval du barrage. Nous d\u00e9jeunons dans une des plus vieilles maisons de la ville \u00e0 c\u00f4t\u00e9 du pont, qui devait \u00eatre une maison de garde puis une auberge.&nbsp;<a href=\"https:\/\/ericante.fr\/?attachment_id=9445\"><img loading=\"lazy\" decoding=\"async\" class=\"size-medium wp-image-9445 aligncenter\" src=\"https:\/\/ericante.fr\/wp-content\/uploads\/2025\/05\/2025-4-20-Megawatt-a-Malicorne-300x225.jpg\" alt=\"\" width=\"300\" height=\"225\" srcset=\"https:\/\/ericante.fr\/wp-content\/uploads\/2025\/05\/2025-4-20-Megawatt-a-Malicorne-300x225.jpg 300w, https:\/\/ericante.fr\/wp-content\/uploads\/2025\/05\/2025-4-20-Megawatt-a-Malicorne-768x576.jpg 768w, https:\/\/ericante.fr\/wp-content\/uploads\/2025\/05\/2025-4-20-Megawatt-a-Malicorne.jpg 850w\" sizes=\"auto, (max-width: 300px) 100vw, 300px\" \/><\/a>&nbsp;Le moulin r\u00e9nov\u00e9 abrite une association d&rsquo;artisans d&rsquo;art qui expose et propose de nombreuses cr\u00e9ations de bois, de verre, de porcelaine, de cuir&#8230; de belle qualit\u00e9.<\/p>\n<p>&nbsp;<a href=\"https:\/\/ericante.fr\/?attachment_id=9450\"><img loading=\"lazy\" decoding=\"async\" class=\"alignnone size-medium wp-image-9450\" src=\"https:\/\/ericante.fr\/wp-content\/uploads\/2025\/05\/2025-4-20-Moulin-de-Malicorne-300x225.jpeg\" alt=\"\" width=\"300\" height=\"225\" srcset=\"https:\/\/ericante.fr\/wp-content\/uploads\/2025\/05\/2025-4-20-Moulin-de-Malicorne-300x225.jpeg 300w, https:\/\/ericante.fr\/wp-content\/uploads\/2025\/05\/2025-4-20-Moulin-de-Malicorne-768x576.jpeg 768w, https:\/\/ericante.fr\/wp-content\/uploads\/2025\/05\/2025-4-20-Moulin-de-Malicorne.jpeg 850w\" sizes=\"auto, (max-width: 300px) 100vw, 300px\" \/><\/a> <a href=\"https:\/\/ericante.fr\/?attachment_id=9449\"><img loading=\"lazy\" decoding=\"async\" class=\"alignnone size-medium wp-image-9449\" src=\"https:\/\/ericante.fr\/wp-content\/uploads\/2025\/05\/2025-4-20-Artisan-de-Malicorne-300x225.jpg\" alt=\"\" width=\"300\" height=\"225\" srcset=\"https:\/\/ericante.fr\/wp-content\/uploads\/2025\/05\/2025-4-20-Artisan-de-Malicorne-300x225.jpg 300w, https:\/\/ericante.fr\/wp-content\/uploads\/2025\/05\/2025-4-20-Artisan-de-Malicorne-768x576.jpg 768w, https:\/\/ericante.fr\/wp-content\/uploads\/2025\/05\/2025-4-20-Artisan-de-Malicorne.jpg 850w\" sizes=\"auto, (max-width: 300px) 100vw, 300px\" \/><\/a><\/p>\n<p style=\"text-align: justify;\">La ville plus r\u00e9cente \u00e0 quelques centaines de m\u00e8tres offre toutes les commodit\u00e9s : supermarch\u00e9, cabinet m\u00e9dical, une gare et un mus\u00e9e de la fa\u00efence \u00e0 visiter.&nbsp;<\/p>\n<p>&nbsp;<\/p>\n<p>&nbsp;<\/p>\n","protected":false},"excerpt":{"rendered":"<p>Parc\u00e9 pourrait ajouter \u00e0 son nom Les Bains ; les cabines de plage sont install\u00e9es le long de la Sarthe. Aux beaux jours, la petite station va s\u00fbrement attirer les baigneuses. &nbsp; A 11h, nous quittons le ponton, passons devant &hellip; <a href=\"https:\/\/ericante.fr\/?p=9417\">Continuer la lecture <span class=\"meta-nav\">&rarr;<\/span><\/a><\/p>\n","protected":false},"author":1,"featured_media":0,"comment_status":"open","ping_status":"open","sticky":false,"template":"","format":"standard","meta":{"_monsterinsights_skip_tracking":false,"_monsterinsights_sitenote_active":false,"_monsterinsights_sitenote_note":"","_monsterinsights_sitenote_category":0,"_uf_show_specific_survey":0,"_uf_disable_surveys":false,"footnotes":""},"categories":[12],"tags":[691],"class_list":["post-9417","post","type-post","status-publish","format-standard","hentry","category-france","tag-malicorne"],"_links":{"self":[{"href":"https:\/\/ericante.fr\/index.php?rest_route=\/wp\/v2\/posts\/9417","targetHints":{"allow":["GET"]}}],"collection":[{"href":"https:\/\/ericante.fr\/index.php?rest_route=\/wp\/v2\/posts"}],"about":[{"href":"https:\/\/ericante.fr\/index.php?rest_route=\/wp\/v2\/types\/post"}],"author":[{"embeddable":true,"href":"https:\/\/ericante.fr\/index.php?rest_route=\/wp\/v2\/users\/1"}],"replies":[{"embeddable":true,"href":"https:\/\/ericante.fr\/index.php?rest_route=%2Fwp%2Fv2%2Fcomments&post=9417"}],"version-history":[{"count":4,"href":"https:\/\/ericante.fr\/index.php?rest_route=\/wp\/v2\/posts\/9417\/revisions"}],"predecessor-version":[{"id":9536,"href":"https:\/\/ericante.fr\/index.php?rest_route=\/wp\/v2\/posts\/9417\/revisions\/9536"}],"wp:attachment":[{"href":"https:\/\/ericante.fr\/index.php?rest_route=%2Fwp%2Fv2%2Fmedia&parent=9417"}],"wp:term":[{"taxonomy":"category","embeddable":true,"href":"https:\/\/ericante.fr\/index.php?rest_route=%2Fwp%2Fv2%2Fcategories&post=9417"},{"taxonomy":"post_tag","embeddable":true,"href":"https:\/\/ericante.fr\/index.php?rest_route=%2Fwp%2Fv2%2Ftags&post=9417"}],"curies":[{"name":"wp","href":"https:\/\/api.w.org\/{rel}","templated":true}]}}