{"id":9332,"date":"2025-05-02T08:29:51","date_gmt":"2025-05-02T07:29:51","guid":{"rendered":"https:\/\/ericante.fr\/?p=9332"},"modified":"2025-08-28T06:01:46","modified_gmt":"2025-08-28T05:01:46","slug":"de-morannes-pk90-a-sable-sur-sarthe-pk73-le-mercredi-16-avril-2025","status":"publish","type":"post","link":"https:\/\/ericante.fr\/?p=9332","title":{"rendered":"De Morannes  pk90 \u00e0 Sabl\u00e9-sur-Sarthe pk72   le mercredi 16 avril 2025"},"content":{"rendered":"<p style=\"text-align: left;\"><a href=\"https:\/\/ericante.fr\/?attachment_id=9397\"><img loading=\"lazy\" decoding=\"async\" class=\"size-medium wp-image-9397 alignleft\" src=\"https:\/\/ericante.fr\/wp-content\/uploads\/2025\/05\/2025-4-16-Depart-de-Morannes-300x225.jpeg\" alt=\"\" width=\"300\" height=\"225\" srcset=\"https:\/\/ericante.fr\/wp-content\/uploads\/2025\/05\/2025-4-16-Depart-de-Morannes-300x225.jpeg 300w, https:\/\/ericante.fr\/wp-content\/uploads\/2025\/05\/2025-4-16-Depart-de-Morannes-768x576.jpeg 768w, https:\/\/ericante.fr\/wp-content\/uploads\/2025\/05\/2025-4-16-Depart-de-Morannes.jpeg 850w\" sizes=\"auto, (max-width: 300px) 100vw, 300px\" \/><\/a><a href=\"https:\/\/ericante.fr\/?attachment_id=9396\"><img loading=\"lazy\" decoding=\"async\" class=\"alignnone size-medium wp-image-9396\" src=\"https:\/\/ericante.fr\/wp-content\/uploads\/2025\/05\/2025-4-16-Chateau-de-Chemire-300x230.jpeg\" alt=\"\" width=\"300\" height=\"230\" srcset=\"https:\/\/ericante.fr\/wp-content\/uploads\/2025\/05\/2025-4-16-Chateau-de-Chemire-300x230.jpeg 300w, https:\/\/ericante.fr\/wp-content\/uploads\/2025\/05\/2025-4-16-Chateau-de-Chemire-768x590.jpeg 768w, https:\/\/ericante.fr\/wp-content\/uploads\/2025\/05\/2025-4-16-Chateau-de-Chemire.jpeg 850w\" sizes=\"auto, (max-width: 300px) 100vw, 300px\" \/><\/a><\/p>\n<p style=\"text-align: justify;\">Nous quittons le ponton de Morannes \u00e0 10 h 20. Le ch\u00e2teau f\u00e9erique de Chemir\u00e9 appara\u00eet. Et puis de belles demeures embellissent les bords de la Sarthe jusqu&rsquo;\u00e0 Sabl\u00e9 que nous atteignons \u00e0 15 h 20 apr\u00e8s 3 passages d&rsquo;\u00e9cluse.<\/p>\n<p>\u00a0 \u00a0 \u00a0 \u00a0 \u00a0 \u00a0 \u00a0 \u00a0 \u00a0 \u00a0 \u00a0 \u00a0<a href=\"https:\/\/ericante.fr\/?attachment_id=9391\"><img loading=\"lazy\" decoding=\"async\" class=\"alignnone wp-image-9391\" src=\"https:\/\/ericante.fr\/wp-content\/uploads\/2025\/05\/2025-4-16-Belle-demeure-au-bord-de-la-Sarthe-300x225.jpeg\" alt=\"\" width=\"215\" height=\"161\" srcset=\"https:\/\/ericante.fr\/wp-content\/uploads\/2025\/05\/2025-4-16-Belle-demeure-au-bord-de-la-Sarthe-300x225.jpeg 300w, https:\/\/ericante.fr\/wp-content\/uploads\/2025\/05\/2025-4-16-Belle-demeure-au-bord-de-la-Sarthe-768x576.jpeg 768w, https:\/\/ericante.fr\/wp-content\/uploads\/2025\/05\/2025-4-16-Belle-demeure-au-bord-de-la-Sarthe.jpeg 850w\" sizes=\"auto, (max-width: 215px) 100vw, 215px\" \/><\/a> <a href=\"https:\/\/ericante.fr\/?attachment_id=9387\"><img loading=\"lazy\" decoding=\"async\" class=\"alignnone wp-image-9387\" src=\"https:\/\/ericante.fr\/wp-content\/uploads\/2025\/05\/2025-4-16-Chateau-au-bord-de-la-Sarthe-300x225.jpeg\" alt=\"\" width=\"215\" height=\"161\" srcset=\"https:\/\/ericante.fr\/wp-content\/uploads\/2025\/05\/2025-4-16-Chateau-au-bord-de-la-Sarthe-300x225.jpeg 300w, https:\/\/ericante.fr\/wp-content\/uploads\/2025\/05\/2025-4-16-Chateau-au-bord-de-la-Sarthe-768x576.jpeg 768w, https:\/\/ericante.fr\/wp-content\/uploads\/2025\/05\/2025-4-16-Chateau-au-bord-de-la-Sarthe.jpeg 850w\" sizes=\"auto, (max-width: 215px) 100vw, 215px\" \/><\/a><\/p>\n<p style=\"text-align: justify;\">Devant l&rsquo;\u00e9cluse, un rond jaune signifie qu&rsquo;il y a un \u00e9clusier, un rond rouge interdit le passage et un rond bleu indique que l&rsquo;on doit \u00e9cluser seul. Dans ce cas, Ant\u00e9 d\u00e9barque sur le petit ponton et va man\u0153uvrer l&rsquo;\u00e9cluse toute seule.<\/p>\n<p><a href=\"https:\/\/ericante.fr\/?attachment_id=9405\"><img loading=\"lazy\" decoding=\"async\" class=\"alignnone size-medium wp-image-9405\" src=\"https:\/\/ericante.fr\/wp-content\/uploads\/2025\/05\/2025-4-30-Rond-jaune-300x225.jpeg\" alt=\"\" width=\"300\" height=\"225\" srcset=\"https:\/\/ericante.fr\/wp-content\/uploads\/2025\/05\/2025-4-30-Rond-jaune-300x225.jpeg 300w, https:\/\/ericante.fr\/wp-content\/uploads\/2025\/05\/2025-4-30-Rond-jaune-768x576.jpeg 768w, https:\/\/ericante.fr\/wp-content\/uploads\/2025\/05\/2025-4-30-Rond-jaune.jpeg 850w\" sizes=\"auto, (max-width: 300px) 100vw, 300px\" \/><\/a> <a href=\"https:\/\/ericante.fr\/?attachment_id=9389\"><img loading=\"lazy\" decoding=\"async\" class=\"alignnone wp-image-9395\" src=\"https:\/\/ericante.fr\/wp-content\/uploads\/2025\/05\/2025-4-16-Arrivee-a-lecluse-300x212.jpeg\" alt=\"\" width=\"320\" height=\"226\" srcset=\"https:\/\/ericante.fr\/wp-content\/uploads\/2025\/05\/2025-4-16-Arrivee-a-lecluse-300x212.jpeg 300w, https:\/\/ericante.fr\/wp-content\/uploads\/2025\/05\/2025-4-16-Arrivee-a-lecluse.jpeg 712w\" sizes=\"auto, (max-width: 320px) 100vw, 320px\" \/><\/a><\/p>\n<p><iframe loading=\"lazy\" title=\"Ouverture d&#039;une porte d&#039;\u00e9cluse\" width=\"640\" height=\"480\" src=\"https:\/\/www.youtube.com\/embed\/q8cqk8RVyzg?feature=oembed\" frameborder=\"0\" allow=\"accelerometer; autoplay; clipboard-write; encrypted-media; gyroscope; picture-in-picture; web-share\" referrerpolicy=\"strict-origin-when-cross-origin\" allowfullscreen><\/iframe><\/p>\n<p style=\"text-align: justify;\">Le capitaine du Sabl\u00e9sien vient nous saluer. La ligne de Megawatt lui pla\u00eet et c&rsquo;est avec int\u00e9r\u00eat qu&rsquo;il d\u00e9couvre son am\u00e9nagement et sa double motorisation. A son tour, il nous pr\u00e9sente son bateau-restaurant bien r\u00e9nov\u00e9. Geoffroy est un professionnel\u00a0 attach\u00e9 \u00e0 la qualit\u00e9 et tr\u00e8s charismatique. Lucie, son \u00e9pouse, l&rsquo;accompagne dans ce travail de r\u00e9ception avec beaucoup de gentillesse et d&rsquo;efficacit\u00e9.<\/p>\n<p><a href=\"https:\/\/ericante.fr\/?attachment_id=9400\"><img loading=\"lazy\" decoding=\"async\" class=\" wp-image-9400 aligncenter\" src=\"https:\/\/ericante.fr\/wp-content\/uploads\/2025\/05\/2025-4-30-Le-sablesien-300x225.jpg\" alt=\"\" width=\"440\" height=\"330\" srcset=\"https:\/\/ericante.fr\/wp-content\/uploads\/2025\/05\/2025-4-30-Le-sablesien-300x225.jpg 300w, https:\/\/ericante.fr\/wp-content\/uploads\/2025\/05\/2025-4-30-Le-sablesien-768x576.jpg 768w, https:\/\/ericante.fr\/wp-content\/uploads\/2025\/05\/2025-4-30-Le-sablesien.jpg 850w\" sizes=\"auto, (max-width: 440px) 100vw, 440px\" \/><\/a><\/p>\n<p style=\"text-align: justify;\">Le port de Sabl\u00e9 est situ\u00e9 devant le ch\u00e2teau reconstruit au XVIIIe si\u00e8cle sur sa base m\u00e9di\u00e9vale fortifi\u00e9e, entour\u00e9 d&rsquo;un parc remarquable.\u00a0 Tous les commerces sont \u00e0 proximit\u00e9, dont une sup\u00e9rette bien achaland\u00e9e sur la place Elize.<\/p>\n<p>\u00a0 \u00a0 \u00a0 \u00a0<a href=\"https:\/\/ericante.fr\/?attachment_id=9398\"><img loading=\"lazy\" decoding=\"async\" class=\"alignnone size-medium wp-image-9398\" src=\"https:\/\/ericante.fr\/wp-content\/uploads\/2025\/05\/2025-4-16-Megawatt-a-Sable-300x225.jpeg\" alt=\"\" width=\"300\" height=\"225\" srcset=\"https:\/\/ericante.fr\/wp-content\/uploads\/2025\/05\/2025-4-16-Megawatt-a-Sable-300x225.jpeg 300w, https:\/\/ericante.fr\/wp-content\/uploads\/2025\/05\/2025-4-16-Megawatt-a-Sable-768x576.jpeg 768w, https:\/\/ericante.fr\/wp-content\/uploads\/2025\/05\/2025-4-16-Megawatt-a-Sable.jpeg 1024w\" sizes=\"auto, (max-width: 300px) 100vw, 300px\" \/><\/a> <a href=\"https:\/\/ericante.fr\/?attachment_id=9392\"><img loading=\"lazy\" decoding=\"async\" class=\"alignnone size-medium wp-image-9392\" src=\"https:\/\/ericante.fr\/wp-content\/uploads\/2025\/05\/2025-4-16-Le-chateau-de-Colbert-a-Sable-300x225.jpg\" alt=\"\" width=\"300\" height=\"225\" srcset=\"https:\/\/ericante.fr\/wp-content\/uploads\/2025\/05\/2025-4-16-Le-chateau-de-Colbert-a-Sable-300x225.jpg 300w, https:\/\/ericante.fr\/wp-content\/uploads\/2025\/05\/2025-4-16-Le-chateau-de-Colbert-a-Sable-768x576.jpg 768w, https:\/\/ericante.fr\/wp-content\/uploads\/2025\/05\/2025-4-16-Le-chateau-de-Colbert-a-Sable.jpg 850w\" sizes=\"auto, (max-width: 300px) 100vw, 300px\" \/><\/a><\/p>\n<p style=\"text-align: justify;\">Le vendredi, nous allons \u00e0 pied jusqu&rsquo;\u00e0 Solesmes, un circuit nous a \u00e9t\u00e9 indiqu\u00e9 \u00e0 l&rsquo;office du tourisme. 8 km aller-retour par un sentier qui longe la Sarthe. L&rsquo;abbaye n\u00e9ogothique est majestueuse. En ce Vendredi Saint, les horaires des offices sont modifi\u00e9s et l&rsquo;\u00e9glise abbatiale, seule partie ouverte au public, est silencieuse, propice au recueillement et \u00e0 la m\u00e9ditation.<\/p>\n<p>\u00a0 \u00a0 \u00a0 <a href=\"https:\/\/ericante.fr\/?attachment_id=9394\"><img loading=\"lazy\" decoding=\"async\" class=\"alignnone size-medium wp-image-9394\" src=\"https:\/\/ericante.fr\/wp-content\/uploads\/2025\/05\/2025-4-16-Abbaye-de-Solesmes-300x225.jpeg\" alt=\"\" width=\"300\" height=\"225\" srcset=\"https:\/\/ericante.fr\/wp-content\/uploads\/2025\/05\/2025-4-16-Abbaye-de-Solesmes-300x225.jpeg 300w, https:\/\/ericante.fr\/wp-content\/uploads\/2025\/05\/2025-4-16-Abbaye-de-Solesmes-768x576.jpeg 768w, https:\/\/ericante.fr\/wp-content\/uploads\/2025\/05\/2025-4-16-Abbaye-de-Solesmes.jpeg 850w\" sizes=\"auto, (max-width: 300px) 100vw, 300px\" \/><\/a> <a href=\"https:\/\/ericante.fr\/?attachment_id=9390\"><img loading=\"lazy\" decoding=\"async\" class=\"alignnone size-medium wp-image-9390\" src=\"https:\/\/ericante.fr\/wp-content\/uploads\/2025\/05\/2025-4-18-Abbaye-de-Solesmes-sous-le-pont-300x225.jpeg\" alt=\"\" width=\"300\" height=\"225\" srcset=\"https:\/\/ericante.fr\/wp-content\/uploads\/2025\/05\/2025-4-18-Abbaye-de-Solesmes-sous-le-pont-300x225.jpeg 300w, https:\/\/ericante.fr\/wp-content\/uploads\/2025\/05\/2025-4-18-Abbaye-de-Solesmes-sous-le-pont-768x576.jpeg 768w, https:\/\/ericante.fr\/wp-content\/uploads\/2025\/05\/2025-4-18-Abbaye-de-Solesmes-sous-le-pont.jpeg 850w\" sizes=\"auto, (max-width: 300px) 100vw, 300px\" \/><\/a><\/p>\n<p style=\"text-align: justify;\">Au retour, un p\u00eacheur nous explique que le ponton de Solesmes est inaccessible momentan\u00e9ment. Le \u00ab\u00a0capitaine\u00a0\u00bb d&rsquo;un bateau de location a oubli\u00e9 une corde d&rsquo;amarrage en partant, ce qui a s\u00e9rieusement fragilis\u00e9 le ponton.<\/p>\n<p><a href=\"https:\/\/ericante.fr\/?attachment_id=9393\"><img loading=\"lazy\" decoding=\"async\" class=\"size-medium wp-image-9393 aligncenter\" src=\"https:\/\/ericante.fr\/wp-content\/uploads\/2025\/05\/2025-4-17-salle-de-boule-de-fort-225x300.jpeg\" alt=\"\" width=\"225\" height=\"300\" srcset=\"https:\/\/ericante.fr\/wp-content\/uploads\/2025\/05\/2025-4-17-salle-de-boule-de-fort-225x300.jpeg 225w, https:\/\/ericante.fr\/wp-content\/uploads\/2025\/05\/2025-4-17-salle-de-boule-de-fort.jpeg 768w\" sizes=\"auto, (max-width: 225px) 100vw, 225px\" \/><\/a><\/p>\n<p style=\"text-align: justify;\">Le lendemain, au cours d&rsquo;une promenade en ville, nous d\u00e9couvrons une salle de Boule de Fort. Le terrain est incurv\u00e9 et les boules que l&rsquo;on fait rouler sont lest\u00e9es de fa\u00e7on asym\u00e9trique .<\/p>\n","protected":false},"excerpt":{"rendered":"<p>Nous quittons le ponton de Morannes \u00e0 10 h 20. Le ch\u00e2teau f\u00e9erique de Chemir\u00e9 appara\u00eet. Et puis de belles demeures embellissent les bords de la Sarthe jusqu&rsquo;\u00e0 Sabl\u00e9 que nous atteignons \u00e0 15 h 20 apr\u00e8s 3 passages d&rsquo;\u00e9cluse. &hellip; <a href=\"https:\/\/ericante.fr\/?p=9332\">Continuer la lecture <span class=\"meta-nav\">&rarr;<\/span><\/a><\/p>\n","protected":false},"author":1,"featured_media":0,"comment_status":"open","ping_status":"open","sticky":false,"template":"","format":"standard","meta":{"_monsterinsights_skip_tracking":false,"_monsterinsights_sitenote_active":false,"_monsterinsights_sitenote_note":"","_monsterinsights_sitenote_category":0,"_uf_show_specific_survey":0,"_uf_disable_surveys":false,"footnotes":""},"categories":[12],"tags":[688],"class_list":["post-9332","post","type-post","status-publish","format-standard","hentry","category-france","tag-sable-sur-sarthe"],"_links":{"self":[{"href":"https:\/\/ericante.fr\/index.php?rest_route=\/wp\/v2\/posts\/9332","targetHints":{"allow":["GET"]}}],"collection":[{"href":"https:\/\/ericante.fr\/index.php?rest_route=\/wp\/v2\/posts"}],"about":[{"href":"https:\/\/ericante.fr\/index.php?rest_route=\/wp\/v2\/types\/post"}],"author":[{"embeddable":true,"href":"https:\/\/ericante.fr\/index.php?rest_route=\/wp\/v2\/users\/1"}],"replies":[{"embeddable":true,"href":"https:\/\/ericante.fr\/index.php?rest_route=%2Fwp%2Fv2%2Fcomments&post=9332"}],"version-history":[{"count":5,"href":"https:\/\/ericante.fr\/index.php?rest_route=\/wp\/v2\/posts\/9332\/revisions"}],"predecessor-version":[{"id":10171,"href":"https:\/\/ericante.fr\/index.php?rest_route=\/wp\/v2\/posts\/9332\/revisions\/10171"}],"wp:attachment":[{"href":"https:\/\/ericante.fr\/index.php?rest_route=%2Fwp%2Fv2%2Fmedia&parent=9332"}],"wp:term":[{"taxonomy":"category","embeddable":true,"href":"https:\/\/ericante.fr\/index.php?rest_route=%2Fwp%2Fv2%2Fcategories&post=9332"},{"taxonomy":"post_tag","embeddable":true,"href":"https:\/\/ericante.fr\/index.php?rest_route=%2Fwp%2Fv2%2Ftags&post=9332"}],"curies":[{"name":"wp","href":"https:\/\/api.w.org\/{rel}","templated":true}]}}