{"id":9286,"date":"2025-04-29T07:08:08","date_gmt":"2025-04-29T06:08:08","guid":{"rendered":"https:\/\/ericante.fr\/?p=9286"},"modified":"2025-05-25T11:01:31","modified_gmt":"2025-05-25T10:01:31","slug":"dangers-a-cheffes-sur-sarthe-le-samedi-12-avril-2025","status":"publish","type":"post","link":"https:\/\/ericante.fr\/?p=9286","title":{"rendered":"d&rsquo;Angers \u00e0 Cheffes-sur-Sarthe le samedi 12 Avril 2025"},"content":{"rendered":"<p style=\"text-align: justify;\">Ce matin, nous visitons le mus\u00e9e de la tapisserie d&rsquo;art moderne situ\u00e9 dans l&rsquo;ancien h\u00f4pital du quartier de la Doutre. Les b\u00e2timents et jardins de style roman nous plaisent beaucoup.<\/p>\n<p style=\"text-align: justify;\">L&rsquo;attraction majeure du mus\u00e9e est la tapisserie \u00ab\u00a0Le Chant du Monde\u00a0\u00bb de Jean Lur\u00e7at. Cette longue tapisserie est une magnifique r\u00e9ponse color\u00e9e \u00e0 la vision m\u00e9di\u00e9vale du monde r\u00e9v\u00e9l\u00e9e par la tapisserie de l&rsquo;Apocalypse expos\u00e9e dans le ch\u00e2teau d&rsquo;Angers.&nbsp;<\/p>\n<p><a href=\"https:\/\/ericante.fr\/?attachment_id=9304\"><img loading=\"lazy\" decoding=\"async\" class=\"alignnone size-medium wp-image-9304\" src=\"https:\/\/ericante.fr\/wp-content\/uploads\/2025\/04\/2025-4-12-Tapisserie-300x183.jpeg\" alt=\"\" width=\"300\" height=\"183\" srcset=\"https:\/\/ericante.fr\/wp-content\/uploads\/2025\/04\/2025-4-12-Tapisserie-300x183.jpeg 300w, https:\/\/ericante.fr\/wp-content\/uploads\/2025\/04\/2025-4-12-Tapisserie-768x470.jpeg 768w, https:\/\/ericante.fr\/wp-content\/uploads\/2025\/04\/2025-4-12-Tapisserie.jpeg 1006w\" sizes=\"auto, (max-width: 300px) 100vw, 300px\" \/><\/a> <a href=\"https:\/\/ericante.fr\/?attachment_id=9303\"><img loading=\"lazy\" decoding=\"async\" class=\"alignnone wp-image-9303\" src=\"https:\/\/ericante.fr\/wp-content\/uploads\/2025\/04\/2025-4-12-tapisserie-dAngers-300x163.jpeg\" alt=\"\" width=\"333\" height=\"181\" srcset=\"https:\/\/ericante.fr\/wp-content\/uploads\/2025\/04\/2025-4-12-tapisserie-dAngers-300x163.jpeg 300w, https:\/\/ericante.fr\/wp-content\/uploads\/2025\/04\/2025-4-12-tapisserie-dAngers-768x416.jpeg 768w, https:\/\/ericante.fr\/wp-content\/uploads\/2025\/04\/2025-4-12-tapisserie-dAngers.jpeg 1019w\" sizes=\"auto, (max-width: 333px) 100vw, 333px\" \/><\/a><\/p>\n<p>&nbsp; &nbsp; &nbsp; &nbsp; &nbsp; &nbsp; &nbsp; <a href=\"https:\/\/ericante.fr\/?attachment_id=9315\"><img loading=\"lazy\" decoding=\"async\" class=\"alignnone wp-image-9315\" src=\"https:\/\/ericante.fr\/wp-content\/uploads\/2025\/04\/2025-4-12-Homme-et-Femme-225x300.jpg\" alt=\"\" width=\"251\" height=\"335\" srcset=\"https:\/\/ericante.fr\/wp-content\/uploads\/2025\/04\/2025-4-12-Homme-et-Femme-225x300.jpg 225w, https:\/\/ericante.fr\/wp-content\/uploads\/2025\/04\/2025-4-12-Homme-et-Femme.jpg 768w\" sizes=\"auto, (max-width: 251px) 100vw, 251px\" \/><\/a> <a href=\"https:\/\/ericante.fr\/?attachment_id=9312\"><img loading=\"lazy\" decoding=\"async\" class=\"alignnone wp-image-9312\" src=\"https:\/\/ericante.fr\/wp-content\/uploads\/2025\/04\/2025-4-12-1-1-300x298.jpeg\" alt=\"\" width=\"275\" height=\"273\" srcset=\"https:\/\/ericante.fr\/wp-content\/uploads\/2025\/04\/2025-4-12-1-1-300x298.jpeg 300w, https:\/\/ericante.fr\/wp-content\/uploads\/2025\/04\/2025-4-12-1-1-150x150.jpeg 150w, https:\/\/ericante.fr\/wp-content\/uploads\/2025\/04\/2025-4-12-1-1.jpeg 556w\" sizes=\"auto, (max-width: 275px) 100vw, 275px\" \/><\/a><\/p>\n<p style=\"text-align: justify;\">Depuis 10 ans un concours international de mini-textiles (12\/12 cm max) avec cette ann\u00e9e le th\u00e8me de tisser le futur est expos\u00e9 dans cet espace. En plus du jury, le visiteur est invit\u00e9 \u00e0 voter aussi pour l&rsquo;oeuvre de son choix parmi les 72 expos\u00e9es ; nous d\u00e9posons notre bulletin dans l&rsquo;urne apr\u00e8s 2 heures consacr\u00e9es \u00e0 ce lieu artistique.<\/p>\n<p><a href=\"https:\/\/ericante.fr\/?attachment_id=9340\"><img loading=\"lazy\" decoding=\"async\" class=\"size-medium wp-image-9340 aligncenter\" src=\"https:\/\/ericante.fr\/wp-content\/uploads\/2025\/04\/2025-4-12-Concours-225x300.jpeg\" alt=\"\" width=\"225\" height=\"300\" srcset=\"https:\/\/ericante.fr\/wp-content\/uploads\/2025\/04\/2025-4-12-Concours-225x300.jpeg 225w, https:\/\/ericante.fr\/wp-content\/uploads\/2025\/04\/2025-4-12-Concours.jpeg 768w\" sizes=\"auto, (max-width: 225px) 100vw, 225px\" \/><\/a><\/p>\n<p style=\"text-align: justify;\">Apr\u00e8s un d\u00e9jeuner tardif, nous nous \u00e9loignons \u00e0 15 heures pass\u00e9es de cette ville riche d&rsquo;histoire et d&rsquo;art.<\/p>\n<p><a href=\"https:\/\/ericante.fr\/?attachment_id=9342\"><img loading=\"lazy\" decoding=\"async\" class=\"size-medium wp-image-9342 aligncenter\" src=\"https:\/\/ericante.fr\/wp-content\/uploads\/2025\/04\/2025-4-12-Depart-dAngers-300x225.jpeg\" alt=\"\" width=\"300\" height=\"225\" srcset=\"https:\/\/ericante.fr\/wp-content\/uploads\/2025\/04\/2025-4-12-Depart-dAngers-300x225.jpeg 300w, https:\/\/ericante.fr\/wp-content\/uploads\/2025\/04\/2025-4-12-Depart-dAngers-768x576.jpeg 768w, https:\/\/ericante.fr\/wp-content\/uploads\/2025\/04\/2025-4-12-Depart-dAngers.jpeg 1024w\" sizes=\"auto, (max-width: 300px) 100vw, 300px\" \/><\/a><\/p>\n<p style=\"text-align: justify;\">Apr\u00e8s le pont Confluences, nous traversons un spot d&rsquo;entrainement de r\u00e9gates.<\/p>\n<p>&nbsp; &nbsp; <a href=\"https:\/\/ericante.fr\/?attachment_id=9344\"><img loading=\"lazy\" decoding=\"async\" class=\"alignnone size-medium wp-image-9344\" src=\"https:\/\/ericante.fr\/wp-content\/uploads\/2025\/04\/2025-4-12-regates-dAngers-300x225.jpeg\" alt=\"\" width=\"300\" height=\"225\" srcset=\"https:\/\/ericante.fr\/wp-content\/uploads\/2025\/04\/2025-4-12-regates-dAngers-300x225.jpeg 300w, https:\/\/ericante.fr\/wp-content\/uploads\/2025\/04\/2025-4-12-regates-dAngers-768x576.jpeg 768w, https:\/\/ericante.fr\/wp-content\/uploads\/2025\/04\/2025-4-12-regates-dAngers.jpeg 850w\" sizes=\"auto, (max-width: 300px) 100vw, 300px\" \/><\/a> <a href=\"https:\/\/ericante.fr\/?attachment_id=9336\"><img loading=\"lazy\" decoding=\"async\" class=\"alignnone size-medium wp-image-9336\" src=\"https:\/\/ericante.fr\/wp-content\/uploads\/2025\/04\/2025-4-12-Regates-de-Quillars-a-Angers-300x225.jpg\" alt=\"\" width=\"300\" height=\"225\" srcset=\"https:\/\/ericante.fr\/wp-content\/uploads\/2025\/04\/2025-4-12-Regates-de-Quillars-a-Angers-300x225.jpg 300w, https:\/\/ericante.fr\/wp-content\/uploads\/2025\/04\/2025-4-12-Regates-de-Quillars-a-Angers-768x576.jpg 768w, https:\/\/ericante.fr\/wp-content\/uploads\/2025\/04\/2025-4-12-Regates-de-Quillars-a-Angers.jpg 850w\" sizes=\"auto, (max-width: 300px) 100vw, 300px\" \/><\/a><\/p>\n<p style=\"text-align: justify;\">A 16 h nous longeons l&rsquo;\u00eele St Aubin, triangle de terre qui est la limite entre la Maine, la Mayenne et la Sarthe.<\/p>\n<p><a href=\"https:\/\/ericante.fr\/?attachment_id=9346\"><img loading=\"lazy\" decoding=\"async\" class=\"size-medium wp-image-9346 aligncenter\" src=\"https:\/\/ericante.fr\/wp-content\/uploads\/2025\/04\/2025-4-12-Ile-saint-Aubin-300x256.jpg\" alt=\"\" width=\"300\" height=\"256\" srcset=\"https:\/\/ericante.fr\/wp-content\/uploads\/2025\/04\/2025-4-12-Ile-saint-Aubin-300x256.jpg 300w, https:\/\/ericante.fr\/wp-content\/uploads\/2025\/04\/2025-4-12-Ile-saint-Aubin.jpg 473w\" sizes=\"auto, (max-width: 300px) 100vw, 300px\" \/><\/a><\/p>\n<p style=\"text-align: justify;\">Nous parcourons 18 km de rivi\u00e8re aux abords plats un peu monotones. Et un peu avant 18 h, la premi\u00e8re \u00e9cluse de la Sarthe, 3 coups de trompette et une charmante \u00e9clusi\u00e8re appara\u00eet pour nous ouvrir les portes.<\/p>\n<p>&nbsp; &nbsp;<a href=\"https:\/\/ericante.fr\/?attachment_id=9337\"><img loading=\"lazy\" decoding=\"async\" class=\"alignnone size-medium wp-image-9337\" src=\"https:\/\/ericante.fr\/wp-content\/uploads\/2025\/04\/2025-4-12-Lecluse-de-Cheffes-300x225.jpeg\" alt=\"\" width=\"300\" height=\"225\" srcset=\"https:\/\/ericante.fr\/wp-content\/uploads\/2025\/04\/2025-4-12-Lecluse-de-Cheffes-300x225.jpeg 300w, https:\/\/ericante.fr\/wp-content\/uploads\/2025\/04\/2025-4-12-Lecluse-de-Cheffes-768x576.jpeg 768w, https:\/\/ericante.fr\/wp-content\/uploads\/2025\/04\/2025-4-12-Lecluse-de-Cheffes.jpeg 850w\" sizes=\"auto, (max-width: 300px) 100vw, 300px\" \/><\/a> <a href=\"https:\/\/ericante.fr\/?attachment_id=9339\"><img loading=\"lazy\" decoding=\"async\" class=\"alignnone size-medium wp-image-9339\" src=\"https:\/\/ericante.fr\/wp-content\/uploads\/2025\/04\/2025-4-12-Eclusiere-de-Cheffes-300x225.jpeg\" alt=\"\" width=\"300\" height=\"225\" srcset=\"https:\/\/ericante.fr\/wp-content\/uploads\/2025\/04\/2025-4-12-Eclusiere-de-Cheffes-300x225.jpeg 300w, https:\/\/ericante.fr\/wp-content\/uploads\/2025\/04\/2025-4-12-Eclusiere-de-Cheffes-768x576.jpeg 768w, https:\/\/ericante.fr\/wp-content\/uploads\/2025\/04\/2025-4-12-Eclusiere-de-Cheffes.jpeg 850w\" sizes=\"auto, (max-width: 300px) 100vw, 300px\" \/><\/a><\/p>\n<p style=\"text-align: justify;\">Le petit port de Cheffes \u00e0 3 pontons offre une place confortable avec eau et \u00e9lectricit\u00e9. Le cadre est f\u00e9\u00e9rique : sur b\u00e2bord le barrage et son grand moulin et \u00e0 tribord le pont peu fr\u00e9quent\u00e9, une chapelle&nbsp; dans un cadre bucolique et en retrait un camping n&rsquo;ouvrant qu&rsquo;\u00e0 la fin mai.&nbsp;<\/p>\n<p><a href=\"https:\/\/ericante.fr\/?attachment_id=9338\"><img loading=\"lazy\" decoding=\"async\" class=\"alignnone size-medium wp-image-9338 aligncenter\" src=\"https:\/\/ericante.fr\/wp-content\/uploads\/2025\/04\/2025-4-12-le-port-de-Cheffes-300x225.jpeg\" alt=\"\" width=\"300\" height=\"225\" srcset=\"https:\/\/ericante.fr\/wp-content\/uploads\/2025\/04\/2025-4-12-le-port-de-Cheffes-300x225.jpeg 300w, https:\/\/ericante.fr\/wp-content\/uploads\/2025\/04\/2025-4-12-le-port-de-Cheffes-768x576.jpeg 768w, https:\/\/ericante.fr\/wp-content\/uploads\/2025\/04\/2025-4-12-le-port-de-Cheffes.jpeg 850w\" sizes=\"auto, (max-width: 300px) 100vw, 300px\" \/><\/a><\/p>\n<p>&nbsp;<\/p>\n<p>&nbsp;<\/p>\n<p style=\"text-align: justify;\">&nbsp;<\/p>\n<p style=\"text-align: justify;\">&nbsp;<\/p>\n","protected":false},"excerpt":{"rendered":"<p>Ce matin, nous visitons le mus\u00e9e de la tapisserie d&rsquo;art moderne situ\u00e9 dans l&rsquo;ancien h\u00f4pital du quartier de la Doutre. Les b\u00e2timents et jardins de style roman nous plaisent beaucoup. L&rsquo;attraction majeure du mus\u00e9e est la tapisserie \u00ab\u00a0Le Chant du &hellip; <a href=\"https:\/\/ericante.fr\/?p=9286\">Continuer la lecture <span class=\"meta-nav\">&rarr;<\/span><\/a><\/p>\n","protected":false},"author":1,"featured_media":0,"comment_status":"open","ping_status":"open","sticky":false,"template":"","format":"standard","meta":{"_monsterinsights_skip_tracking":false,"_monsterinsights_sitenote_active":false,"_monsterinsights_sitenote_note":"","_monsterinsights_sitenote_category":0,"_uf_show_specific_survey":0,"_uf_disable_surveys":false,"footnotes":""},"categories":[12],"tags":[686],"class_list":["post-9286","post","type-post","status-publish","format-standard","hentry","category-france","tag-cheffes-sue-sarthe"],"_links":{"self":[{"href":"https:\/\/ericante.fr\/index.php?rest_route=\/wp\/v2\/posts\/9286","targetHints":{"allow":["GET"]}}],"collection":[{"href":"https:\/\/ericante.fr\/index.php?rest_route=\/wp\/v2\/posts"}],"about":[{"href":"https:\/\/ericante.fr\/index.php?rest_route=\/wp\/v2\/types\/post"}],"author":[{"embeddable":true,"href":"https:\/\/ericante.fr\/index.php?rest_route=\/wp\/v2\/users\/1"}],"replies":[{"embeddable":true,"href":"https:\/\/ericante.fr\/index.php?rest_route=%2Fwp%2Fv2%2Fcomments&post=9286"}],"version-history":[{"count":5,"href":"https:\/\/ericante.fr\/index.php?rest_route=\/wp\/v2\/posts\/9286\/revisions"}],"predecessor-version":[{"id":9545,"href":"https:\/\/ericante.fr\/index.php?rest_route=\/wp\/v2\/posts\/9286\/revisions\/9545"}],"wp:attachment":[{"href":"https:\/\/ericante.fr\/index.php?rest_route=%2Fwp%2Fv2%2Fmedia&parent=9286"}],"wp:term":[{"taxonomy":"category","embeddable":true,"href":"https:\/\/ericante.fr\/index.php?rest_route=%2Fwp%2Fv2%2Fcategories&post=9286"},{"taxonomy":"post_tag","embeddable":true,"href":"https:\/\/ericante.fr\/index.php?rest_route=%2Fwp%2Fv2%2Ftags&post=9286"}],"curies":[{"name":"wp","href":"https:\/\/api.w.org\/{rel}","templated":true}]}}