{"id":9149,"date":"2025-04-01T06:43:51","date_gmt":"2025-04-01T05:43:51","guid":{"rendered":"https:\/\/ericante.fr\/?p=9149"},"modified":"2025-04-11T09:52:15","modified_gmt":"2025-04-11T08:52:15","slug":"de-port-lavigne-a-bouguenais-au-ponton-belem-de-nantes-le-27-avril-2025","status":"publish","type":"post","link":"https:\/\/ericante.fr\/?p=9149","title":{"rendered":"De Port Lavigne Bouguenais au ponton Belem de Nantes le jeudi 27 Avril 2025"},"content":{"rendered":"<p>Nous arrivons au port \u00e0 sec de Port Lavigne en Blabla 2 jours avant la mise \u00e0 l&rsquo;eau.<\/p>\n<p style=\"text-align: justify;\">Arnaud qui avait construit l&rsquo;Ericante chez Alumarine, travaille maintenant au chantier Delavergne sur le m\u00eame site. Il change la vanne d&rsquo;arriv\u00e9e d&rsquo;eau du moteur qui fuyait. Nettoyage, contr\u00f4le des niveaux et petite maintenance sont au programme. Dernier avitaillement \u00e0 v\u00e9lo au Lidl situ\u00e9 \u00e0 1,5 km.&nbsp;<\/p>\n<p><a href=\"https:\/\/ericante.fr\/?attachment_id=9158\"><img loading=\"lazy\" decoding=\"async\" class=\"alignnone wp-image-9158\" src=\"https:\/\/ericante.fr\/wp-content\/uploads\/2025\/03\/2025-03-27-port-lavigne-300x171.jpg\" alt=\"\" width=\"238\" height=\"136\" srcset=\"https:\/\/ericante.fr\/wp-content\/uploads\/2025\/03\/2025-03-27-port-lavigne-300x171.jpg 300w, https:\/\/ericante.fr\/wp-content\/uploads\/2025\/03\/2025-03-27-port-lavigne-768x437.jpg 768w, https:\/\/ericante.fr\/wp-content\/uploads\/2025\/03\/2025-03-27-port-lavigne.jpg 1024w\" sizes=\"auto, (max-width: 238px) 100vw, 238px\" \/><\/a> <a href=\"https:\/\/ericante.fr\/?attachment_id=9160\"><img loading=\"lazy\" decoding=\"async\" class=\"alignnone size-medium wp-image-9160\" src=\"https:\/\/ericante.fr\/wp-content\/uploads\/2025\/03\/2025-3-27-depart-de-port-Lavigne-139x300.jpg\" alt=\"\" width=\"139\" height=\"300\" srcset=\"https:\/\/ericante.fr\/wp-content\/uploads\/2025\/03\/2025-3-27-depart-de-port-Lavigne-139x300.jpg 139w, https:\/\/ericante.fr\/wp-content\/uploads\/2025\/03\/2025-3-27-depart-de-port-Lavigne.jpg 473w\" sizes=\"auto, (max-width: 139px) 100vw, 139px\" \/><\/a> <a href=\"https:\/\/ericante.fr\/?attachment_id=9154\"><img loading=\"lazy\" decoding=\"async\" class=\"alignnone wp-image-9154\" src=\"https:\/\/ericante.fr\/wp-content\/uploads\/2025\/03\/2025-03-27-vers-Nantes-300x209.jpg\" alt=\"\" width=\"206\" height=\"143\" srcset=\"https:\/\/ericante.fr\/wp-content\/uploads\/2025\/03\/2025-03-27-vers-Nantes-300x209.jpg 300w, https:\/\/ericante.fr\/wp-content\/uploads\/2025\/03\/2025-03-27-vers-Nantes-768x536.jpg 768w, https:\/\/ericante.fr\/wp-content\/uploads\/2025\/03\/2025-03-27-vers-Nantes.jpg 1024w\" sizes=\"auto, (max-width: 206px) 100vw, 206px\" \/><\/a><\/p>\n<p style=\"text-align: justify;\">La m\u00e9t\u00e9o sans vent est favorable pour la mise \u00e0 l&rsquo;eau pr\u00e9vue \u00e0 15 h 30. MegaWatt et son \u00e9quipage retrouvent le plaisir d&rsquo;\u00eatre sur l&rsquo;eau. Tout est OK sauf la VHF qui refuse la connexion. Nautitech \u00e9lectricit\u00e9 qui est intervenue sur l&rsquo;essuie-glace va venir nous voir sur le ponton Belem pour v\u00e9rifier.<\/p>\n<p><a href=\"https:\/\/ericante.fr\/?attachment_id=9153\"><img loading=\"lazy\" decoding=\"async\" class=\"alignnone size-medium wp-image-9153\" src=\"https:\/\/ericante.fr\/wp-content\/uploads\/2025\/03\/2025-3-29-Nantes-225x300.jpeg\" alt=\"\" width=\"225\" height=\"300\" srcset=\"https:\/\/ericante.fr\/wp-content\/uploads\/2025\/03\/2025-3-29-Nantes-225x300.jpeg 225w, https:\/\/ericante.fr\/wp-content\/uploads\/2025\/03\/2025-3-29-Nantes.jpeg 638w\" sizes=\"auto, (max-width: 225px) 100vw, 225px\" \/><\/a> <a href=\"https:\/\/ericante.fr\/?attachment_id=9152\"><img loading=\"lazy\" decoding=\"async\" class=\"alignnone wp-image-9152\" src=\"https:\/\/ericante.fr\/wp-content\/uploads\/2025\/03\/2025-3-30-Ponton-Belem-300x225.jpg\" alt=\"\" width=\"400\" height=\"300\" srcset=\"https:\/\/ericante.fr\/wp-content\/uploads\/2025\/03\/2025-3-30-Ponton-Belem-300x225.jpg 300w, https:\/\/ericante.fr\/wp-content\/uploads\/2025\/03\/2025-3-30-Ponton-Belem-768x576.jpg 768w, https:\/\/ericante.fr\/wp-content\/uploads\/2025\/03\/2025-3-30-Ponton-Belem.jpg 850w\" sizes=\"auto, (max-width: 400px) 100vw, 400px\" \/><\/a><\/p>\n<p><a href=\"https:\/\/ericante.fr\/?attachment_id=9156\"><img loading=\"lazy\" decoding=\"async\" class=\"size-medium wp-image-9156 aligncenter\" src=\"https:\/\/ericante.fr\/wp-content\/uploads\/2025\/03\/2025-3-29-Lampes-de-lecture-300x225.jpg\" alt=\"\" width=\"300\" height=\"225\" srcset=\"https:\/\/ericante.fr\/wp-content\/uploads\/2025\/03\/2025-3-29-Lampes-de-lecture-300x225.jpg 300w, https:\/\/ericante.fr\/wp-content\/uploads\/2025\/03\/2025-3-29-Lampes-de-lecture.jpg 640w\" sizes=\"auto, (max-width: 300px) 100vw, 300px\" \/><\/a>&nbsp;<\/p>\n<p>De petits travaux int\u00e9rieurs ont \u00e9t\u00e9 effectu\u00e9s cet hiver : 2 liseuses \u00e0 Led individuelles en t\u00eate de lit,&nbsp; 2 appliques de carr\u00e9&nbsp; et de nouveaux rideaux am\u00e9liorent le confort int\u00e9rieur et l&rsquo;esth\u00e9tique de MegaWatt pour cette nouvelle saison.<\/p>\n<p><a href=\"https:\/\/ericante.fr\/?attachment_id=9155\"><img loading=\"lazy\" decoding=\"async\" class=\"alignnone size-medium wp-image-9155\" src=\"https:\/\/ericante.fr\/wp-content\/uploads\/2025\/03\/2025-3-28-Rideuax-et-applique-300x225.jpg\" alt=\"\" width=\"300\" height=\"225\" srcset=\"https:\/\/ericante.fr\/wp-content\/uploads\/2025\/03\/2025-3-28-Rideuax-et-applique-300x225.jpg 300w, https:\/\/ericante.fr\/wp-content\/uploads\/2025\/03\/2025-3-28-Rideuax-et-applique.jpg 640w\" sizes=\"auto, (max-width: 300px) 100vw, 300px\" \/><\/a> <a href=\"https:\/\/ericante.fr\/?attachment_id=9159\"><img loading=\"lazy\" decoding=\"async\" class=\"alignnone size-medium wp-image-9159\" src=\"https:\/\/ericante.fr\/wp-content\/uploads\/2025\/03\/2025-3-28-Applique-300x225.jpg\" alt=\"\" width=\"300\" height=\"225\" srcset=\"https:\/\/ericante.fr\/wp-content\/uploads\/2025\/03\/2025-3-28-Applique-300x225.jpg 300w, https:\/\/ericante.fr\/wp-content\/uploads\/2025\/03\/2025-3-28-Applique.jpg 640w\" sizes=\"auto, (max-width: 300px) 100vw, 300px\" \/><\/a><\/p>\n","protected":false},"excerpt":{"rendered":"<p>Nous arrivons au port \u00e0 sec de Port Lavigne en Blabla 2 jours avant la mise \u00e0 l&rsquo;eau. Arnaud qui avait construit l&rsquo;Ericante chez Alumarine, travaille maintenant au chantier Delavergne sur le m\u00eame site. Il change la vanne d&rsquo;arriv\u00e9e d&rsquo;eau &hellip; <a href=\"https:\/\/ericante.fr\/?p=9149\">Continuer la lecture <span class=\"meta-nav\">&rarr;<\/span><\/a><\/p>\n","protected":false},"author":1,"featured_media":0,"comment_status":"open","ping_status":"open","sticky":false,"template":"","format":"standard","meta":{"_monsterinsights_skip_tracking":false,"_monsterinsights_sitenote_active":false,"_monsterinsights_sitenote_note":"","_monsterinsights_sitenote_category":0,"_uf_show_specific_survey":0,"_uf_disable_surveys":false,"footnotes":""},"categories":[12],"tags":[678,676],"class_list":["post-9149","post","type-post","status-publish","format-standard","hentry","category-france","tag-bouguenais","tag-nantes"],"_links":{"self":[{"href":"https:\/\/ericante.fr\/index.php?rest_route=\/wp\/v2\/posts\/9149","targetHints":{"allow":["GET"]}}],"collection":[{"href":"https:\/\/ericante.fr\/index.php?rest_route=\/wp\/v2\/posts"}],"about":[{"href":"https:\/\/ericante.fr\/index.php?rest_route=\/wp\/v2\/types\/post"}],"author":[{"embeddable":true,"href":"https:\/\/ericante.fr\/index.php?rest_route=\/wp\/v2\/users\/1"}],"replies":[{"embeddable":true,"href":"https:\/\/ericante.fr\/index.php?rest_route=%2Fwp%2Fv2%2Fcomments&post=9149"}],"version-history":[{"count":5,"href":"https:\/\/ericante.fr\/index.php?rest_route=\/wp\/v2\/posts\/9149\/revisions"}],"predecessor-version":[{"id":9242,"href":"https:\/\/ericante.fr\/index.php?rest_route=\/wp\/v2\/posts\/9149\/revisions\/9242"}],"wp:attachment":[{"href":"https:\/\/ericante.fr\/index.php?rest_route=%2Fwp%2Fv2%2Fmedia&parent=9149"}],"wp:term":[{"taxonomy":"category","embeddable":true,"href":"https:\/\/ericante.fr\/index.php?rest_route=%2Fwp%2Fv2%2Fcategories&post=9149"},{"taxonomy":"post_tag","embeddable":true,"href":"https:\/\/ericante.fr\/index.php?rest_route=%2Fwp%2Fv2%2Ftags&post=9149"}],"curies":[{"name":"wp","href":"https:\/\/api.w.org\/{rel}","templated":true}]}}