{"id":9087,"date":"2024-11-13T12:22:21","date_gmt":"2024-11-13T11:22:21","guid":{"rendered":"https:\/\/ericante.fr\/?p=9087"},"modified":"2025-04-11T09:54:02","modified_gmt":"2025-04-11T08:54:02","slug":"samedit-31-aout-2024-du-ponton-belem-a-nantes-au-chantier-port-lavigne-a-bouguenais","status":"publish","type":"post","link":"https:\/\/ericante.fr\/?p=9087","title":{"rendered":"Du ponton Belem \u00e0 Nantes au chantier Port Lavigne \u00e0 Bouguenais le samedit 31 ao\u00fbt 2024"},"content":{"rendered":"<p style=\"text-align: justify;\">Apr\u00e8s 2 nuits \u00e0 Nantes, l&rsquo;hivernage de MegaWatt est programm\u00e9 au chantier de Port Lavigne \u00e0 Bouguenais.<\/p>\n<p>&nbsp; &nbsp; &nbsp; <a href=\"https:\/\/ericante.fr\/?attachment_id=9127\"><img loading=\"lazy\" decoding=\"async\" class=\"alignnone size-medium wp-image-9127\" src=\"https:\/\/ericante.fr\/wp-content\/uploads\/2024\/11\/2024-8-31-Depart-de-Nantes-300x225.jpg\" alt=\"\" width=\"300\" height=\"225\" srcset=\"https:\/\/ericante.fr\/wp-content\/uploads\/2024\/11\/2024-8-31-Depart-de-Nantes-300x225.jpg 300w, https:\/\/ericante.fr\/wp-content\/uploads\/2024\/11\/2024-8-31-Depart-de-Nantes-768x576.jpg 768w, https:\/\/ericante.fr\/wp-content\/uploads\/2024\/11\/2024-8-31-Depart-de-Nantes.jpg 850w\" sizes=\"auto, (max-width: 300px) 100vw, 300px\" \/><\/a> <a href=\"https:\/\/ericante.fr\/?attachment_id=9128\"><img loading=\"lazy\" decoding=\"async\" class=\"alignnone size-medium wp-image-9128\" src=\"https:\/\/ericante.fr\/wp-content\/uploads\/2024\/11\/2024-8-31-Le-pont-300x225.jpg\" alt=\"\" width=\"300\" height=\"225\" srcset=\"https:\/\/ericante.fr\/wp-content\/uploads\/2024\/11\/2024-8-31-Le-pont-300x225.jpg 300w, https:\/\/ericante.fr\/wp-content\/uploads\/2024\/11\/2024-8-31-Le-pont-768x576.jpg 768w, https:\/\/ericante.fr\/wp-content\/uploads\/2024\/11\/2024-8-31-Le-pont.jpg 850w\" sizes=\"auto, (max-width: 300px) 100vw, 300px\" \/><\/a><\/p>\n<p style=\"text-align: justify;\">Petit voyage dans le pass\u00e9 pour nous. C&rsquo;est dans ce port que le gabarit de l&rsquo;Ericante a \u00e9t\u00e9 construit et les premi\u00e8res t\u00f4les soud\u00e9es par le chantier Alumarine en 2008. tr\u00e8s rapidement il avait \u00e9t\u00e9 d\u00e9m\u00e9nag\u00e9 \u00e0 Cou\u00ebron o\u00f9 le nouveau propri\u00e9taire du chantier, M. Borgel \u00e0 l&rsquo;\u00e9poque avait fait construire un chantier plus grand.<\/p>\n<p><a href=\"https:\/\/ericante.fr\/?attachment_id=9136\"><img loading=\"lazy\" decoding=\"async\" class=\" wp-image-9136 aligncenter\" src=\"https:\/\/ericante.fr\/wp-content\/uploads\/2024\/11\/19-12-2007-gabaritEllya-0Buguenais-300x225.jpg\" alt=\"\" width=\"433\" height=\"325\" srcset=\"https:\/\/ericante.fr\/wp-content\/uploads\/2024\/11\/19-12-2007-gabaritEllya-0Buguenais-300x225.jpg 300w, https:\/\/ericante.fr\/wp-content\/uploads\/2024\/11\/19-12-2007-gabaritEllya-0Buguenais-768x576.jpg 768w, https:\/\/ericante.fr\/wp-content\/uploads\/2024\/11\/19-12-2007-gabaritEllya-0Buguenais.jpg 1024w\" sizes=\"auto, (max-width: 433px) 100vw, 433px\" \/><\/a><\/p>\n<p style=\"text-align: justify;\">Le rendez-vous dans la cale de sortie d&rsquo;eau est pr\u00e9vu \u00e0 17h \u00e0 mar\u00e9e haute.&nbsp; Avant ou apr\u00e8s l&rsquo;\u00e9tal, le courant est trop fort pour l&rsquo;envisager. Tout se passe bien et nous passons notre derni\u00e8re nuit de la saison cal\u00e9s sur un ber central et des sangles.<\/p>\n<p><a href=\"https:\/\/ericante.fr\/?attachment_id=9130\"><img loading=\"lazy\" decoding=\"async\" class=\"size-medium wp-image-9130 aligncenter\" src=\"https:\/\/ericante.fr\/wp-content\/uploads\/2024\/11\/2024-8-31-Arrivee-a-Port-LavigneJPG-300x225.jpg\" alt=\"\" width=\"300\" height=\"225\" srcset=\"https:\/\/ericante.fr\/wp-content\/uploads\/2024\/11\/2024-8-31-Arrivee-a-Port-LavigneJPG-300x225.jpg 300w, https:\/\/ericante.fr\/wp-content\/uploads\/2024\/11\/2024-8-31-Arrivee-a-Port-LavigneJPG-768x576.jpg 768w, https:\/\/ericante.fr\/wp-content\/uploads\/2024\/11\/2024-8-31-Arrivee-a-Port-LavigneJPG.jpg 850w\" sizes=\"auto, (max-width: 300px) 100vw, 300px\" \/><\/a><\/p>\n<p>&nbsp; &nbsp; &nbsp;<a href=\"https:\/\/ericante.fr\/?attachment_id=9131\"><img loading=\"lazy\" decoding=\"async\" class=\"alignnone size-medium wp-image-9131\" src=\"https:\/\/ericante.fr\/wp-content\/uploads\/2024\/11\/2024-8-31-Dans-les-sanbles-300x225.jpg\" alt=\"\" width=\"300\" height=\"225\" srcset=\"https:\/\/ericante.fr\/wp-content\/uploads\/2024\/11\/2024-8-31-Dans-les-sanbles-300x225.jpg 300w, https:\/\/ericante.fr\/wp-content\/uploads\/2024\/11\/2024-8-31-Dans-les-sanbles-768x576.jpg 768w, https:\/\/ericante.fr\/wp-content\/uploads\/2024\/11\/2024-8-31-Dans-les-sanbles.jpg 850w\" sizes=\"auto, (max-width: 300px) 100vw, 300px\" \/><\/a> <a href=\"https:\/\/ericante.fr\/?attachment_id=9132\"><img loading=\"lazy\" decoding=\"async\" class=\"alignnone size-medium wp-image-9132\" src=\"https:\/\/ericante.fr\/wp-content\/uploads\/2024\/11\/2024-8-31-La-manoeuvre-300x225.jpg\" alt=\"\" width=\"300\" height=\"225\" srcset=\"https:\/\/ericante.fr\/wp-content\/uploads\/2024\/11\/2024-8-31-La-manoeuvre-300x225.jpg 300w, https:\/\/ericante.fr\/wp-content\/uploads\/2024\/11\/2024-8-31-La-manoeuvre-768x576.jpg 768w, https:\/\/ericante.fr\/wp-content\/uploads\/2024\/11\/2024-8-31-La-manoeuvre.jpg 850w\" sizes=\"auto, (max-width: 300px) 100vw, 300px\" \/><\/a><\/p>\n<p style=\"text-align: justify;\">La sortie d&rsquo;un voilier a lieu \u00e0 la suite et le calage final aura lieu lundi prochain.<\/p>\n<p><a href=\"https:\/\/ericante.fr\/?attachment_id=9126\"><img loading=\"lazy\" decoding=\"async\" class=\"alignnone size-medium wp-image-9126\" src=\"https:\/\/ericante.fr\/wp-content\/uploads\/2024\/11\/2024-9-1-On-fermeJPG-225x300.jpg\" alt=\"\" width=\"225\" height=\"300\" srcset=\"https:\/\/ericante.fr\/wp-content\/uploads\/2024\/11\/2024-9-1-On-fermeJPG-225x300.jpg 225w, https:\/\/ericante.fr\/wp-content\/uploads\/2024\/11\/2024-9-1-On-fermeJPG.jpg 638w\" sizes=\"auto, (max-width: 225px) 100vw, 225px\" \/><\/a> <a href=\"https:\/\/ericante.fr\/?attachment_id=9125\"><img loading=\"lazy\" decoding=\"async\" class=\"alignnone wp-image-9125\" src=\"https:\/\/ericante.fr\/wp-content\/uploads\/2024\/11\/20214-9-1-Fin-de-saison-2024-300x225.jpeg\" alt=\"\" width=\"400\" height=\"300\" srcset=\"https:\/\/ericante.fr\/wp-content\/uploads\/2024\/11\/20214-9-1-Fin-de-saison-2024-300x225.jpeg 300w, https:\/\/ericante.fr\/wp-content\/uploads\/2024\/11\/20214-9-1-Fin-de-saison-2024-768x576.jpeg 768w, https:\/\/ericante.fr\/wp-content\/uploads\/2024\/11\/20214-9-1-Fin-de-saison-2024.jpeg 850w\" sizes=\"auto, (max-width: 400px) 100vw, 400px\" \/><\/a><\/p>\n<p style=\"text-align: justify;\">C&rsquo;est lors de cette derni\u00e8re nuit que les moustiques sont pr\u00e9sents alors que lors de notre p\u00e9riple depuis le 6 juin sur les canaux nous n&rsquo;en avions jamais rencontr\u00e9s. Ils sont petits mais bien aga\u00e7ants.&nbsp;<\/p>\n<p style=\"text-align: justify;\">Le lendemain \u00e0 10 h30 nous rentrons \u00e0 la maison avec une conductrice BlaBlaCar qui aura la gentillesse de nous d\u00e9poser devant chez nous.<\/p>\n<p>&nbsp;<\/p>\n","protected":false},"excerpt":{"rendered":"<p>Apr\u00e8s 2 nuits \u00e0 Nantes, l&rsquo;hivernage de MegaWatt est programm\u00e9 au chantier de Port Lavigne \u00e0 Bouguenais. &nbsp; &nbsp; &nbsp; Petit voyage dans le pass\u00e9 pour nous. C&rsquo;est dans ce port que le gabarit de l&rsquo;Ericante a \u00e9t\u00e9 construit et &hellip; <a href=\"https:\/\/ericante.fr\/?p=9087\">Continuer la lecture <span class=\"meta-nav\">&rarr;<\/span><\/a><\/p>\n","protected":false},"author":1,"featured_media":0,"comment_status":"open","ping_status":"open","sticky":false,"template":"","format":"standard","meta":{"_monsterinsights_skip_tracking":false,"_monsterinsights_sitenote_active":false,"_monsterinsights_sitenote_note":"","_monsterinsights_sitenote_category":0,"_uf_show_specific_survey":0,"_uf_disable_surveys":false,"footnotes":""},"categories":[12],"tags":[678,679],"class_list":["post-9087","post","type-post","status-publish","format-standard","hentry","category-france","tag-bouguenais","tag-port-lavigne"],"_links":{"self":[{"href":"https:\/\/ericante.fr\/index.php?rest_route=\/wp\/v2\/posts\/9087","targetHints":{"allow":["GET"]}}],"collection":[{"href":"https:\/\/ericante.fr\/index.php?rest_route=\/wp\/v2\/posts"}],"about":[{"href":"https:\/\/ericante.fr\/index.php?rest_route=\/wp\/v2\/types\/post"}],"author":[{"embeddable":true,"href":"https:\/\/ericante.fr\/index.php?rest_route=\/wp\/v2\/users\/1"}],"replies":[{"embeddable":true,"href":"https:\/\/ericante.fr\/index.php?rest_route=%2Fwp%2Fv2%2Fcomments&post=9087"}],"version-history":[{"count":5,"href":"https:\/\/ericante.fr\/index.php?rest_route=\/wp\/v2\/posts\/9087\/revisions"}],"predecessor-version":[{"id":9243,"href":"https:\/\/ericante.fr\/index.php?rest_route=\/wp\/v2\/posts\/9087\/revisions\/9243"}],"wp:attachment":[{"href":"https:\/\/ericante.fr\/index.php?rest_route=%2Fwp%2Fv2%2Fmedia&parent=9087"}],"wp:term":[{"taxonomy":"category","embeddable":true,"href":"https:\/\/ericante.fr\/index.php?rest_route=%2Fwp%2Fv2%2Fcategories&post=9087"},{"taxonomy":"post_tag","embeddable":true,"href":"https:\/\/ericante.fr\/index.php?rest_route=%2Fwp%2Fv2%2Ftags&post=9087"}],"curies":[{"name":"wp","href":"https:\/\/api.w.org\/{rel}","templated":true}]}}