{"id":9084,"date":"2024-11-13T09:09:20","date_gmt":"2024-11-13T08:09:20","guid":{"rendered":"https:\/\/ericante.fr\/?p=9084"},"modified":"2024-11-28T07:44:42","modified_gmt":"2024-11-28T06:44:42","slug":"de-lerdre-a-la-loire-du-ponton-ile-versailles-au-ponton-belem-le-jeudi-29-aout-2024","status":"publish","type":"post","link":"https:\/\/ericante.fr\/?p=9084","title":{"rendered":"De l&rsquo;Erdre \u00e0 la Loire : du Ponton Ile Versailles au ponton Belem le jeudi 29 ao\u00fbt 2024"},"content":{"rendered":"<p style=\"text-align: justify;\">Ce jour est important nous allons passer la derni\u00e8re \u00e9cluse St F\u00e9lix s\u00e9parant l&rsquo;Erdre de la Loire. Le passage est programm\u00e9 avec l&rsquo;\u00e9clusier \u00e0 mar\u00e9e haute \u00e0 15h 30.<\/p>\n<p style=\"text-align: justify;\">A 15h 10 les cuves de MegaWatt sont remplies de 120 litres de gasoil avec la pompe du ponton de l&rsquo;Ile Versailles facile d&rsquo;acc\u00e8s. Puis MegaWatt s&rsquo;engage dans le long tunnel de 900 m\u00e8tres de Saint F\u00e9lix. Quelques ronds plus tard devant l&rsquo;\u00e9cluse pour laisser passer les bateaux remontant et nous voici dans cette grande \u00e9cluse impressionnante.<\/p>\n<p>&nbsp; <a href=\"https:\/\/ericante.fr\/?attachment_id=9114\"><img loading=\"lazy\" decoding=\"async\" class=\"alignnone size-medium wp-image-9114\" src=\"https:\/\/ericante.fr\/wp-content\/uploads\/2024\/11\/2024-8-29-Tunnel-de-Nantes--300x225.jpg\" alt=\"\" width=\"300\" height=\"225\" srcset=\"https:\/\/ericante.fr\/wp-content\/uploads\/2024\/11\/2024-8-29-Tunnel-de-Nantes--300x225.jpg 300w, https:\/\/ericante.fr\/wp-content\/uploads\/2024\/11\/2024-8-29-Tunnel-de-Nantes--768x576.jpg 768w, https:\/\/ericante.fr\/wp-content\/uploads\/2024\/11\/2024-8-29-Tunnel-de-Nantes-.jpg 850w\" sizes=\"auto, (max-width: 300px) 100vw, 300px\" \/><\/a> <a href=\"https:\/\/ericante.fr\/?attachment_id=9115\"><img loading=\"lazy\" decoding=\"async\" class=\"alignnone size-medium wp-image-9115\" src=\"https:\/\/ericante.fr\/wp-content\/uploads\/2024\/11\/2024-8-29-Derniere-Ecluse-300x225.jpeg\" alt=\"\" width=\"300\" height=\"225\" srcset=\"https:\/\/ericante.fr\/wp-content\/uploads\/2024\/11\/2024-8-29-Derniere-Ecluse-300x225.jpeg 300w, https:\/\/ericante.fr\/wp-content\/uploads\/2024\/11\/2024-8-29-Derniere-Ecluse-768x576.jpeg 768w, https:\/\/ericante.fr\/wp-content\/uploads\/2024\/11\/2024-8-29-Derniere-Ecluse.jpeg 850w\" sizes=\"auto, (max-width: 300px) 100vw, 300px\" \/><\/a><\/p>\n<p><a href=\"https:\/\/ericante.fr\/?attachment_id=9116\"><img loading=\"lazy\" decoding=\"async\" class=\" wp-image-9116 aligncenter\" src=\"https:\/\/ericante.fr\/wp-content\/uploads\/2024\/11\/2024-8-29-La-grande-ecluse-vers-la-Loire-300x225.jpg\" alt=\"\" width=\"359\" height=\"269\" srcset=\"https:\/\/ericante.fr\/wp-content\/uploads\/2024\/11\/2024-8-29-La-grande-ecluse-vers-la-Loire-300x225.jpg 300w, https:\/\/ericante.fr\/wp-content\/uploads\/2024\/11\/2024-8-29-La-grande-ecluse-vers-la-Loire-768x576.jpg 768w, https:\/\/ericante.fr\/wp-content\/uploads\/2024\/11\/2024-8-29-La-grande-ecluse-vers-la-Loire.jpg 850w\" sizes=\"auto, (max-width: 359px) 100vw, 359px\" \/><\/a><\/p>\n<p style=\"text-align: justify;\">A 16h 20 MegaWatt est sur la Loire et 1\/4 d&rsquo;heure plus tard amarr\u00e9 au ponton Belem o\u00f9 le courant descendant se fait bien sentir. Les remous de bateaux \u00e0 passagers allant \u00e0 Trentemoult peuvent \u00eatre assez forts.<\/p>\n<p><a href=\"https:\/\/ericante.fr\/?attachment_id=9117\"><img loading=\"lazy\" decoding=\"async\" class=\"size-medium wp-image-9117 aligncenter\" src=\"https:\/\/ericante.fr\/wp-content\/uploads\/2024\/11\/2024-8-30-Le-ponton-Belam-a-Nantes-225x300.jpg\" alt=\"\" width=\"225\" height=\"300\" srcset=\"https:\/\/ericante.fr\/wp-content\/uploads\/2024\/11\/2024-8-30-Le-ponton-Belam-a-Nantes-225x300.jpg 225w, https:\/\/ericante.fr\/wp-content\/uploads\/2024\/11\/2024-8-30-Le-ponton-Belam-a-Nantes.jpg 638w\" sizes=\"auto, (max-width: 225px) 100vw, 225px\" \/><\/a><\/p>\n<p style=\"text-align: justify;\">Nous profitons de notre nouvelle position \u00e0 Nantes pour aller visiter le jardin extraordinaire et ses cascades. Le belv\u00e9d\u00e8re le dominant est remarquable.<\/p>\n<p><a href=\"https:\/\/ericante.fr\/?attachment_id=9119\"><img loading=\"lazy\" decoding=\"async\" class=\"alignnone wp-image-9119\" src=\"https:\/\/ericante.fr\/wp-content\/uploads\/2024\/11\/2024-8-31-Descente-vers-le-Jardin-Extraordinnaire-225x300.jpg\" alt=\"\" width=\"185\" height=\"247\" srcset=\"https:\/\/ericante.fr\/wp-content\/uploads\/2024\/11\/2024-8-31-Descente-vers-le-Jardin-Extraordinnaire-225x300.jpg 225w, https:\/\/ericante.fr\/wp-content\/uploads\/2024\/11\/2024-8-31-Descente-vers-le-Jardin-Extraordinnaire.jpg 638w\" sizes=\"auto, (max-width: 185px) 100vw, 185px\" \/><\/a> <a href=\"https:\/\/ericante.fr\/?attachment_id=9120\"><img loading=\"lazy\" decoding=\"async\" class=\"alignnone wp-image-9120\" src=\"https:\/\/ericante.fr\/wp-content\/uploads\/2024\/11\/2024-8-31-La-cascade-du-jardin-extraordinnaire-225x300.jpg\" alt=\"\" width=\"175\" height=\"233\" srcset=\"https:\/\/ericante.fr\/wp-content\/uploads\/2024\/11\/2024-8-31-La-cascade-du-jardin-extraordinnaire-225x300.jpg 225w, https:\/\/ericante.fr\/wp-content\/uploads\/2024\/11\/2024-8-31-La-cascade-du-jardin-extraordinnaire.jpg 638w\" sizes=\"auto, (max-width: 175px) 100vw, 175px\" \/><\/a> <a href=\"https:\/\/ericante.fr\/?attachment_id=9118\"><img loading=\"lazy\" decoding=\"async\" class=\"alignnone wp-image-9118\" src=\"https:\/\/ericante.fr\/wp-content\/uploads\/2024\/11\/2024-8-31-Ante-admire-la-cascade-225x300.jpeg\" alt=\"\" width=\"148\" height=\"198\" srcset=\"https:\/\/ericante.fr\/wp-content\/uploads\/2024\/11\/2024-8-31-Ante-admire-la-cascade-225x300.jpeg 225w, https:\/\/ericante.fr\/wp-content\/uploads\/2024\/11\/2024-8-31-Ante-admire-la-cascade.jpeg 638w\" sizes=\"auto, (max-width: 148px) 100vw, 148px\" \/><\/a> <a href=\"https:\/\/ericante.fr\/?attachment_id=9122\"><img loading=\"lazy\" decoding=\"async\" class=\"alignnone wp-image-9122\" src=\"https:\/\/ericante.fr\/wp-content\/uploads\/2024\/11\/2024-8-31-Le-belvedere-225x300.jpg\" alt=\"\" width=\"117\" height=\"156\" srcset=\"https:\/\/ericante.fr\/wp-content\/uploads\/2024\/11\/2024-8-31-Le-belvedere-225x300.jpg 225w, https:\/\/ericante.fr\/wp-content\/uploads\/2024\/11\/2024-8-31-Le-belvedere.jpg 638w\" sizes=\"auto, (max-width: 117px) 100vw, 117px\" \/><\/a><\/p>\n<p>&nbsp;<\/p>\n<p style=\"text-align: justify;\">&nbsp;<\/p>\n<p>&nbsp;<\/p>\n","protected":false},"excerpt":{"rendered":"<p>Ce jour est important nous allons passer la derni\u00e8re \u00e9cluse St F\u00e9lix s\u00e9parant l&rsquo;Erdre de la Loire. Le passage est programm\u00e9 avec l&rsquo;\u00e9clusier \u00e0 mar\u00e9e haute \u00e0 15h 30. A 15h 10 les cuves de MegaWatt sont remplies de 120 &hellip; <a href=\"https:\/\/ericante.fr\/?p=9084\">Continuer la lecture <span class=\"meta-nav\">&rarr;<\/span><\/a><\/p>\n","protected":false},"author":1,"featured_media":0,"comment_status":"open","ping_status":"open","sticky":false,"template":"","format":"standard","meta":{"_monsterinsights_skip_tracking":false,"_monsterinsights_sitenote_active":false,"_monsterinsights_sitenote_note":"","_monsterinsights_sitenote_category":0,"_uf_show_specific_survey":0,"_uf_disable_surveys":false,"footnotes":""},"categories":[12],"tags":[676],"class_list":["post-9084","post","type-post","status-publish","format-standard","hentry","category-france","tag-nantes"],"_links":{"self":[{"href":"https:\/\/ericante.fr\/index.php?rest_route=\/wp\/v2\/posts\/9084","targetHints":{"allow":["GET"]}}],"collection":[{"href":"https:\/\/ericante.fr\/index.php?rest_route=\/wp\/v2\/posts"}],"about":[{"href":"https:\/\/ericante.fr\/index.php?rest_route=\/wp\/v2\/types\/post"}],"author":[{"embeddable":true,"href":"https:\/\/ericante.fr\/index.php?rest_route=\/wp\/v2\/users\/1"}],"replies":[{"embeddable":true,"href":"https:\/\/ericante.fr\/index.php?rest_route=%2Fwp%2Fv2%2Fcomments&post=9084"}],"version-history":[{"count":5,"href":"https:\/\/ericante.fr\/index.php?rest_route=\/wp\/v2\/posts\/9084\/revisions"}],"predecessor-version":[{"id":9143,"href":"https:\/\/ericante.fr\/index.php?rest_route=\/wp\/v2\/posts\/9084\/revisions\/9143"}],"wp:attachment":[{"href":"https:\/\/ericante.fr\/index.php?rest_route=%2Fwp%2Fv2%2Fmedia&parent=9084"}],"wp:term":[{"taxonomy":"category","embeddable":true,"href":"https:\/\/ericante.fr\/index.php?rest_route=%2Fwp%2Fv2%2Fcategories&post=9084"},{"taxonomy":"post_tag","embeddable":true,"href":"https:\/\/ericante.fr\/index.php?rest_route=%2Fwp%2Fv2%2Ftags&post=9084"}],"curies":[{"name":"wp","href":"https:\/\/api.w.org\/{rel}","templated":true}]}}