{"id":8968,"date":"2024-11-11T10:04:14","date_gmt":"2024-11-11T09:04:14","guid":{"rendered":"https:\/\/ericante.fr\/?p=8968"},"modified":"2024-11-28T07:53:15","modified_gmt":"2024-11-28T06:53:15","slug":"de-suce-sur-erdre-au-port-ile-versailles-nantes-le-jeudi-22-aout-2024","status":"publish","type":"post","link":"https:\/\/ericante.fr\/?p=8968","title":{"rendered":"De Suc\u00e9 sur Erdre  au port Ile Versailles Nantes le jeudi 22 ao\u00fbt 2024"},"content":{"rendered":"<p style=\"text-align: justify;\">Apr\u00e8s deux jours dans ce lieu r\u00e9sidentiel et confortable, \u00e0 9h 30 nous entamons une derni\u00e8re \u00e9tape avant Nantes. Le capitaine s&rsquo;est assur\u00e9 par t\u00e9l\u00e9phone \u00e0 la capitainerie de la disponibilit\u00e9 d&rsquo;une place.<\/p>\n<p><a href=\"https:\/\/ericante.fr\/?attachment_id=9100\"><img loading=\"lazy\" decoding=\"async\" class=\"alignnone size-medium wp-image-9100 aligncenter\" src=\"https:\/\/ericante.fr\/wp-content\/uploads\/2024\/11\/2024-8-22-Depart-de-Suce-sur-Erdre-300x225.jpg\" alt=\"\" width=\"300\" height=\"225\" srcset=\"https:\/\/ericante.fr\/wp-content\/uploads\/2024\/11\/2024-8-22-Depart-de-Suce-sur-Erdre-300x225.jpg 300w, https:\/\/ericante.fr\/wp-content\/uploads\/2024\/11\/2024-8-22-Depart-de-Suce-sur-Erdre-768x576.jpg 768w, https:\/\/ericante.fr\/wp-content\/uploads\/2024\/11\/2024-8-22-Depart-de-Suce-sur-Erdre.jpg 850w\" sizes=\"auto, (max-width: 300px) 100vw, 300px\" \/><\/a><\/p>\n<p style=\"text-align: justify;\">Des ch\u00e2teaux immenses, vestiges de la belle \u00e9poque de Nantes, apparaissent derri\u00e8re de grands arbres. La qui\u00e9tude du site est pr\u00e9gnante.<\/p>\n<p>&nbsp; &nbsp; &nbsp; <a href=\"https:\/\/ericante.fr\/?attachment_id=9092\"><img loading=\"lazy\" decoding=\"async\" class=\"alignnone size-medium wp-image-9092\" src=\"https:\/\/ericante.fr\/wp-content\/uploads\/2024\/11\/2024-8-22-Chateau-au-bord-de-LErdre-300x225.jpg\" alt=\"\" width=\"300\" height=\"225\" srcset=\"https:\/\/ericante.fr\/wp-content\/uploads\/2024\/11\/2024-8-22-Chateau-au-bord-de-LErdre-300x225.jpg 300w, https:\/\/ericante.fr\/wp-content\/uploads\/2024\/11\/2024-8-22-Chateau-au-bord-de-LErdre-768x576.jpg 768w, https:\/\/ericante.fr\/wp-content\/uploads\/2024\/11\/2024-8-22-Chateau-au-bord-de-LErdre.jpg 850w\" sizes=\"auto, (max-width: 300px) 100vw, 300px\" \/><\/a> <a href=\"https:\/\/ericante.fr\/?attachment_id=9098\"><img loading=\"lazy\" decoding=\"async\" class=\"alignnone size-medium wp-image-9098\" src=\"https:\/\/ericante.fr\/wp-content\/uploads\/2024\/11\/2024-8-22-grand-chateau-au-bord-de-lErdreJPG-300x225.jpg\" alt=\"\" width=\"300\" height=\"225\" srcset=\"https:\/\/ericante.fr\/wp-content\/uploads\/2024\/11\/2024-8-22-grand-chateau-au-bord-de-lErdreJPG-300x225.jpg 300w, https:\/\/ericante.fr\/wp-content\/uploads\/2024\/11\/2024-8-22-grand-chateau-au-bord-de-lErdreJPG-768x576.jpg 768w, https:\/\/ericante.fr\/wp-content\/uploads\/2024\/11\/2024-8-22-grand-chateau-au-bord-de-lErdreJPG.jpg 850w\" sizes=\"auto, (max-width: 300px) 100vw, 300px\" \/><\/a><\/p>\n<p style=\"text-align: justify;\">Quelques amoureux de la voile tirent des bords sur des voiliers l\u00e9gers et la toue d\u00e9di\u00e9e \u00e0 la d\u00e9couverte de l&rsquo;Erdre par les touristes se fond dans le paysage.&nbsp;<\/p>\n<p>&nbsp; &nbsp; &nbsp; <a href=\"https:\/\/ericante.fr\/?attachment_id=9093\"><img loading=\"lazy\" decoding=\"async\" class=\"alignnone size-medium wp-image-9093\" src=\"https:\/\/ericante.fr\/wp-content\/uploads\/2024\/11\/2024-8-22-voiliers-sur-lErdre-300x225.jpg\" alt=\"\" width=\"300\" height=\"225\" srcset=\"https:\/\/ericante.fr\/wp-content\/uploads\/2024\/11\/2024-8-22-voiliers-sur-lErdre-300x225.jpg 300w, https:\/\/ericante.fr\/wp-content\/uploads\/2024\/11\/2024-8-22-voiliers-sur-lErdre-768x576.jpg 768w, https:\/\/ericante.fr\/wp-content\/uploads\/2024\/11\/2024-8-22-voiliers-sur-lErdre.jpg 850w\" sizes=\"auto, (max-width: 300px) 100vw, 300px\" \/><\/a> <a href=\"https:\/\/ericante.fr\/?attachment_id=9094\"><img loading=\"lazy\" decoding=\"async\" class=\"alignnone size-medium wp-image-9094\" src=\"https:\/\/ericante.fr\/wp-content\/uploads\/2024\/11\/2024-8-22-Ecole-de-voile-sur-lErdre-300x225.jpeg\" alt=\"\" width=\"300\" height=\"225\" srcset=\"https:\/\/ericante.fr\/wp-content\/uploads\/2024\/11\/2024-8-22-Ecole-de-voile-sur-lErdre-300x225.jpeg 300w, https:\/\/ericante.fr\/wp-content\/uploads\/2024\/11\/2024-8-22-Ecole-de-voile-sur-lErdre-768x576.jpeg 768w, https:\/\/ericante.fr\/wp-content\/uploads\/2024\/11\/2024-8-22-Ecole-de-voile-sur-lErdre.jpeg 850w\" sizes=\"auto, (max-width: 300px) 100vw, 300px\" \/><\/a><\/p>\n<p style=\"text-align: justify;\">Un peu avant 13h MegaWatt est amarr\u00e9 au ponton de l&rsquo;\u00eele Versailles \u00e0 Nantes. Nous sommes surpris par le peu d&rsquo;activit\u00e9 en cette saison dans un lieu si propice au tourisme.<\/p>\n<p><a href=\"https:\/\/ericante.fr\/?attachment_id=9095\"><img loading=\"lazy\" decoding=\"async\" class=\"size-medium wp-image-9095 aligncenter\" src=\"https:\/\/ericante.fr\/wp-content\/uploads\/2024\/11\/2024-8-22-Megawatt-seul-sur-le-ponton-visiteur-300x225.jpg\" alt=\"\" width=\"300\" height=\"225\" srcset=\"https:\/\/ericante.fr\/wp-content\/uploads\/2024\/11\/2024-8-22-Megawatt-seul-sur-le-ponton-visiteur-300x225.jpg 300w, https:\/\/ericante.fr\/wp-content\/uploads\/2024\/11\/2024-8-22-Megawatt-seul-sur-le-ponton-visiteur-768x576.jpg 768w, https:\/\/ericante.fr\/wp-content\/uploads\/2024\/11\/2024-8-22-Megawatt-seul-sur-le-ponton-visiteur.jpg 850w\" sizes=\"auto, (max-width: 300px) 100vw, 300px\" \/><\/a><\/p>\n<p style=\"text-align: justify;\">La cousine d&rsquo;Eric nous rejoint et nous programmons ensemble la visite du ch\u00e2teau de Nantes pour le lendemain.&nbsp;&nbsp;<\/p>\n<p>&nbsp; &nbsp; &nbsp;<a href=\"https:\/\/ericante.fr\/?attachment_id=9097\"><img loading=\"lazy\" decoding=\"async\" class=\"alignnone wp-image-9097\" src=\"https:\/\/ericante.fr\/wp-content\/uploads\/2024\/11\/2024-8-23-Le-Chateau-de-Nantes-225x300.jpg\" alt=\"\" width=\"269\" height=\"359\" srcset=\"https:\/\/ericante.fr\/wp-content\/uploads\/2024\/11\/2024-8-23-Le-Chateau-de-Nantes-225x300.jpg 225w, https:\/\/ericante.fr\/wp-content\/uploads\/2024\/11\/2024-8-23-Le-Chateau-de-Nantes.jpg 638w\" sizes=\"auto, (max-width: 269px) 100vw, 269px\" \/><\/a>&nbsp; <a href=\"https:\/\/ericante.fr\/?attachment_id=9096\"><img loading=\"lazy\" decoding=\"async\" class=\"alignnone wp-image-9096\" src=\"https:\/\/ericante.fr\/wp-content\/uploads\/2024\/11\/2024-8-23-Marie-Dominique-au-chateau-de-Nantes-300x225.jpg\" alt=\"\" width=\"335\" height=\"251\" srcset=\"https:\/\/ericante.fr\/wp-content\/uploads\/2024\/11\/2024-8-23-Marie-Dominique-au-chateau-de-Nantes-300x225.jpg 300w, https:\/\/ericante.fr\/wp-content\/uploads\/2024\/11\/2024-8-23-Marie-Dominique-au-chateau-de-Nantes-768x576.jpg 768w, https:\/\/ericante.fr\/wp-content\/uploads\/2024\/11\/2024-8-23-Marie-Dominique-au-chateau-de-Nantes.jpg 850w\" sizes=\"auto, (max-width: 335px) 100vw, 335px\" \/><\/a><\/p>\n<p style=\"text-align: justify;\">La ville d\u00e9sencombr\u00e9e des voitures est agr\u00e9able. Nous suivons la ligne verte trac\u00e9e sur le sol (20 km) qui permet de d\u00e9couvrir les attractions culturelles, commerciales et naturelles de cette cit\u00e9. Nous l&rsquo;appr\u00e9cions. Sans doute que la p\u00e9riode estivale contribue \u00e0 l&rsquo;ambiance d\u00e9tendue.&nbsp; Le passage pommeraye comble nos envies de shopping. Le march\u00e9 couvert de Talensac, tout proche du port, est un incontournable et ravit les papilles en mets frais. Les anciens locaux de la biscuiterie LU sont devenus le Lieu Unique, un espace culturel ouvert. Nantes nous pla\u00eet malgr\u00e9 les avions qui la survolent.&nbsp;<\/p>\n<p>&nbsp; &nbsp; &nbsp; &nbsp; &nbsp; &nbsp; &nbsp; &nbsp; &nbsp; &nbsp; &nbsp; &nbsp; <a href=\"https:\/\/ericante.fr\/?attachment_id=9104\"><img loading=\"lazy\" decoding=\"async\" class=\"alignnone size-medium wp-image-9104\" src=\"https:\/\/ericante.fr\/wp-content\/uploads\/2024\/11\/2024-8-24-Le-passage-Pommeraye-225x300.jpg\" alt=\"\" width=\"225\" height=\"300\" srcset=\"https:\/\/ericante.fr\/wp-content\/uploads\/2024\/11\/2024-8-24-Le-passage-Pommeraye-225x300.jpg 225w, https:\/\/ericante.fr\/wp-content\/uploads\/2024\/11\/2024-8-24-Le-passage-Pommeraye.jpg 638w\" sizes=\"auto, (max-width: 225px) 100vw, 225px\" \/><\/a>&nbsp; &nbsp; &nbsp; <a href=\"https:\/\/ericante.fr\/?attachment_id=9103\"><img loading=\"lazy\" decoding=\"async\" class=\"alignnone size-medium wp-image-9103\" src=\"https:\/\/ericante.fr\/wp-content\/uploads\/2024\/11\/2024-24-Passage-PommerayeJPG-225x300.jpg\" alt=\"\" width=\"225\" height=\"300\" srcset=\"https:\/\/ericante.fr\/wp-content\/uploads\/2024\/11\/2024-24-Passage-PommerayeJPG-225x300.jpg 225w, https:\/\/ericante.fr\/wp-content\/uploads\/2024\/11\/2024-24-Passage-PommerayeJPG.jpg 638w\" sizes=\"auto, (max-width: 225px) 100vw, 225px\" \/><\/a><\/p>\n<p><a href=\"https:\/\/ericante.fr\/?attachment_id=9109\"><img loading=\"lazy\" decoding=\"async\" class=\"alignnone wp-image-9109\" src=\"https:\/\/ericante.fr\/wp-content\/uploads\/2024\/11\/2024-8-24-Nantes-300x225.jpg\" alt=\"\" width=\"397\" height=\"298\" srcset=\"https:\/\/ericante.fr\/wp-content\/uploads\/2024\/11\/2024-8-24-Nantes-300x225.jpg 300w, https:\/\/ericante.fr\/wp-content\/uploads\/2024\/11\/2024-8-24-Nantes-768x576.jpg 768w, https:\/\/ericante.fr\/wp-content\/uploads\/2024\/11\/2024-8-24-Nantes.jpg 850w\" sizes=\"auto, (max-width: 397px) 100vw, 397px\" \/><\/a> <a href=\"https:\/\/ericante.fr\/?attachment_id=9110\"><img loading=\"lazy\" decoding=\"async\" class=\"alignnone size-medium wp-image-9110\" src=\"https:\/\/ericante.fr\/wp-content\/uploads\/2024\/11\/2024-8-26-tour-LU-225x300.jpg\" alt=\"\" width=\"225\" height=\"300\" srcset=\"https:\/\/ericante.fr\/wp-content\/uploads\/2024\/11\/2024-8-26-tour-LU-225x300.jpg 225w, https:\/\/ericante.fr\/wp-content\/uploads\/2024\/11\/2024-8-26-tour-LU.jpg 768w\" sizes=\"auto, (max-width: 225px) 100vw, 225px\" \/><\/a><\/p>\n","protected":false},"excerpt":{"rendered":"<p>Apr\u00e8s deux jours dans ce lieu r\u00e9sidentiel et confortable, \u00e0 9h 30 nous entamons une derni\u00e8re \u00e9tape avant Nantes. Le capitaine s&rsquo;est assur\u00e9 par t\u00e9l\u00e9phone \u00e0 la capitainerie de la disponibilit\u00e9 d&rsquo;une place. Des ch\u00e2teaux immenses, vestiges de la belle &hellip; <a href=\"https:\/\/ericante.fr\/?p=8968\">Continuer la lecture <span class=\"meta-nav\">&rarr;<\/span><\/a><\/p>\n","protected":false},"author":1,"featured_media":0,"comment_status":"open","ping_status":"open","sticky":false,"template":"","format":"standard","meta":{"_monsterinsights_skip_tracking":false,"_monsterinsights_sitenote_active":false,"_monsterinsights_sitenote_note":"","_monsterinsights_sitenote_category":0,"_uf_show_specific_survey":0,"_uf_disable_surveys":false,"footnotes":""},"categories":[12],"tags":[677,676],"class_list":["post-8968","post","type-post","status-publish","format-standard","hentry","category-france","tag-ile-de-versailles","tag-nantes"],"_links":{"self":[{"href":"https:\/\/ericante.fr\/index.php?rest_route=\/wp\/v2\/posts\/8968","targetHints":{"allow":["GET"]}}],"collection":[{"href":"https:\/\/ericante.fr\/index.php?rest_route=\/wp\/v2\/posts"}],"about":[{"href":"https:\/\/ericante.fr\/index.php?rest_route=\/wp\/v2\/types\/post"}],"author":[{"embeddable":true,"href":"https:\/\/ericante.fr\/index.php?rest_route=\/wp\/v2\/users\/1"}],"replies":[{"embeddable":true,"href":"https:\/\/ericante.fr\/index.php?rest_route=%2Fwp%2Fv2%2Fcomments&post=8968"}],"version-history":[{"count":5,"href":"https:\/\/ericante.fr\/index.php?rest_route=\/wp\/v2\/posts\/8968\/revisions"}],"predecessor-version":[{"id":9146,"href":"https:\/\/ericante.fr\/index.php?rest_route=\/wp\/v2\/posts\/8968\/revisions\/9146"}],"wp:attachment":[{"href":"https:\/\/ericante.fr\/index.php?rest_route=%2Fwp%2Fv2%2Fmedia&parent=8968"}],"wp:term":[{"taxonomy":"category","embeddable":true,"href":"https:\/\/ericante.fr\/index.php?rest_route=%2Fwp%2Fv2%2Fcategories&post=8968"},{"taxonomy":"post_tag","embeddable":true,"href":"https:\/\/ericante.fr\/index.php?rest_route=%2Fwp%2Fv2%2Ftags&post=8968"}],"curies":[{"name":"wp","href":"https:\/\/api.w.org\/{rel}","templated":true}]}}