{"id":8944,"date":"2024-11-09T08:58:44","date_gmt":"2024-11-09T07:58:44","guid":{"rendered":"https:\/\/ericante.fr\/?p=8944"},"modified":"2024-11-29T10:26:01","modified_gmt":"2024-11-29T09:26:01","slug":"de-nort-sur-erdre-a-suce-sur-erdre-le-mardi-20-aout-2024","status":"publish","type":"post","link":"https:\/\/ericante.fr\/?p=8944","title":{"rendered":"De Nort sur Erdre \u00e0 Suc\u00e9 sur Erdre le mardi 20 ao\u00fbt 2024"},"content":{"rendered":"<p>Au petit matin, le ciel est bleu, puis \u00e0 11 h lorsque nous quittons le port de Nort sur Erdre il s&rsquo;est couvert et une pluie orageuse se d\u00e9verse sur nous.<\/p>\n<p>Toute la navigation se fera sous une \u00ab\u00a0pluie humide et tenace\u00a0\u00bb.<\/p>\n<p><a href=\"https:\/\/ericante.fr\/?attachment_id=8958\"><img loading=\"lazy\" decoding=\"async\" class=\"alignnone size-medium wp-image-8958\" src=\"https:\/\/ericante.fr\/wp-content\/uploads\/2024\/08\/2024-8-22-Depart-dAmadeus-300x225.jpg\" alt=\"\" width=\"300\" height=\"225\" srcset=\"https:\/\/ericante.fr\/wp-content\/uploads\/2024\/08\/2024-8-22-Depart-dAmadeus-300x225.jpg 300w, https:\/\/ericante.fr\/wp-content\/uploads\/2024\/08\/2024-8-22-Depart-dAmadeus-768x576.jpg 768w, https:\/\/ericante.fr\/wp-content\/uploads\/2024\/08\/2024-8-22-Depart-dAmadeus.jpg 850w\" sizes=\"auto, (max-width: 300px) 100vw, 300px\" \/><\/a> <a href=\"https:\/\/ericante.fr\/?attachment_id=8966\"><img loading=\"lazy\" decoding=\"async\" class=\"alignnone size-medium wp-image-8966\" src=\"https:\/\/ericante.fr\/wp-content\/uploads\/2024\/08\/2024-8-20-Depart-de-Nort-sur-Erdre-300x225.jpg\" alt=\"\" width=\"300\" height=\"225\" srcset=\"https:\/\/ericante.fr\/wp-content\/uploads\/2024\/08\/2024-8-20-Depart-de-Nort-sur-Erdre-300x225.jpg 300w, https:\/\/ericante.fr\/wp-content\/uploads\/2024\/08\/2024-8-20-Depart-de-Nort-sur-Erdre-768x576.jpg 768w, https:\/\/ericante.fr\/wp-content\/uploads\/2024\/08\/2024-8-20-Depart-de-Nort-sur-Erdre.jpg 850w\" sizes=\"auto, (max-width: 300px) 100vw, 300px\" \/><\/a><\/p>\n<p><a href=\"https:\/\/ericante.fr\/?attachment_id=8961\"><img loading=\"lazy\" decoding=\"async\" class=\"alignnone size-medium wp-image-8961\" src=\"https:\/\/ericante.fr\/wp-content\/uploads\/2024\/08\/2024-8-20-La-focardeuse-au-travail-300x225.jpg\" alt=\"\" width=\"300\" height=\"225\" srcset=\"https:\/\/ericante.fr\/wp-content\/uploads\/2024\/08\/2024-8-20-La-focardeuse-au-travail-300x225.jpg 300w, https:\/\/ericante.fr\/wp-content\/uploads\/2024\/08\/2024-8-20-La-focardeuse-au-travail-768x576.jpg 768w, https:\/\/ericante.fr\/wp-content\/uploads\/2024\/08\/2024-8-20-La-focardeuse-au-travail.jpg 850w\" sizes=\"auto, (max-width: 300px) 100vw, 300px\" \/><\/a> <a href=\"https:\/\/ericante.fr\/?attachment_id=8955\"><img loading=\"lazy\" decoding=\"async\" class=\"alignnone wp-image-8955\" src=\"https:\/\/ericante.fr\/wp-content\/uploads\/2024\/08\/2024-8-20-Voilier-sur-lerdre-et-sous-la-pluie-300x213.jpg\" alt=\"\" width=\"314\" height=\"223\" srcset=\"https:\/\/ericante.fr\/wp-content\/uploads\/2024\/08\/2024-8-20-Voilier-sur-lerdre-et-sous-la-pluie-300x213.jpg 300w, https:\/\/ericante.fr\/wp-content\/uploads\/2024\/08\/2024-8-20-Voilier-sur-lerdre-et-sous-la-pluie-768x546.jpg 768w, https:\/\/ericante.fr\/wp-content\/uploads\/2024\/08\/2024-8-20-Voilier-sur-lerdre-et-sous-la-pluie.jpg 850w\" sizes=\"auto, (max-width: 314px) 100vw, 314px\" \/><\/a><\/p>\n<p>Nous apercevons quelques beaux ch\u00e2teaux qui bordent l&rsquo;Erdre avec quelques garages \u00e0 bateau joliment con\u00e7us.<\/p>\n<p>&nbsp;<\/p>\n<p><a href=\"https:\/\/ericante.fr\/?attachment_id=8956\"><img loading=\"lazy\" decoding=\"async\" class=\"alignnone wp-image-8956\" src=\"https:\/\/ericante.fr\/wp-content\/uploads\/2024\/08\/2024-8-20-Chateau-au-bord-de-LErdre-300x208.jpg\" alt=\"\" width=\"323\" height=\"224\" srcset=\"https:\/\/ericante.fr\/wp-content\/uploads\/2024\/08\/2024-8-20-Chateau-au-bord-de-LErdre-300x208.jpg 300w, https:\/\/ericante.fr\/wp-content\/uploads\/2024\/08\/2024-8-20-Chateau-au-bord-de-LErdre-768x532.jpg 768w, https:\/\/ericante.fr\/wp-content\/uploads\/2024\/08\/2024-8-20-Chateau-au-bord-de-LErdre.jpg 850w\" sizes=\"auto, (max-width: 323px) 100vw, 323px\" \/><\/a> <a href=\"https:\/\/ericante.fr\/?attachment_id=8963\"><img loading=\"lazy\" decoding=\"async\" class=\"alignnone wp-image-8963\" src=\"https:\/\/ericante.fr\/wp-content\/uploads\/2024\/08\/2024-8-20-Grarage-a-bateau-sur-lErdre-300x239.jpg\" alt=\"\" width=\"280\" height=\"223\" srcset=\"https:\/\/ericante.fr\/wp-content\/uploads\/2024\/08\/2024-8-20-Grarage-a-bateau-sur-lErdre-300x239.jpg 300w, https:\/\/ericante.fr\/wp-content\/uploads\/2024\/08\/2024-8-20-Grarage-a-bateau-sur-lErdre-768x613.jpg 768w, https:\/\/ericante.fr\/wp-content\/uploads\/2024\/08\/2024-8-20-Grarage-a-bateau-sur-lErdre.jpg 850w\" sizes=\"auto, (max-width: 280px) 100vw, 280px\" \/><\/a><\/p>\n<p>A 15h, Megawatt est amarr\u00e9, sous le soleil, le long du ponton visiteurs de Suc\u00e9 sur Erdre . Un premier port avant le pont est r\u00e9serv\u00e9 \u00e0 la base de location qui g\u00e8re \u00e9galement la capitainerie. C&rsquo;est petit, propre et accueillant.<\/p>\n<p><a href=\"https:\/\/ericante.fr\/?attachment_id=9072\"><img loading=\"lazy\" decoding=\"async\" class=\"size-medium wp-image-9072 aligncenter\" src=\"https:\/\/ericante.fr\/wp-content\/uploads\/2024\/11\/2024-8-20-Le-pont-de-Suce-300x225.jpg\" alt=\"\" width=\"300\" height=\"225\" srcset=\"https:\/\/ericante.fr\/wp-content\/uploads\/2024\/11\/2024-8-20-Le-pont-de-Suce-300x225.jpg 300w, https:\/\/ericante.fr\/wp-content\/uploads\/2024\/11\/2024-8-20-Le-pont-de-Suce-768x576.jpg 768w, https:\/\/ericante.fr\/wp-content\/uploads\/2024\/11\/2024-8-20-Le-pont-de-Suce.jpg 850w\" sizes=\"auto, (max-width: 300px) 100vw, 300px\" \/><\/a><\/p>\n<p><a href=\"https:\/\/ericante.fr\/?attachment_id=8962\"><img loading=\"lazy\" decoding=\"async\" class=\"alignnone size-medium wp-image-8962\" src=\"https:\/\/ericante.fr\/wp-content\/uploads\/2024\/08\/2024-8-21-Le-port-de-Suce-sue-Erdre-300x225.jpg\" alt=\"\" width=\"300\" height=\"225\" srcset=\"https:\/\/ericante.fr\/wp-content\/uploads\/2024\/08\/2024-8-21-Le-port-de-Suce-sue-Erdre-300x225.jpg 300w, https:\/\/ericante.fr\/wp-content\/uploads\/2024\/08\/2024-8-21-Le-port-de-Suce-sue-Erdre-768x576.jpg 768w, https:\/\/ericante.fr\/wp-content\/uploads\/2024\/08\/2024-8-21-Le-port-de-Suce-sue-Erdre.jpg 850w\" sizes=\"auto, (max-width: 300px) 100vw, 300px\" \/><\/a> <a href=\"https:\/\/ericante.fr\/?attachment_id=8964\"><img loading=\"lazy\" decoding=\"async\" class=\"alignnone size-medium wp-image-8964\" src=\"https:\/\/ericante.fr\/wp-content\/uploads\/2024\/08\/2024-8-20-Suce-sur-Erdre-300x225.jpg\" alt=\"\" width=\"300\" height=\"225\" srcset=\"https:\/\/ericante.fr\/wp-content\/uploads\/2024\/08\/2024-8-20-Suce-sur-Erdre-300x225.jpg 300w, https:\/\/ericante.fr\/wp-content\/uploads\/2024\/08\/2024-8-20-Suce-sur-Erdre-768x576.jpg 768w, https:\/\/ericante.fr\/wp-content\/uploads\/2024\/08\/2024-8-20-Suce-sur-Erdre.jpg 850w\" sizes=\"auto, (max-width: 300px) 100vw, 300px\" \/><\/a><\/p>\n<p><a href=\"https:\/\/ericante.fr\/?attachment_id=8959\"><img loading=\"lazy\" decoding=\"async\" class=\"size-medium wp-image-8959 aligncenter\" src=\"https:\/\/ericante.fr\/wp-content\/uploads\/2024\/08\/2024-8-21-Un-vieux-bateau-de-regate-en-acier-225x300.jpeg\" alt=\"\" width=\"225\" height=\"300\" srcset=\"https:\/\/ericante.fr\/wp-content\/uploads\/2024\/08\/2024-8-21-Un-vieux-bateau-de-regate-en-acier-225x300.jpeg 225w, https:\/\/ericante.fr\/wp-content\/uploads\/2024\/08\/2024-8-21-Un-vieux-bateau-de-regate-en-acier.jpeg 638w\" sizes=\"auto, (max-width: 225px) 100vw, 225px\" \/><\/a><\/p>\n<p><a href=\"https:\/\/ericante.fr\/?attachment_id=8960\"><img loading=\"lazy\" decoding=\"async\" class=\"alignnone wp-image-8960\" src=\"https:\/\/ericante.fr\/wp-content\/uploads\/2024\/08\/2024-8-21-Ante-sur-un-pont-225x300.jpeg\" alt=\"\" width=\"212\" height=\"283\" srcset=\"https:\/\/ericante.fr\/wp-content\/uploads\/2024\/08\/2024-8-21-Ante-sur-un-pont-225x300.jpeg 225w, https:\/\/ericante.fr\/wp-content\/uploads\/2024\/08\/2024-8-21-Ante-sur-un-pont.jpeg 768w\" sizes=\"auto, (max-width: 212px) 100vw, 212px\" \/><\/a> <a href=\"https:\/\/ericante.fr\/?attachment_id=8965\"><img loading=\"lazy\" decoding=\"async\" class=\"alignnone wp-image-8965\" src=\"https:\/\/ericante.fr\/wp-content\/uploads\/2024\/08\/2024-8-21-La-maison-de-Blanche-Neige-300x225.jpg\" alt=\"\" width=\"376\" height=\"282\" srcset=\"https:\/\/ericante.fr\/wp-content\/uploads\/2024\/08\/2024-8-21-La-maison-de-Blanche-Neige-300x225.jpg 300w, https:\/\/ericante.fr\/wp-content\/uploads\/2024\/08\/2024-8-21-La-maison-de-Blanche-Neige-768x576.jpg 768w, https:\/\/ericante.fr\/wp-content\/uploads\/2024\/08\/2024-8-21-La-maison-de-Blanche-Neige.jpg 850w\" sizes=\"auto, (max-width: 376px) 100vw, 376px\" \/><\/a><\/p>\n<p><a href=\"https:\/\/ericante.fr\/?attachment_id=8954\"><img loading=\"lazy\" decoding=\"async\" class=\"alignnone wp-image-8954\" src=\"https:\/\/ericante.fr\/wp-content\/uploads\/2024\/08\/2024-8-21-Jardin-de-blanche-neige-1-225x300.jpg\" alt=\"\" width=\"136\" height=\"181\" srcset=\"https:\/\/ericante.fr\/wp-content\/uploads\/2024\/08\/2024-8-21-Jardin-de-blanche-neige-1-225x300.jpg 225w, https:\/\/ericante.fr\/wp-content\/uploads\/2024\/08\/2024-8-21-Jardin-de-blanche-neige-1.jpg 768w\" sizes=\"auto, (max-width: 136px) 100vw, 136px\" \/><\/a> <a href=\"https:\/\/ericante.fr\/?attachment_id=8953\"><img loading=\"lazy\" decoding=\"async\" class=\"alignnone wp-image-8953\" src=\"https:\/\/ericante.fr\/wp-content\/uploads\/2024\/08\/2024-8-21-Jardin-de-Blanche-Neige-3-300x225.jpg\" alt=\"\" width=\"176\" height=\"132\" srcset=\"https:\/\/ericante.fr\/wp-content\/uploads\/2024\/08\/2024-8-21-Jardin-de-Blanche-Neige-3-300x225.jpg 300w, https:\/\/ericante.fr\/wp-content\/uploads\/2024\/08\/2024-8-21-Jardin-de-Blanche-Neige-3-768x576.jpg 768w, https:\/\/ericante.fr\/wp-content\/uploads\/2024\/08\/2024-8-21-Jardin-de-Blanche-Neige-3.jpg 850w\" sizes=\"auto, (max-width: 176px) 100vw, 176px\" \/><\/a> <a href=\"https:\/\/ericante.fr\/?attachment_id=8952\"><img loading=\"lazy\" decoding=\"async\" class=\"alignnone wp-image-8952\" src=\"https:\/\/ericante.fr\/wp-content\/uploads\/2024\/08\/2024-8-21-Jardin-de-Blanche-neige-2-300x225.jpg\" alt=\"\" width=\"160\" height=\"120\" srcset=\"https:\/\/ericante.fr\/wp-content\/uploads\/2024\/08\/2024-8-21-Jardin-de-Blanche-neige-2-300x225.jpg 300w, https:\/\/ericante.fr\/wp-content\/uploads\/2024\/08\/2024-8-21-Jardin-de-Blanche-neige-2-768x576.jpg 768w, https:\/\/ericante.fr\/wp-content\/uploads\/2024\/08\/2024-8-21-Jardin-de-Blanche-neige-2.jpg 850w\" sizes=\"auto, (max-width: 160px) 100vw, 160px\" \/><\/a> <a href=\"https:\/\/ericante.fr\/?attachment_id=8951\"><img loading=\"lazy\" decoding=\"async\" class=\"alignnone wp-image-8951\" src=\"https:\/\/ericante.fr\/wp-content\/uploads\/2024\/08\/2024-8-21-Jadin-de-Blanche-Neige-4-300x225.jpg\" alt=\"\" width=\"132\" height=\"99\" srcset=\"https:\/\/ericante.fr\/wp-content\/uploads\/2024\/08\/2024-8-21-Jadin-de-Blanche-Neige-4-300x225.jpg 300w, https:\/\/ericante.fr\/wp-content\/uploads\/2024\/08\/2024-8-21-Jadin-de-Blanche-Neige-4-768x576.jpg 768w, https:\/\/ericante.fr\/wp-content\/uploads\/2024\/08\/2024-8-21-Jadin-de-Blanche-Neige-4.jpg 850w\" sizes=\"auto, (max-width: 132px) 100vw, 132px\" \/><\/a><\/p>\n<p>La visite ext\u00e9rieure de la maison de Blanche Neige nous est recommand\u00e9e par l&rsquo;h\u00f4tesse de l&rsquo;office du tourisme. Le d\u00e9cor est remarquable avec de nombreux d\u00e9tails qui \u00e9merveillent. Construite par un personnage \u00e0 la r\u00e9putation particuli\u00e8re elle a attir\u00e9, au d\u00e9triment des voisins, des centaines de visites. La commune a refus\u00e9 le don de ce petit domaine au d\u00e9c\u00e8s&nbsp; du propri\u00e9taire.<\/p>\n<p>&nbsp;<\/p>\n<p>&nbsp;<\/p>\n<p>&nbsp;<\/p>\n<p>&nbsp;<\/p>\n","protected":false},"excerpt":{"rendered":"<p>Au petit matin, le ciel est bleu, puis \u00e0 11 h lorsque nous quittons le port de Nort sur Erdre il s&rsquo;est couvert et une pluie orageuse se d\u00e9verse sur nous. Toute la navigation se fera sous une \u00ab\u00a0pluie humide &hellip; <a href=\"https:\/\/ericante.fr\/?p=8944\">Continuer la lecture <span class=\"meta-nav\">&rarr;<\/span><\/a><\/p>\n","protected":false},"author":1,"featured_media":0,"comment_status":"open","ping_status":"open","sticky":false,"template":"","format":"standard","meta":{"_monsterinsights_skip_tracking":false,"_monsterinsights_sitenote_active":false,"_monsterinsights_sitenote_note":"","_monsterinsights_sitenote_category":0,"_uf_show_specific_survey":0,"_uf_disable_surveys":false,"footnotes":""},"categories":[12],"tags":[675],"class_list":["post-8944","post","type-post","status-publish","format-standard","hentry","category-france","tag-suce-sur-erdre"],"_links":{"self":[{"href":"https:\/\/ericante.fr\/index.php?rest_route=\/wp\/v2\/posts\/8944","targetHints":{"allow":["GET"]}}],"collection":[{"href":"https:\/\/ericante.fr\/index.php?rest_route=\/wp\/v2\/posts"}],"about":[{"href":"https:\/\/ericante.fr\/index.php?rest_route=\/wp\/v2\/types\/post"}],"author":[{"embeddable":true,"href":"https:\/\/ericante.fr\/index.php?rest_route=\/wp\/v2\/users\/1"}],"replies":[{"embeddable":true,"href":"https:\/\/ericante.fr\/index.php?rest_route=%2Fwp%2Fv2%2Fcomments&post=8944"}],"version-history":[{"count":5,"href":"https:\/\/ericante.fr\/index.php?rest_route=\/wp\/v2\/posts\/8944\/revisions"}],"predecessor-version":[{"id":9148,"href":"https:\/\/ericante.fr\/index.php?rest_route=\/wp\/v2\/posts\/8944\/revisions\/9148"}],"wp:attachment":[{"href":"https:\/\/ericante.fr\/index.php?rest_route=%2Fwp%2Fv2%2Fmedia&parent=8944"}],"wp:term":[{"taxonomy":"category","embeddable":true,"href":"https:\/\/ericante.fr\/index.php?rest_route=%2Fwp%2Fv2%2Fcategories&post=8944"},{"taxonomy":"post_tag","embeddable":true,"href":"https:\/\/ericante.fr\/index.php?rest_route=%2Fwp%2Fv2%2Ftags&post=8944"}],"curies":[{"name":"wp","href":"https:\/\/api.w.org\/{rel}","templated":true}]}}