{"id":8920,"date":"2024-11-07T09:49:40","date_gmt":"2024-11-07T08:49:40","guid":{"rendered":"https:\/\/ericante.fr\/?p=8920"},"modified":"2024-11-08T06:51:17","modified_gmt":"2024-11-08T05:51:17","slug":"de-blain-a-lescampette-le-samedi-17-aout-2024","status":"publish","type":"post","link":"https:\/\/ericante.fr\/?p=8920","title":{"rendered":"De Blain \u00e0 L&rsquo;Escampette le samedi 17 ao\u00fbt 2024"},"content":{"rendered":"<p>Nous d\u00e9jeunons \u00e0 Blain et larguons les amarres \u00e0 14h sous un ciel .couvert<\/p>\n<p><a href=\"https:\/\/ericante.fr\/?attachment_id=8927\"><img loading=\"lazy\" decoding=\"async\" class=\"size-medium wp-image-8927 aligncenter\" src=\"https:\/\/ericante.fr\/wp-content\/uploads\/2024\/08\/2024-8-17-Depart-de-Blain-300x225.jpg\" alt=\"\" width=\"300\" height=\"225\" srcset=\"https:\/\/ericante.fr\/wp-content\/uploads\/2024\/08\/2024-8-17-Depart-de-Blain-300x225.jpg 300w, https:\/\/ericante.fr\/wp-content\/uploads\/2024\/08\/2024-8-17-Depart-de-Blain-768x576.jpg 768w, https:\/\/ericante.fr\/wp-content\/uploads\/2024\/08\/2024-8-17-Depart-de-Blain.jpg 850w\" sizes=\"auto, (max-width: 300px) 100vw, 300px\" \/><\/a><\/p>\n<p><a href=\"https:\/\/ericante.fr\/?attachment_id=8928\"><img loading=\"lazy\" decoding=\"async\" class=\"alignnone size-medium wp-image-8928\" src=\"https:\/\/ericante.fr\/wp-content\/uploads\/2024\/08\/2024-8-17-Au-fil-de-lIsac-300x225.jpeg\" alt=\"\" width=\"300\" height=\"225\" srcset=\"https:\/\/ericante.fr\/wp-content\/uploads\/2024\/08\/2024-8-17-Au-fil-de-lIsac-300x225.jpeg 300w, https:\/\/ericante.fr\/wp-content\/uploads\/2024\/08\/2024-8-17-Au-fil-de-lIsac-768x576.jpeg 768w, https:\/\/ericante.fr\/wp-content\/uploads\/2024\/08\/2024-8-17-Au-fil-de-lIsac.jpeg 850w\" sizes=\"auto, (max-width: 300px) 100vw, 300px\" \/><\/a> <a href=\"https:\/\/ericante.fr\/?attachment_id=8929\"><img loading=\"lazy\" decoding=\"async\" class=\"alignnone size-medium wp-image-8929\" src=\"https:\/\/ericante.fr\/wp-content\/uploads\/2024\/08\/2024-8-17-Pont-etroit-300x225.jpg\" alt=\"\" width=\"300\" height=\"225\" srcset=\"https:\/\/ericante.fr\/wp-content\/uploads\/2024\/08\/2024-8-17-Pont-etroit-300x225.jpg 300w, https:\/\/ericante.fr\/wp-content\/uploads\/2024\/08\/2024-8-17-Pont-etroit-768x576.jpg 768w, https:\/\/ericante.fr\/wp-content\/uploads\/2024\/08\/2024-8-17-Pont-etroit.jpg 850w\" sizes=\"auto, (max-width: 300px) 100vw, 300px\" \/><\/a><\/p>\n<p style=\"text-align: justify;\">Nous aidons les \u00e9clusiers \u00e0 la manoeuvre des ouvertures des portes et d\u00e9couvrons au fur et \u00e0 mesure avec d\u00e9sappointement la prolif\u00e9ration de la v\u00e9g\u00e9tation. La portion de navigation est mang\u00e9e et les bateaux se faufilent dans un chenal \u00e9troit.&nbsp;<\/p>\n<p><a href=\"https:\/\/ericante.fr\/?attachment_id=8926\"><img loading=\"lazy\" decoding=\"async\" class=\"size-medium wp-image-8926 aligncenter\" src=\"https:\/\/ericante.fr\/wp-content\/uploads\/2024\/08\/2024-8-17-Ante-a-la-manoeuvre-300x207.jpeg\" alt=\"\" width=\"300\" height=\"207\" srcset=\"https:\/\/ericante.fr\/wp-content\/uploads\/2024\/08\/2024-8-17-Ante-a-la-manoeuvre-300x207.jpeg 300w, https:\/\/ericante.fr\/wp-content\/uploads\/2024\/08\/2024-8-17-Ante-a-la-manoeuvre-768x529.jpeg 768w, https:\/\/ericante.fr\/wp-content\/uploads\/2024\/08\/2024-8-17-Ante-a-la-manoeuvre.jpeg 850w\" sizes=\"auto, (max-width: 300px) 100vw, 300px\" \/><\/a><\/p>\n<p>V\u00e9los, chevaux, bateaux se c\u00f4toient.<\/p>\n<p><a href=\"https:\/\/ericante.fr\/?attachment_id=8925\"><img loading=\"lazy\" decoding=\"async\" class=\"alignnone size-medium wp-image-8925\" src=\"https:\/\/ericante.fr\/wp-content\/uploads\/2024\/08\/2024-8-17-Une-randonnee-equestre-300x225.jpg\" alt=\"\" width=\"300\" height=\"225\" srcset=\"https:\/\/ericante.fr\/wp-content\/uploads\/2024\/08\/2024-8-17-Une-randonnee-equestre-300x225.jpg 300w, https:\/\/ericante.fr\/wp-content\/uploads\/2024\/08\/2024-8-17-Une-randonnee-equestre-768x576.jpg 768w, https:\/\/ericante.fr\/wp-content\/uploads\/2024\/08\/2024-8-17-Une-randonnee-equestre.jpg 850w\" sizes=\"auto, (max-width: 300px) 100vw, 300px\" \/><\/a> <a href=\"https:\/\/ericante.fr\/?attachment_id=8924\"><img loading=\"lazy\" decoding=\"async\" class=\"alignnone size-medium wp-image-8924\" src=\"https:\/\/ericante.fr\/wp-content\/uploads\/2024\/08\/2024-8-17-Les-chevaux-quittent-le-chemin-de-halage-300x225.jpg\" alt=\"\" width=\"300\" height=\"225\" srcset=\"https:\/\/ericante.fr\/wp-content\/uploads\/2024\/08\/2024-8-17-Les-chevaux-quittent-le-chemin-de-halage-300x225.jpg 300w, https:\/\/ericante.fr\/wp-content\/uploads\/2024\/08\/2024-8-17-Les-chevaux-quittent-le-chemin-de-halage-768x576.jpg 768w, https:\/\/ericante.fr\/wp-content\/uploads\/2024\/08\/2024-8-17-Les-chevaux-quittent-le-chemin-de-halage.jpg 850w\" sizes=\"auto, (max-width: 300px) 100vw, 300px\" \/><\/a><\/p>\n<p style=\"text-align: justify;\">On nous avait conseill\u00e9 comme escale le ponton du Bout de Bois. Mais l&rsquo;\u00e9dicule \u00ab\u00a0b\u00e9tonneux\u00a0\u00bb indiqu\u00e9 comme comportant une douche sur le guide est tout \u00e0 fait repoussant et la route nationale du pk 38 est bruyante. Nous prolongeons notre \u00e9tape dans l&rsquo;espoir de trouver une lieu moins glauque. 2km plus loin en pleine campagne un bord de berge avec une hauteur d&rsquo;eau de 70cm nous convient. Une p\u00e9nichette lou\u00e9e par des anglais nous y rejoint un peu plus tard. La nuit est calme.<\/p>\n<p><a href=\"https:\/\/ericante.fr\/?attachment_id=8923\"><img loading=\"lazy\" decoding=\"async\" class=\"size-medium wp-image-8923 aligncenter\" src=\"https:\/\/ericante.fr\/wp-content\/uploads\/2024\/08\/2024-8-17-lescampolette-en-peine-ature-300x225.jpeg\" alt=\"\" width=\"300\" height=\"225\" srcset=\"https:\/\/ericante.fr\/wp-content\/uploads\/2024\/08\/2024-8-17-lescampolette-en-peine-ature-300x225.jpeg 300w, https:\/\/ericante.fr\/wp-content\/uploads\/2024\/08\/2024-8-17-lescampolette-en-peine-ature-768x576.jpeg 768w, https:\/\/ericante.fr\/wp-content\/uploads\/2024\/08\/2024-8-17-lescampolette-en-peine-ature.jpeg 850w\" sizes=\"auto, (max-width: 300px) 100vw, 300px\" \/><\/a><\/p>\n<p>&nbsp;<\/p>\n","protected":false},"excerpt":{"rendered":"<p>Nous d\u00e9jeunons \u00e0 Blain et larguons les amarres \u00e0 14h sous un ciel .couvert Nous aidons les \u00e9clusiers \u00e0 la manoeuvre des ouvertures des portes et d\u00e9couvrons au fur et \u00e0 mesure avec d\u00e9sappointement la prolif\u00e9ration de la v\u00e9g\u00e9tation. La &hellip; <a href=\"https:\/\/ericante.fr\/?p=8920\">Continuer la lecture <span class=\"meta-nav\">&rarr;<\/span><\/a><\/p>\n","protected":false},"author":1,"featured_media":0,"comment_status":"open","ping_status":"open","sticky":false,"template":"","format":"standard","meta":{"_monsterinsights_skip_tracking":false,"_monsterinsights_sitenote_active":false,"_monsterinsights_sitenote_note":"","_monsterinsights_sitenote_category":0,"_uf_show_specific_survey":0,"_uf_disable_surveys":false,"footnotes":""},"categories":[12],"tags":[674],"class_list":["post-8920","post","type-post","status-publish","format-standard","hentry","category-france","tag-nort-sur-erdre"],"_links":{"self":[{"href":"https:\/\/ericante.fr\/index.php?rest_route=\/wp\/v2\/posts\/8920","targetHints":{"allow":["GET"]}}],"collection":[{"href":"https:\/\/ericante.fr\/index.php?rest_route=\/wp\/v2\/posts"}],"about":[{"href":"https:\/\/ericante.fr\/index.php?rest_route=\/wp\/v2\/types\/post"}],"author":[{"embeddable":true,"href":"https:\/\/ericante.fr\/index.php?rest_route=\/wp\/v2\/users\/1"}],"replies":[{"embeddable":true,"href":"https:\/\/ericante.fr\/index.php?rest_route=%2Fwp%2Fv2%2Fcomments&post=8920"}],"version-history":[{"count":5,"href":"https:\/\/ericante.fr\/index.php?rest_route=\/wp\/v2\/posts\/8920\/revisions"}],"predecessor-version":[{"id":9063,"href":"https:\/\/ericante.fr\/index.php?rest_route=\/wp\/v2\/posts\/8920\/revisions\/9063"}],"wp:attachment":[{"href":"https:\/\/ericante.fr\/index.php?rest_route=%2Fwp%2Fv2%2Fmedia&parent=8920"}],"wp:term":[{"taxonomy":"category","embeddable":true,"href":"https:\/\/ericante.fr\/index.php?rest_route=%2Fwp%2Fv2%2Fcategories&post=8920"},{"taxonomy":"post_tag","embeddable":true,"href":"https:\/\/ericante.fr\/index.php?rest_route=%2Fwp%2Fv2%2Ftags&post=8920"}],"curies":[{"name":"wp","href":"https:\/\/api.w.org\/{rel}","templated":true}]}}