{"id":8662,"date":"2024-08-09T06:42:30","date_gmt":"2024-08-09T05:42:30","guid":{"rendered":"https:\/\/ericante.fr\/?p=8662"},"modified":"2024-08-14T06:24:37","modified_gmt":"2024-08-14T05:24:37","slug":"de-montertelot-a-roc-saint-andre-samedi-27-juillet-2024","status":"publish","type":"post","link":"https:\/\/ericante.fr\/?p=8662","title":{"rendered":"De Montertelot \u00e0 Roc Saint Andr\u00e9  Samedi 27 juillet 2024"},"content":{"rendered":"<p style=\"text-align: justify;\">Une courte \u00e9tape de 2kms &nbsp;avec un passage d&rsquo;\u00e9cluse nous m\u00e8ne au ponton de Roc St Andr\u00e9, \u00e9quip\u00e9 d&rsquo;une borne \u00e9lectrique \u00e0 carte.<\/p>\n<p><a href=\"https:\/\/ericante.fr\/?attachment_id=8672\"><img loading=\"lazy\" decoding=\"async\" class=\"size-medium wp-image-8672 aligncenter\" src=\"https:\/\/ericante.fr\/wp-content\/uploads\/2024\/08\/2024-7-27-Depart-de-Montertelot-300x225.jpeg\" alt=\"\" width=\"300\" height=\"225\" srcset=\"https:\/\/ericante.fr\/wp-content\/uploads\/2024\/08\/2024-7-27-Depart-de-Montertelot-300x225.jpeg 300w, https:\/\/ericante.fr\/wp-content\/uploads\/2024\/08\/2024-7-27-Depart-de-Montertelot-768x576.jpeg 768w, https:\/\/ericante.fr\/wp-content\/uploads\/2024\/08\/2024-7-27-Depart-de-Montertelot.jpeg 850w\" sizes=\"auto, (max-width: 300px) 100vw, 300px\" \/><\/a><\/p>\n<p><a href=\"https:\/\/ericante.fr\/?attachment_id=8673\"> <img loading=\"lazy\" decoding=\"async\" class=\"alignnone size-medium wp-image-8673\" src=\"https:\/\/ericante.fr\/wp-content\/uploads\/2024\/08\/2024-7-27-Arrivee-a-Roc-Saint-Andre-300x225.jpeg\" alt=\"\" width=\"300\" height=\"225\" srcset=\"https:\/\/ericante.fr\/wp-content\/uploads\/2024\/08\/2024-7-27-Arrivee-a-Roc-Saint-Andre-300x225.jpeg 300w, https:\/\/ericante.fr\/wp-content\/uploads\/2024\/08\/2024-7-27-Arrivee-a-Roc-Saint-Andre-768x576.jpeg 768w, https:\/\/ericante.fr\/wp-content\/uploads\/2024\/08\/2024-7-27-Arrivee-a-Roc-Saint-Andre.jpeg 850w\" sizes=\"auto, (max-width: 300px) 100vw, 300px\" \/><\/a> <a href=\"https:\/\/ericante.fr\/?attachment_id=8674\"><img loading=\"lazy\" decoding=\"async\" class=\"alignnone size-medium wp-image-8674\" src=\"https:\/\/ericante.fr\/wp-content\/uploads\/2024\/08\/2024-7-27-Roc-Saint-Andre-300x225.jpeg\" alt=\"\" width=\"300\" height=\"225\" srcset=\"https:\/\/ericante.fr\/wp-content\/uploads\/2024\/08\/2024-7-27-Roc-Saint-Andre-300x225.jpeg 300w, https:\/\/ericante.fr\/wp-content\/uploads\/2024\/08\/2024-7-27-Roc-Saint-Andre-768x576.jpeg 768w, https:\/\/ericante.fr\/wp-content\/uploads\/2024\/08\/2024-7-27-Roc-Saint-Andre.jpeg 850w\" sizes=\"auto, (max-width: 300px) 100vw, 300px\" \/><\/a><\/p>\n<p style=\"text-align: justify;\">Cette escale nous a \u00e9t\u00e9 conseill\u00e9e par le coll\u00e8gue navigant aussi sur un GL33 . En pleine saison h\u00e9las l&rsquo;accueil du camping est moins favorable. L&rsquo;acc\u00e8s \u00e0 la piscine n&rsquo;est plus possible pour les bateaux faisant escale. La baignade dans l&rsquo;Oust canalis\u00e9 ne nous tente pas vraiment. &nbsp;La guinguette propose 2 menus du jour \u00e0 prix correct.&nbsp;<\/p>\n<p><a href=\"https:\/\/ericante.fr\/?attachment_id=8671\"><img loading=\"lazy\" decoding=\"async\" class=\"size-medium wp-image-8671 aligncenter\" src=\"https:\/\/ericante.fr\/wp-content\/uploads\/2024\/08\/2o24_7_27-le-viaduc-de-roc-saint-andre-300x225.jpeg\" alt=\"\" width=\"300\" height=\"225\" srcset=\"https:\/\/ericante.fr\/wp-content\/uploads\/2024\/08\/2o24_7_27-le-viaduc-de-roc-saint-andre-300x225.jpeg 300w, https:\/\/ericante.fr\/wp-content\/uploads\/2024\/08\/2o24_7_27-le-viaduc-de-roc-saint-andre-768x576.jpeg 768w, https:\/\/ericante.fr\/wp-content\/uploads\/2024\/08\/2o24_7_27-le-viaduc-de-roc-saint-andre.jpeg 850w\" sizes=\"auto, (max-width: 300px) 100vw, 300px\" \/><\/a><\/p>\n<p style=\"text-align: justify;\">L&rsquo;\u00e9glise du village surplombe ce beau val d&rsquo;Oust. Une sup\u00e9rette et une boulangerie permettant un petit avitaillement en frais. La nuit est calme et reposante.<\/p>\n<p>&nbsp;<\/p>\n","protected":false},"excerpt":{"rendered":"<p>Une courte \u00e9tape de 2kms &nbsp;avec un passage d&rsquo;\u00e9cluse nous m\u00e8ne au ponton de Roc St Andr\u00e9, \u00e9quip\u00e9 d&rsquo;une borne \u00e9lectrique \u00e0 carte. Cette escale nous a \u00e9t\u00e9 conseill\u00e9e par le coll\u00e8gue navigant aussi sur un GL33 . En pleine &hellip; <a href=\"https:\/\/ericante.fr\/?p=8662\">Continuer la lecture <span class=\"meta-nav\">&rarr;<\/span><\/a><\/p>\n","protected":false},"author":1,"featured_media":0,"comment_status":"open","ping_status":"open","sticky":false,"template":"","format":"standard","meta":{"_monsterinsights_skip_tracking":false,"_monsterinsights_sitenote_active":false,"_monsterinsights_sitenote_note":"","_monsterinsights_sitenote_category":0,"_uf_show_specific_survey":0,"_uf_disable_surveys":false,"footnotes":""},"categories":[12],"tags":[665],"class_list":["post-8662","post","type-post","status-publish","format-standard","hentry","category-france","tag-roc-saint-andre"],"_links":{"self":[{"href":"https:\/\/ericante.fr\/index.php?rest_route=\/wp\/v2\/posts\/8662","targetHints":{"allow":["GET"]}}],"collection":[{"href":"https:\/\/ericante.fr\/index.php?rest_route=\/wp\/v2\/posts"}],"about":[{"href":"https:\/\/ericante.fr\/index.php?rest_route=\/wp\/v2\/types\/post"}],"author":[{"embeddable":true,"href":"https:\/\/ericante.fr\/index.php?rest_route=\/wp\/v2\/users\/1"}],"replies":[{"embeddable":true,"href":"https:\/\/ericante.fr\/index.php?rest_route=%2Fwp%2Fv2%2Fcomments&post=8662"}],"version-history":[{"count":5,"href":"https:\/\/ericante.fr\/index.php?rest_route=\/wp\/v2\/posts\/8662\/revisions"}],"predecessor-version":[{"id":8779,"href":"https:\/\/ericante.fr\/index.php?rest_route=\/wp\/v2\/posts\/8662\/revisions\/8779"}],"wp:attachment":[{"href":"https:\/\/ericante.fr\/index.php?rest_route=%2Fwp%2Fv2%2Fmedia&parent=8662"}],"wp:term":[{"taxonomy":"category","embeddable":true,"href":"https:\/\/ericante.fr\/index.php?rest_route=%2Fwp%2Fv2%2Fcategories&post=8662"},{"taxonomy":"post_tag","embeddable":true,"href":"https:\/\/ericante.fr\/index.php?rest_route=%2Fwp%2Fv2%2Ftags&post=8662"}],"curies":[{"name":"wp","href":"https:\/\/api.w.org\/{rel}","templated":true}]}}