{"id":8578,"date":"2024-07-28T14:40:36","date_gmt":"2024-07-28T13:40:36","guid":{"rendered":"https:\/\/ericante.fr\/?p=8578"},"modified":"2024-07-28T15:15:33","modified_gmt":"2024-07-28T14:15:33","slug":"de-rohan-a-la-tertraie-en-pomeleuc-le-mardi-23-juillet-2024","status":"publish","type":"post","link":"https:\/\/ericante.fr\/?p=8578","title":{"rendered":"De Rohan \u00e0 La Tertraie en Pomeleuc le mardi 23 juillet 2024"},"content":{"rendered":"<p>MegaWatt quitte la place confortable de Rohan \u00e0 10h25 avec une temp\u00e9rature agr\u00e9able de 22\u00b0. Les \u00e9clusiers nous informent que cette belle b\u00e2tisse est \u00e0 vendre. Nous l&rsquo;admirons en touristes.<\/p>\n<p>&nbsp; &nbsp;<a href=\"https:\/\/ericante.fr\/?attachment_id=8592\"><img loading=\"lazy\" decoding=\"async\" class=\"alignnone size-medium wp-image-8592\" src=\"https:\/\/ericante.fr\/wp-content\/uploads\/2024\/07\/2024-7-23-depart-de-rohan-300x225.jpg\" alt=\"\" width=\"300\" height=\"225\" srcset=\"https:\/\/ericante.fr\/wp-content\/uploads\/2024\/07\/2024-7-23-depart-de-rohan-300x225.jpg 300w, https:\/\/ericante.fr\/wp-content\/uploads\/2024\/07\/2024-7-23-depart-de-rohan-768x576.jpg 768w, https:\/\/ericante.fr\/wp-content\/uploads\/2024\/07\/2024-7-23-depart-de-rohan.jpg 850w\" sizes=\"auto, (max-width: 300px) 100vw, 300px\" \/><\/a> <a href=\"https:\/\/ericante.fr\/?attachment_id=8588\"><img loading=\"lazy\" decoding=\"async\" class=\"alignnone size-medium wp-image-8588\" src=\"https:\/\/ericante.fr\/wp-content\/uploads\/2024\/07\/2024-7-23-maison-a-vendre-a-la-sortie-de-rohan-300x225.jpeg\" alt=\"\" width=\"300\" height=\"225\" srcset=\"https:\/\/ericante.fr\/wp-content\/uploads\/2024\/07\/2024-7-23-maison-a-vendre-a-la-sortie-de-rohan-300x225.jpeg 300w, https:\/\/ericante.fr\/wp-content\/uploads\/2024\/07\/2024-7-23-maison-a-vendre-a-la-sortie-de-rohan-768x576.jpeg 768w, https:\/\/ericante.fr\/wp-content\/uploads\/2024\/07\/2024-7-23-maison-a-vendre-a-la-sortie-de-rohan.jpeg 850w\" sizes=\"auto, (max-width: 300px) 100vw, 300px\" \/><\/a><\/p>\n<p>La cr\u00eaperie Gavotte tout pr\u00e8s du port m\u00e9rite le d\u00e9tour gastronomique.<\/p>\n<p><a href=\"https:\/\/ericante.fr\/?attachment_id=8587\"><img loading=\"lazy\" decoding=\"async\" class=\" wp-image-8587 aligncenter\" src=\"https:\/\/ericante.fr\/wp-content\/uploads\/2024\/07\/2024-7-23-creperie-la-gavotte-300x225.jpg\" alt=\"\" width=\"348\" height=\"261\" srcset=\"https:\/\/ericante.fr\/wp-content\/uploads\/2024\/07\/2024-7-23-creperie-la-gavotte-300x225.jpg 300w, https:\/\/ericante.fr\/wp-content\/uploads\/2024\/07\/2024-7-23-creperie-la-gavotte-768x576.jpg 768w, https:\/\/ericante.fr\/wp-content\/uploads\/2024\/07\/2024-7-23-creperie-la-gavotte.jpg 850w\" sizes=\"auto, (max-width: 348px) 100vw, 348px\" \/><\/a><\/p>\n<p>Le ponton de Timadeuc nous offre une pause m\u00e9ridienne ensoleill\u00e9e.<\/p>\n<p>Nous avions visit\u00e9 avant notre d\u00e9part cette abbaye trappiste et succomb\u00e9 \u00e0 son grand fromage blond d\u00e9licieusement parfum\u00e9.<\/p>\n<p>&nbsp; &nbsp; &nbsp; &nbsp; &nbsp; &nbsp; <a href=\"https:\/\/ericante.fr\/?attachment_id=8589\"><img loading=\"lazy\" decoding=\"async\" class=\"alignnone size-medium wp-image-8589\" src=\"https:\/\/ericante.fr\/wp-content\/uploads\/2024\/07\/2024-7-23-Le-ponton-de-Timadeuc-225x300.jpeg\" alt=\"\" width=\"225\" height=\"300\" srcset=\"https:\/\/ericante.fr\/wp-content\/uploads\/2024\/07\/2024-7-23-Le-ponton-de-Timadeuc-225x300.jpeg 225w, https:\/\/ericante.fr\/wp-content\/uploads\/2024\/07\/2024-7-23-Le-ponton-de-Timadeuc.jpeg 638w\" sizes=\"auto, (max-width: 225px) 100vw, 225px\" \/><\/a>&nbsp; &nbsp;<a href=\"https:\/\/ericante.fr\/?attachment_id=8591\"><img loading=\"lazy\" decoding=\"async\" class=\"alignnone size-medium wp-image-8591\" src=\"https:\/\/ericante.fr\/wp-content\/uploads\/2024\/07\/2024-7-23-Timadeuc-280x300.jpeg\" alt=\"\" width=\"280\" height=\"300\" srcset=\"https:\/\/ericante.fr\/wp-content\/uploads\/2024\/07\/2024-7-23-Timadeuc-280x300.jpeg 280w, https:\/\/ericante.fr\/wp-content\/uploads\/2024\/07\/2024-7-23-Timadeuc-768x824.jpeg 768w, https:\/\/ericante.fr\/wp-content\/uploads\/2024\/07\/2024-7-23-Timadeuc.jpeg 792w\" sizes=\"auto, (max-width: 280px) 100vw, 280px\" \/><\/a><\/p>\n<p>A 14h55, MegaWatt croise la p\u00e9niche montante \u00ab\u00a0P\u00e8re Peinard\u00a0\u00bb . L&rsquo;Oust canalis\u00e9e est large et les rencontres ne posent aucun souci.<\/p>\n<p><a href=\"https:\/\/ericante.fr\/?attachment_id=8600\"><img loading=\"lazy\" decoding=\"async\" class=\"alignnone size-medium wp-image-8600\" src=\"https:\/\/ericante.fr\/wp-content\/uploads\/2024\/07\/2024-7-23-pere-peinard-300x225.jpg\" alt=\"\" width=\"300\" height=\"225\" srcset=\"https:\/\/ericante.fr\/wp-content\/uploads\/2024\/07\/2024-7-23-pere-peinard-300x225.jpg 300w, https:\/\/ericante.fr\/wp-content\/uploads\/2024\/07\/2024-7-23-pere-peinard-768x576.jpg 768w, https:\/\/ericante.fr\/wp-content\/uploads\/2024\/07\/2024-7-23-pere-peinard.jpg 850w\" sizes=\"auto, (max-width: 300px) 100vw, 300px\" \/><\/a> <a href=\"https:\/\/ericante.fr\/?attachment_id=8601\"><img loading=\"lazy\" decoding=\"async\" class=\"alignnone size-medium wp-image-8601\" src=\"https:\/\/ericante.fr\/wp-content\/uploads\/2024\/07\/2024-7-23-Le-pere-peinard-300x225.jpg\" alt=\"\" width=\"300\" height=\"225\" srcset=\"https:\/\/ericante.fr\/wp-content\/uploads\/2024\/07\/2024-7-23-Le-pere-peinard-300x225.jpg 300w, https:\/\/ericante.fr\/wp-content\/uploads\/2024\/07\/2024-7-23-Le-pere-peinard-768x576.jpg 768w, https:\/\/ericante.fr\/wp-content\/uploads\/2024\/07\/2024-7-23-Le-pere-peinard.jpg 850w\" sizes=\"auto, (max-width: 300px) 100vw, 300px\" \/><\/a><\/p>\n<p style=\"text-align: justify;\">Isabelle, \u00e9clusi\u00e8re depuis plus de 30 ans, nous invite \u00e0 d\u00e9couvrir le magnifique espace vert qu&rsquo;elle et son mari ont am\u00e9nag\u00e9 \u00e0 l&rsquo;\u00e9cluse de Li\u00e9. &nbsp;Sur l&rsquo;\u00eele form\u00e9e par le cours d&rsquo;eau Li\u00e9 des oies, des poules, des ch\u00e8vres, un paon b\u00e9n\u00e9ficient d&rsquo;un abri serein et des bons soins d&rsquo;Isabelle. Sa gentillesse naturelle nous va droit au coeur.<\/p>\n<p><a href=\"https:\/\/ericante.fr\/?attachment_id=8599\"><img loading=\"lazy\" decoding=\"async\" class=\"size-medium wp-image-8599 aligncenter\" src=\"https:\/\/ericante.fr\/wp-content\/uploads\/2024\/07\/2024-7-23-isabelle-eclusiere-du-lie-300x225.jpg\" alt=\"\" width=\"300\" height=\"225\" srcset=\"https:\/\/ericante.fr\/wp-content\/uploads\/2024\/07\/2024-7-23-isabelle-eclusiere-du-lie-300x225.jpg 300w, https:\/\/ericante.fr\/wp-content\/uploads\/2024\/07\/2024-7-23-isabelle-eclusiere-du-lie-768x576.jpg 768w, https:\/\/ericante.fr\/wp-content\/uploads\/2024\/07\/2024-7-23-isabelle-eclusiere-du-lie.jpg 850w\" sizes=\"auto, (max-width: 300px) 100vw, 300px\" \/><\/a><\/p>\n<p>A 17h40, 10 \u00e9cluses pass\u00e9es sur 16,5 kms, MegaWatt est amarr\u00e9 devant l&rsquo;\u00e9cluse 41 de la Tertraie.<\/p>\n<p>&nbsp;<\/p>\n<p><a href=\"https:\/\/ericante.fr\/?attachment_id=8596\"><img loading=\"lazy\" decoding=\"async\" class=\" wp-image-8596 aligncenter\" src=\"https:\/\/ericante.fr\/wp-content\/uploads\/2024\/07\/2024-7-23-la-tertraie-300x225.jpg\" alt=\"\" width=\"348\" height=\"261\" srcset=\"https:\/\/ericante.fr\/wp-content\/uploads\/2024\/07\/2024-7-23-la-tertraie-300x225.jpg 300w, https:\/\/ericante.fr\/wp-content\/uploads\/2024\/07\/2024-7-23-la-tertraie-768x576.jpg 768w, https:\/\/ericante.fr\/wp-content\/uploads\/2024\/07\/2024-7-23-la-tertraie.jpg 850w\" sizes=\"auto, (max-width: 348px) 100vw, 348px\" \/><\/a><\/p>\n<p style=\"text-align: justify;\">Nous suivons les recommandations attentionn\u00e9es de l&rsquo;\u00e9clusi\u00e8re, et cheminons sur l&rsquo;ancienne petite voie romaine dall\u00e9e jusqu&rsquo;\u00e0 la chapelle Saint Melec en Pomeleuc.<\/p>\n<p><a href=\"https:\/\/ericante.fr\/?attachment_id=8598\"><img loading=\"lazy\" decoding=\"async\" class=\"alignnone size-medium wp-image-8598\" src=\"https:\/\/ericante.fr\/wp-content\/uploads\/2024\/07\/2023-7-23-chemin-vers-pomeleuc-225x300.jpg\" alt=\"\" width=\"225\" height=\"300\" srcset=\"https:\/\/ericante.fr\/wp-content\/uploads\/2024\/07\/2023-7-23-chemin-vers-pomeleuc-225x300.jpg 225w, https:\/\/ericante.fr\/wp-content\/uploads\/2024\/07\/2023-7-23-chemin-vers-pomeleuc.jpg 638w\" sizes=\"auto, (max-width: 225px) 100vw, 225px\" \/><\/a> <a href=\"https:\/\/ericante.fr\/?attachment_id=8597\"><img loading=\"lazy\" decoding=\"async\" class=\"alignnone wp-image-8597\" src=\"https:\/\/ericante.fr\/wp-content\/uploads\/2024\/07\/2023-7-23-chapelle-de-pomeleuc-300x225.jpg\" alt=\"\" width=\"400\" height=\"300\" srcset=\"https:\/\/ericante.fr\/wp-content\/uploads\/2024\/07\/2023-7-23-chapelle-de-pomeleuc-300x225.jpg 300w, https:\/\/ericante.fr\/wp-content\/uploads\/2024\/07\/2023-7-23-chapelle-de-pomeleuc-768x576.jpg 768w, https:\/\/ericante.fr\/wp-content\/uploads\/2024\/07\/2023-7-23-chapelle-de-pomeleuc.jpg 850w\" sizes=\"auto, (max-width: 400px) 100vw, 400px\" \/><\/a><\/p>\n<p>Un comit\u00e9 en prend soin; chaque 15 ao\u00fbt un pardon et une f\u00eate sont organis\u00e9es.<\/p>\n<p>Le hameau comprend un caf\u00e9-\u00e9picerie, toutes les maisons r\u00e9nov\u00e9es avec soin ont gard\u00e9 un charme breton typique.&nbsp;<\/p>\n<p>&nbsp;<\/p>\n<p>&nbsp;<\/p>\n<p>&nbsp;<\/p>\n<p>&nbsp;<\/p>\n","protected":false},"excerpt":{"rendered":"<p>MegaWatt quitte la place confortable de Rohan \u00e0 10h25 avec une temp\u00e9rature agr\u00e9able de 22\u00b0. Les \u00e9clusiers nous informent que cette belle b\u00e2tisse est \u00e0 vendre. Nous l&rsquo;admirons en touristes. &nbsp; &nbsp; La cr\u00eaperie Gavotte tout pr\u00e8s du port m\u00e9rite &hellip; <a href=\"https:\/\/ericante.fr\/?p=8578\">Continuer la lecture <span class=\"meta-nav\">&rarr;<\/span><\/a><\/p>\n","protected":false},"author":1,"featured_media":0,"comment_status":"open","ping_status":"open","sticky":false,"template":"","format":"standard","meta":{"_monsterinsights_skip_tracking":false,"_monsterinsights_sitenote_active":false,"_monsterinsights_sitenote_note":"","_monsterinsights_sitenote_category":0,"_uf_show_specific_survey":0,"_uf_disable_surveys":false,"footnotes":""},"categories":[12],"tags":[658],"class_list":["post-8578","post","type-post","status-publish","format-standard","hentry","category-france","tag-la-tertraie"],"_links":{"self":[{"href":"https:\/\/ericante.fr\/index.php?rest_route=\/wp\/v2\/posts\/8578","targetHints":{"allow":["GET"]}}],"collection":[{"href":"https:\/\/ericante.fr\/index.php?rest_route=\/wp\/v2\/posts"}],"about":[{"href":"https:\/\/ericante.fr\/index.php?rest_route=\/wp\/v2\/types\/post"}],"author":[{"embeddable":true,"href":"https:\/\/ericante.fr\/index.php?rest_route=\/wp\/v2\/users\/1"}],"replies":[{"embeddable":true,"href":"https:\/\/ericante.fr\/index.php?rest_route=%2Fwp%2Fv2%2Fcomments&post=8578"}],"version-history":[{"count":5,"href":"https:\/\/ericante.fr\/index.php?rest_route=\/wp\/v2\/posts\/8578\/revisions"}],"predecessor-version":[{"id":8611,"href":"https:\/\/ericante.fr\/index.php?rest_route=\/wp\/v2\/posts\/8578\/revisions\/8611"}],"wp:attachment":[{"href":"https:\/\/ericante.fr\/index.php?rest_route=%2Fwp%2Fv2%2Fmedia&parent=8578"}],"wp:term":[{"taxonomy":"category","embeddable":true,"href":"https:\/\/ericante.fr\/index.php?rest_route=%2Fwp%2Fv2%2Fcategories&post=8578"},{"taxonomy":"post_tag","embeddable":true,"href":"https:\/\/ericante.fr\/index.php?rest_route=%2Fwp%2Fv2%2Ftags&post=8578"}],"curies":[{"name":"wp","href":"https:\/\/api.w.org\/{rel}","templated":true}]}}