{"id":8546,"date":"2024-07-19T18:17:23","date_gmt":"2024-07-19T17:17:23","guid":{"rendered":"https:\/\/ericante.fr\/?p=8546"},"modified":"2024-08-04T20:43:15","modified_gmt":"2024-08-04T19:43:15","slug":"de-bojus-a-rohan-le-mercredi-3-juillet-2024","status":"publish","type":"post","link":"https:\/\/ericante.fr\/?p=8546","title":{"rendered":"De Bojus \u00e0 Rohan le mercredi 3 juillet 2024"},"content":{"rendered":"<p style=\"text-align: justify;\">Derni\u00e8re \u00e9tape avant notre d\u00e9part pour les f\u00eates maritimes de Brest. Le port de Rohan au PK 182 convient pour laisser Megawatt quelques jours en toute s\u00e9curit\u00e9.&nbsp;<\/p>\n<p>&nbsp; &nbsp; <a href=\"https:\/\/ericante.fr\/?attachment_id=8551\"><img loading=\"lazy\" decoding=\"async\" class=\"alignnone size-medium wp-image-8551\" src=\"https:\/\/ericante.fr\/wp-content\/uploads\/2024\/07\/i2024-7-3-village-de-saint-samson-300x225.jpg\" alt=\"\" width=\"300\" height=\"225\" srcset=\"https:\/\/ericante.fr\/wp-content\/uploads\/2024\/07\/i2024-7-3-village-de-saint-samson-300x225.jpg 300w, https:\/\/ericante.fr\/wp-content\/uploads\/2024\/07\/i2024-7-3-village-de-saint-samson-768x576.jpg 768w, https:\/\/ericante.fr\/wp-content\/uploads\/2024\/07\/i2024-7-3-village-de-saint-samson.jpg 850w\" sizes=\"auto, (max-width: 300px) 100vw, 300px\" \/><\/a> <a href=\"https:\/\/ericante.fr\/?attachment_id=8555\"><img loading=\"lazy\" decoding=\"async\" class=\"alignnone size-medium wp-image-8555\" src=\"https:\/\/ericante.fr\/wp-content\/uploads\/2024\/07\/2024-7-3-Entree-du-port-de-Rohan-300x225.jpg\" alt=\"\" width=\"300\" height=\"225\" srcset=\"https:\/\/ericante.fr\/wp-content\/uploads\/2024\/07\/2024-7-3-Entree-du-port-de-Rohan-300x225.jpg 300w, https:\/\/ericante.fr\/wp-content\/uploads\/2024\/07\/2024-7-3-Entree-du-port-de-Rohan-768x576.jpg 768w, https:\/\/ericante.fr\/wp-content\/uploads\/2024\/07\/2024-7-3-Entree-du-port-de-Rohan.jpg 850w\" sizes=\"auto, (max-width: 300px) 100vw, 300px\" \/><\/a><\/p>\n<p style=\"text-align: justify;\">En moins de 2 heures ce matin l\u00e0, Megawatt sera amarr\u00e9 par l&rsquo;arri\u00e8re sur un ponton visiteur dans ce petit port bien \u00e9quip\u00e9. Tout \u00e0 c\u00f4t\u00e9, &nbsp;une grande sup\u00e9rette permet l&rsquo;approvisionnement des r\u00e9sidents de ce port habit\u00e9 \u00e0 l&rsquo;ann\u00e9e.&nbsp;<\/p>\n<p>&nbsp; &nbsp;<a href=\"https:\/\/ericante.fr\/?attachment_id=8554\"><img loading=\"lazy\" decoding=\"async\" class=\"alignnone size-medium wp-image-8554\" src=\"https:\/\/ericante.fr\/wp-content\/uploads\/2024\/07\/2024-7-4-le-port-de-rohan-300x225.jpg\" alt=\"\" width=\"300\" height=\"225\" srcset=\"https:\/\/ericante.fr\/wp-content\/uploads\/2024\/07\/2024-7-4-le-port-de-rohan-300x225.jpg 300w, https:\/\/ericante.fr\/wp-content\/uploads\/2024\/07\/2024-7-4-le-port-de-rohan-768x576.jpg 768w, https:\/\/ericante.fr\/wp-content\/uploads\/2024\/07\/2024-7-4-le-port-de-rohan.jpg 850w\" sizes=\"auto, (max-width: 300px) 100vw, 300px\" \/><\/a> <a href=\"https:\/\/ericante.fr\/?attachment_id=8549\"><img loading=\"lazy\" decoding=\"async\" class=\"alignnone size-medium wp-image-8549\" src=\"https:\/\/ericante.fr\/wp-content\/uploads\/2024\/07\/2024-7-3-Ponton-de-Rohan-300x225.jpg\" alt=\"\" width=\"300\" height=\"225\" srcset=\"https:\/\/ericante.fr\/wp-content\/uploads\/2024\/07\/2024-7-3-Ponton-de-Rohan-300x225.jpg 300w, https:\/\/ericante.fr\/wp-content\/uploads\/2024\/07\/2024-7-3-Ponton-de-Rohan-768x576.jpg 768w, https:\/\/ericante.fr\/wp-content\/uploads\/2024\/07\/2024-7-3-Ponton-de-Rohan.jpg 850w\" sizes=\"auto, (max-width: 300px) 100vw, 300px\" \/><\/a><\/p>\n<p style=\"text-align: justify;\">Un m\u00e9canicien r\u00e9parateur de bateaux travaille sur un bateau voisin. Le rdv est pris pour le changement des bougies et la r\u00e9paration de la sonde de temp\u00e9rature sur notre trawler. Il passe \u00e0 midi et propose de revenir avec les pi\u00e8ces \u00e0 18h30. C&rsquo;est avec soulagement que nous acceptons cette offre providentielle.<\/p>\n<p><a href=\"https:\/\/ericante.fr\/?attachment_id=8553\"><img loading=\"lazy\" decoding=\"async\" class=\"alignnone size-medium wp-image-8553 aligncenter\" src=\"https:\/\/ericante.fr\/wp-content\/uploads\/2024\/07\/2024-7-4-Latelierdubato-300x225.jpg\" alt=\"\" width=\"300\" height=\"225\" srcset=\"https:\/\/ericante.fr\/wp-content\/uploads\/2024\/07\/2024-7-4-Latelierdubato-300x225.jpg 300w, https:\/\/ericante.fr\/wp-content\/uploads\/2024\/07\/2024-7-4-Latelierdubato-768x576.jpg 768w, https:\/\/ericante.fr\/wp-content\/uploads\/2024\/07\/2024-7-4-Latelierdubato.jpg 850w\" sizes=\"auto, (max-width: 300px) 100vw, 300px\" \/><\/a><\/p>\n<p style=\"text-align: justify;\">Nous profitons de la voiture et de cet apr\u00e8s midi disponible pour visiter l&rsquo;abbaye de Timadeuc.&nbsp;<\/p>\n<p>&nbsp; &nbsp; <a href=\"https:\/\/ericante.fr\/?attachment_id=8552\"><img loading=\"lazy\" decoding=\"async\" class=\"alignnone size-medium wp-image-8552\" src=\"https:\/\/ericante.fr\/wp-content\/uploads\/2024\/07\/2024-7-4-Entree-de-lAbbaye-de-Timadeuc-300x225.jpg\" alt=\"\" width=\"300\" height=\"225\" srcset=\"https:\/\/ericante.fr\/wp-content\/uploads\/2024\/07\/2024-7-4-Entree-de-lAbbaye-de-Timadeuc-300x225.jpg 300w, https:\/\/ericante.fr\/wp-content\/uploads\/2024\/07\/2024-7-4-Entree-de-lAbbaye-de-Timadeuc-768x576.jpg 768w, https:\/\/ericante.fr\/wp-content\/uploads\/2024\/07\/2024-7-4-Entree-de-lAbbaye-de-Timadeuc.jpg 850w\" sizes=\"auto, (max-width: 300px) 100vw, 300px\" \/><\/a> &nbsp; <a href=\"https:\/\/ericante.fr\/?attachment_id=8550\"><img loading=\"lazy\" decoding=\"async\" class=\"alignnone size-medium wp-image-8550\" src=\"https:\/\/ericante.fr\/wp-content\/uploads\/2024\/07\/2024-7-4-Eglise-de-Timadeuc-300x225.jpg\" alt=\"\" width=\"300\" height=\"225\" srcset=\"https:\/\/ericante.fr\/wp-content\/uploads\/2024\/07\/2024-7-4-Eglise-de-Timadeuc-300x225.jpg 300w, https:\/\/ericante.fr\/wp-content\/uploads\/2024\/07\/2024-7-4-Eglise-de-Timadeuc-768x576.jpg 768w, https:\/\/ericante.fr\/wp-content\/uploads\/2024\/07\/2024-7-4-Eglise-de-Timadeuc.jpg 850w\" sizes=\"auto, (max-width: 300px) 100vw, 300px\" \/><\/a><\/p>\n<p style=\"text-align: justify;\">A 19h30 notre m\u00e9canicien de la Gacilly a remis tout en ordre dans le moteur. Sans r\u00e9serve nous le conseillons : Atelier du Bato La Gacilly 06 37 80 38 37.<\/p>\n<p style=\"text-align: justify;\">Le 5 juillet au petit matin nous rentrons en voiture pour quelques jours \u00e0 la maison.<\/p>\n","protected":false},"excerpt":{"rendered":"<p>Derni\u00e8re \u00e9tape avant notre d\u00e9part pour les f\u00eates maritimes de Brest. Le port de Rohan au PK 182 convient pour laisser Megawatt quelques jours en toute s\u00e9curit\u00e9.&nbsp; &nbsp; &nbsp; En moins de 2 heures ce matin l\u00e0, Megawatt sera amarr\u00e9 &hellip; <a href=\"https:\/\/ericante.fr\/?p=8546\">Continuer la lecture <span class=\"meta-nav\">&rarr;<\/span><\/a><\/p>\n","protected":false},"author":1,"featured_media":0,"comment_status":"open","ping_status":"open","sticky":false,"template":"","format":"standard","meta":{"_monsterinsights_skip_tracking":false,"_monsterinsights_sitenote_active":false,"_monsterinsights_sitenote_note":"","_monsterinsights_sitenote_category":0,"_uf_show_specific_survey":0,"_uf_disable_surveys":false,"footnotes":""},"categories":[12],"tags":[662],"class_list":["post-8546","post","type-post","status-publish","format-standard","hentry","category-france","tag-rohan"],"_links":{"self":[{"href":"https:\/\/ericante.fr\/index.php?rest_route=\/wp\/v2\/posts\/8546","targetHints":{"allow":["GET"]}}],"collection":[{"href":"https:\/\/ericante.fr\/index.php?rest_route=\/wp\/v2\/posts"}],"about":[{"href":"https:\/\/ericante.fr\/index.php?rest_route=\/wp\/v2\/types\/post"}],"author":[{"embeddable":true,"href":"https:\/\/ericante.fr\/index.php?rest_route=\/wp\/v2\/users\/1"}],"replies":[{"embeddable":true,"href":"https:\/\/ericante.fr\/index.php?rest_route=%2Fwp%2Fv2%2Fcomments&post=8546"}],"version-history":[{"count":5,"href":"https:\/\/ericante.fr\/index.php?rest_route=\/wp\/v2\/posts\/8546\/revisions"}],"predecessor-version":[{"id":8661,"href":"https:\/\/ericante.fr\/index.php?rest_route=\/wp\/v2\/posts\/8546\/revisions\/8661"}],"wp:attachment":[{"href":"https:\/\/ericante.fr\/index.php?rest_route=%2Fwp%2Fv2%2Fmedia&parent=8546"}],"wp:term":[{"taxonomy":"category","embeddable":true,"href":"https:\/\/ericante.fr\/index.php?rest_route=%2Fwp%2Fv2%2Fcategories&post=8546"},{"taxonomy":"post_tag","embeddable":true,"href":"https:\/\/ericante.fr\/index.php?rest_route=%2Fwp%2Fv2%2Ftags&post=8546"}],"curies":[{"name":"wp","href":"https:\/\/api.w.org\/{rel}","templated":true}]}}