{"id":8428,"date":"2024-07-14T17:25:19","date_gmt":"2024-07-14T16:25:19","guid":{"rendered":"https:\/\/ericante.fr\/?p=8428"},"modified":"2024-07-16T21:12:34","modified_gmt":"2024-07-16T20:12:34","slug":"dhennebont-a-pont-augan-le-mercredi-26-juin-2024","status":"publish","type":"post","link":"https:\/\/ericante.fr\/?p=8428","title":{"rendered":"De Saint Caradec en Hennebont \u00e0 Pont Augan le mercredi 26 juin 2024"},"content":{"rendered":"<p style=\"text-align: justify;\">A l&rsquo;heure pr\u00e9vue 9h, \u00e0 mar\u00e9e haute, MegaWatt et Marie Galante montent dans l&rsquo;\u00e9cluse maritime du Blavet du nom de &nbsp;Polvern, n\u00b0 28 au PK 57. &nbsp;<\/p>\n<p style=\"text-align: justify;\"><a href=\"https:\/\/ericante.fr\/?attachment_id=8430\"><img loading=\"lazy\" decoding=\"async\" class=\"alignnone size-medium wp-image-8430\" src=\"https:\/\/ericante.fr\/wp-content\/uploads\/2024\/07\/2024-6-26-dans-lecluse-avec-Maria-Galante-300x225.jpg\" alt=\"\" width=\"300\" height=\"225\" srcset=\"https:\/\/ericante.fr\/wp-content\/uploads\/2024\/07\/2024-6-26-dans-lecluse-avec-Maria-Galante-300x225.jpg 300w, https:\/\/ericante.fr\/wp-content\/uploads\/2024\/07\/2024-6-26-dans-lecluse-avec-Maria-Galante-768x576.jpg 768w, https:\/\/ericante.fr\/wp-content\/uploads\/2024\/07\/2024-6-26-dans-lecluse-avec-Maria-Galante.jpg 850w\" sizes=\"auto, (max-width: 300px) 100vw, 300px\" \/><\/a> <a href=\"https:\/\/ericante.fr\/?attachment_id=8435\"><img loading=\"lazy\" decoding=\"async\" class=\"alignnone size-medium wp-image-8435\" src=\"https:\/\/ericante.fr\/wp-content\/uploads\/2024\/07\/2024-6-26-sortie-de-lecluse-300x225.jpg\" alt=\"\" width=\"300\" height=\"225\" srcset=\"https:\/\/ericante.fr\/wp-content\/uploads\/2024\/07\/2024-6-26-sortie-de-lecluse-300x225.jpg 300w, https:\/\/ericante.fr\/wp-content\/uploads\/2024\/07\/2024-6-26-sortie-de-lecluse-768x576.jpg 768w, https:\/\/ericante.fr\/wp-content\/uploads\/2024\/07\/2024-6-26-sortie-de-lecluse.jpg 850w\" sizes=\"auto, (max-width: 300px) 100vw, 300px\" \/><\/a><\/p>\n<p style=\"text-align: justify;\">Ce canal initi\u00e9 en 1802 par Napol\u00e9on a \u00e9t\u00e9 inaugur\u00e9 en 1825. Les paysages souvent domin\u00e9s par de hautes falaises granitiques, des bois et m\u00eame de plantations plus exotiques comme ces champs de th\u00e9 sont agr\u00e9ables.<\/p>\n<p><a href=\"https:\/\/ericante.fr\/?attachment_id=8437\"><img loading=\"lazy\" decoding=\"async\" class=\"alignnone size-medium wp-image-8437\" src=\"https:\/\/ericante.fr\/wp-content\/uploads\/2024\/07\/2024-6-26-rocher-descalade-300x225.jpeg\" alt=\"\" width=\"300\" height=\"225\" srcset=\"https:\/\/ericante.fr\/wp-content\/uploads\/2024\/07\/2024-6-26-rocher-descalade-300x225.jpeg 300w, https:\/\/ericante.fr\/wp-content\/uploads\/2024\/07\/2024-6-26-rocher-descalade-768x576.jpeg 768w, https:\/\/ericante.fr\/wp-content\/uploads\/2024\/07\/2024-6-26-rocher-descalade.jpeg 850w\" sizes=\"auto, (max-width: 300px) 100vw, 300px\" \/><\/a> &nbsp; <a href=\"https:\/\/ericante.fr\/?attachment_id=8436\"><img loading=\"lazy\" decoding=\"async\" class=\"alignnone size-medium wp-image-8436\" src=\"https:\/\/ericante.fr\/wp-content\/uploads\/2024\/07\/champ-de-thejpg-300x225.jpg\" alt=\"\" width=\"300\" height=\"225\" srcset=\"https:\/\/ericante.fr\/wp-content\/uploads\/2024\/07\/champ-de-thejpg-300x225.jpg 300w, https:\/\/ericante.fr\/wp-content\/uploads\/2024\/07\/champ-de-thejpg-768x576.jpg 768w, https:\/\/ericante.fr\/wp-content\/uploads\/2024\/07\/champ-de-thejpg.jpg 850w\" sizes=\"auto, (max-width: 300px) 100vw, 300px\" \/><\/a><\/p>\n<p><a href=\"https:\/\/ericante.fr\/?attachment_id=8442\"><img loading=\"lazy\" decoding=\"async\" class=\"size-medium wp-image-8442 aligncenter\" src=\"https:\/\/ericante.fr\/wp-content\/uploads\/2024\/07\/2024-6-26-Chaumieres-300x225.jpg\" alt=\"\" width=\"300\" height=\"225\" srcset=\"https:\/\/ericante.fr\/wp-content\/uploads\/2024\/07\/2024-6-26-Chaumieres-300x225.jpg 300w, https:\/\/ericante.fr\/wp-content\/uploads\/2024\/07\/2024-6-26-Chaumieres-768x576.jpg 768w, https:\/\/ericante.fr\/wp-content\/uploads\/2024\/07\/2024-6-26-Chaumieres.jpg 850w\" sizes=\"auto, (max-width: 300px) 100vw, 300px\" \/><\/a><\/p>\n<p style=\"text-align: justify;\">Les \u00e9clusiers comp\u00e9tents et attentifs &nbsp;se relaient pour nous accompagner lors des sassages. A midi ils nous conseillent la halte du Pont Neuf \u00e9quip\u00e9e d&rsquo;une borne \u00e9lectrique.<\/p>\n<p>&nbsp; <a href=\"https:\/\/ericante.fr\/?attachment_id=8438\"><img loading=\"lazy\" decoding=\"async\" class=\"alignnone size-medium wp-image-8438\" src=\"https:\/\/ericante.fr\/wp-content\/uploads\/2024\/07\/2024-6-26-maison-eclusiere-300x225.jpg\" alt=\"\" width=\"300\" height=\"225\" srcset=\"https:\/\/ericante.fr\/wp-content\/uploads\/2024\/07\/2024-6-26-maison-eclusiere-300x225.jpg 300w, https:\/\/ericante.fr\/wp-content\/uploads\/2024\/07\/2024-6-26-maison-eclusiere-768x576.jpg 768w, https:\/\/ericante.fr\/wp-content\/uploads\/2024\/07\/2024-6-26-maison-eclusiere.jpg 850w\" sizes=\"auto, (max-width: 300px) 100vw, 300px\" \/><\/a> <a href=\"https:\/\/ericante.fr\/?attachment_id=8432\"><img loading=\"lazy\" decoding=\"async\" class=\"alignnone size-medium wp-image-8432\" src=\"https:\/\/ericante.fr\/wp-content\/uploads\/2024\/07\/2024-6-26-le-barrage-300x225.jpg\" alt=\"\" width=\"300\" height=\"225\" srcset=\"https:\/\/ericante.fr\/wp-content\/uploads\/2024\/07\/2024-6-26-le-barrage-300x225.jpg 300w, https:\/\/ericante.fr\/wp-content\/uploads\/2024\/07\/2024-6-26-le-barrage-768x576.jpg 768w, https:\/\/ericante.fr\/wp-content\/uploads\/2024\/07\/2024-6-26-le-barrage.jpg 850w\" sizes=\"auto, (max-width: 300px) 100vw, 300px\" \/><\/a><\/p>\n<p>A 17h45, 2 piquets, plant\u00e9s par le capitaine, garantissent une nuit sereine dans le hameau de Pont Augan.&nbsp;<\/p>\n<p>&nbsp; <a href=\"https:\/\/ericante.fr\/?attachment_id=8445\"><img loading=\"lazy\" decoding=\"async\" class=\"alignnone wp-image-8445\" src=\"https:\/\/ericante.fr\/wp-content\/uploads\/2024\/07\/2024-6-26-Megawatt-a-Pont-Augan-300x225.jpeg\" alt=\"\" width=\"273\" height=\"205\" srcset=\"https:\/\/ericante.fr\/wp-content\/uploads\/2024\/07\/2024-6-26-Megawatt-a-Pont-Augan-300x225.jpeg 300w, https:\/\/ericante.fr\/wp-content\/uploads\/2024\/07\/2024-6-26-Megawatt-a-Pont-Augan-768x576.jpeg 768w, https:\/\/ericante.fr\/wp-content\/uploads\/2024\/07\/2024-6-26-Megawatt-a-Pont-Augan.jpeg 850w\" sizes=\"auto, (max-width: 273px) 100vw, 273px\" \/><\/a>&nbsp; <a href=\"https:\/\/ericante.fr\/?attachment_id=8443\"><img loading=\"lazy\" decoding=\"async\" class=\"alignnone wp-image-8443\" src=\"https:\/\/ericante.fr\/wp-content\/uploads\/2024\/07\/2024-6-ammare-a-pont-augan-300x190.jpeg\" alt=\"\" width=\"324\" height=\"205\" srcset=\"https:\/\/ericante.fr\/wp-content\/uploads\/2024\/07\/2024-6-ammare-a-pont-augan-300x190.jpeg 300w, https:\/\/ericante.fr\/wp-content\/uploads\/2024\/07\/2024-6-ammare-a-pont-augan-768x487.jpeg 768w, https:\/\/ericante.fr\/wp-content\/uploads\/2024\/07\/2024-6-ammare-a-pont-augan.jpeg 850w\" sizes=\"auto, (max-width: 324px) 100vw, 324px\" \/><\/a><\/p>\n<p><a href=\"https:\/\/ericante.fr\/?attachment_id=8462\"><img loading=\"lazy\" decoding=\"async\" class=\"size-medium wp-image-8462 aligncenter\" src=\"https:\/\/ericante.fr\/wp-content\/uploads\/2024\/07\/2024-6-26-Pont-Augan-300x275.jpeg\" alt=\"\" width=\"300\" height=\"275\" srcset=\"https:\/\/ericante.fr\/wp-content\/uploads\/2024\/07\/2024-6-26-Pont-Augan-300x275.jpeg 300w, https:\/\/ericante.fr\/wp-content\/uploads\/2024\/07\/2024-6-26-Pont-Augan.jpeg 632w\" sizes=\"auto, (max-width: 300px) 100vw, 300px\" \/><\/a><\/p>\n<p>Un ragondin traverse la rivi\u00e8re, tout est calme dans cette charmante escale. Ce soir &nbsp;est jour de fermeture du restaurant cr\u00eaperie.<\/p>\n<p>&nbsp;<\/p>\n","protected":false},"excerpt":{"rendered":"<p>A l&rsquo;heure pr\u00e9vue 9h, \u00e0 mar\u00e9e haute, MegaWatt et Marie Galante montent dans l&rsquo;\u00e9cluse maritime du Blavet du nom de &nbsp;Polvern, n\u00b0 28 au PK 57. &nbsp; Ce canal initi\u00e9 en 1802 par Napol\u00e9on a \u00e9t\u00e9 inaugur\u00e9 en 1825. Les &hellip; <a href=\"https:\/\/ericante.fr\/?p=8428\">Continuer la lecture <span class=\"meta-nav\">&rarr;<\/span><\/a><\/p>\n","protected":false},"author":1,"featured_media":0,"comment_status":"open","ping_status":"open","sticky":false,"template":"","format":"standard","meta":{"_monsterinsights_skip_tracking":false,"_monsterinsights_sitenote_active":false,"_monsterinsights_sitenote_note":"","_monsterinsights_sitenote_category":0,"_uf_show_specific_survey":0,"_uf_disable_surveys":false,"footnotes":""},"categories":[12],"tags":[652],"class_list":["post-8428","post","type-post","status-publish","format-standard","hentry","category-france","tag-saint-augan"],"_links":{"self":[{"href":"https:\/\/ericante.fr\/index.php?rest_route=\/wp\/v2\/posts\/8428","targetHints":{"allow":["GET"]}}],"collection":[{"href":"https:\/\/ericante.fr\/index.php?rest_route=\/wp\/v2\/posts"}],"about":[{"href":"https:\/\/ericante.fr\/index.php?rest_route=\/wp\/v2\/types\/post"}],"author":[{"embeddable":true,"href":"https:\/\/ericante.fr\/index.php?rest_route=\/wp\/v2\/users\/1"}],"replies":[{"embeddable":true,"href":"https:\/\/ericante.fr\/index.php?rest_route=%2Fwp%2Fv2%2Fcomments&post=8428"}],"version-history":[{"count":5,"href":"https:\/\/ericante.fr\/index.php?rest_route=\/wp\/v2\/posts\/8428\/revisions"}],"predecessor-version":[{"id":8518,"href":"https:\/\/ericante.fr\/index.php?rest_route=\/wp\/v2\/posts\/8428\/revisions\/8518"}],"wp:attachment":[{"href":"https:\/\/ericante.fr\/index.php?rest_route=%2Fwp%2Fv2%2Fmedia&parent=8428"}],"wp:term":[{"taxonomy":"category","embeddable":true,"href":"https:\/\/ericante.fr\/index.php?rest_route=%2Fwp%2Fv2%2Fcategories&post=8428"},{"taxonomy":"post_tag","embeddable":true,"href":"https:\/\/ericante.fr\/index.php?rest_route=%2Fwp%2Fv2%2Ftags&post=8428"}],"curies":[{"name":"wp","href":"https:\/\/api.w.org\/{rel}","templated":true}]}}