{"id":8399,"date":"2024-07-12T08:01:55","date_gmt":"2024-07-12T07:01:55","guid":{"rendered":"https:\/\/ericante.fr\/?p=8399"},"modified":"2024-07-14T14:30:55","modified_gmt":"2024-07-14T13:30:55","slug":"de-locmiquelic-a-hennebont-le-lundi-24-juin-2024","status":"publish","type":"post","link":"https:\/\/ericante.fr\/?p=8399","title":{"rendered":"de Locmiquelic \u00e0 Hennebont le lundi 24 juin 2024"},"content":{"rendered":"<p style=\"text-align: justify;\">Pour remonter le Blavet il faut attendre le flot. Nous quittons la place visiteur de Locmiquelic \u00e0 14h 30.<\/p>\n<p><a href=\"https:\/\/ericante.fr\/?attachment_id=8418\"><img loading=\"lazy\" decoding=\"async\" class=\"size-medium wp-image-8418 aligncenter\" src=\"https:\/\/ericante.fr\/wp-content\/uploads\/2024\/07\/2024-6-24-depart-de-Locmiquelic-300x225.jpg\" alt=\"\" width=\"300\" height=\"225\" srcset=\"https:\/\/ericante.fr\/wp-content\/uploads\/2024\/07\/2024-6-24-depart-de-Locmiquelic-300x225.jpg 300w, https:\/\/ericante.fr\/wp-content\/uploads\/2024\/07\/2024-6-24-depart-de-Locmiquelic-768x576.jpg 768w, https:\/\/ericante.fr\/wp-content\/uploads\/2024\/07\/2024-6-24-depart-de-Locmiquelic.jpg 850w\" sizes=\"auto, (max-width: 300px) 100vw, 300px\" \/><\/a><\/p>\n<p>La remont\u00e9e est agr\u00e9able dans un cadre arbor\u00e9.<\/p>\n<p><a href=\"https:\/\/ericante.fr\/?attachment_id=8415\"><img loading=\"lazy\" decoding=\"async\" class=\"size-medium wp-image-8415 aligncenter\" src=\"https:\/\/ericante.fr\/wp-content\/uploads\/2024\/07\/2024-6-24-Le-Blavet-300x225.jpg\" alt=\"\" width=\"300\" height=\"225\" srcset=\"https:\/\/ericante.fr\/wp-content\/uploads\/2024\/07\/2024-6-24-Le-Blavet-300x225.jpg 300w, https:\/\/ericante.fr\/wp-content\/uploads\/2024\/07\/2024-6-24-Le-Blavet-768x576.jpg 768w, https:\/\/ericante.fr\/wp-content\/uploads\/2024\/07\/2024-6-24-Le-Blavet.jpg 850w\" sizes=\"auto, (max-width: 300px) 100vw, 300px\" \/><\/a><\/p>\n<p style=\"text-align: justify;\">Arriv\u00e9e \u00e0 Hennebont le ponton est court, apr\u00e8s une h\u00e9sitation je vire trop court et le courant nous porte sur un petit bateau portant le nom de Paradis. Notre bateau croch\u00e9 sa bou\u00e9e arri\u00e8re. Impossible de se d\u00e9gager avec ce courant sans risquer des d\u00e9g\u00e2ts, il faut attendre la renverse. A &nbsp;l&rsquo;\u00e9tale Megawatt se lib\u00e8re et nous nous amarrer au ponton qui est ne comporte que 4 places et sert \u00e0 la fois au chantier et au port.<\/p>\n<p>&nbsp; <a href=\"https:\/\/ericante.fr\/?attachment_id=8417\"><img loading=\"lazy\" decoding=\"async\" class=\"alignnone size-medium wp-image-8417\" src=\"https:\/\/ericante.fr\/wp-content\/uploads\/2024\/07\/2024-6-34-le-paradis-300x225.jpg\" alt=\"\" width=\"300\" height=\"225\" srcset=\"https:\/\/ericante.fr\/wp-content\/uploads\/2024\/07\/2024-6-34-le-paradis-300x225.jpg 300w, https:\/\/ericante.fr\/wp-content\/uploads\/2024\/07\/2024-6-34-le-paradis-768x576.jpg 768w, https:\/\/ericante.fr\/wp-content\/uploads\/2024\/07\/2024-6-34-le-paradis.jpg 850w\" sizes=\"auto, (max-width: 300px) 100vw, 300px\" \/><\/a> &nbsp; <a href=\"https:\/\/ericante.fr\/?attachment_id=8408\"><img loading=\"lazy\" decoding=\"async\" class=\"alignnone size-medium wp-image-8408\" src=\"https:\/\/ericante.fr\/wp-content\/uploads\/2024\/07\/2024-6-24-Megawatt-a-Hennebont-300x225.jpeg\" alt=\"\" width=\"300\" height=\"225\" srcset=\"https:\/\/ericante.fr\/wp-content\/uploads\/2024\/07\/2024-6-24-Megawatt-a-Hennebont-300x225.jpeg 300w, https:\/\/ericante.fr\/wp-content\/uploads\/2024\/07\/2024-6-24-Megawatt-a-Hennebont-768x576.jpeg 768w, https:\/\/ericante.fr\/wp-content\/uploads\/2024\/07\/2024-6-24-Megawatt-a-Hennebont.jpeg 850w\" sizes=\"auto, (max-width: 300px) 100vw, 300px\" \/><\/a><\/p>\n<p style=\"text-align: justify;\">Le lendemain il &nbsp;faut passer sous les ponts d&rsquo;Hennebont. il y a un cr\u00e9neau horaire assez \u00e9troit car \u00e0 mar\u00e9e haute il n&rsquo;y a pas assez de place sous le pont et \u00e0 mar\u00e9e basse pas assez d&rsquo;eau. Un panneau indique en permanence la hauteur d&rsquo;eau.<\/p>\n<p><a href=\"https:\/\/ericante.fr\/?attachment_id=8410\"><img loading=\"lazy\" decoding=\"async\" class=\"size-medium wp-image-8410 aligncenter\" src=\"https:\/\/ericante.fr\/wp-content\/uploads\/2024\/07\/2024-6-25-attente-300x225.jpg\" alt=\"\" width=\"300\" height=\"225\" srcset=\"https:\/\/ericante.fr\/wp-content\/uploads\/2024\/07\/2024-6-25-attente-300x225.jpg 300w, https:\/\/ericante.fr\/wp-content\/uploads\/2024\/07\/2024-6-25-attente-768x576.jpg 768w, https:\/\/ericante.fr\/wp-content\/uploads\/2024\/07\/2024-6-25-attente.jpg 1024w\" sizes=\"auto, (max-width: 300px) 100vw, 300px\" \/><\/a><\/p>\n<p style=\"text-align: justify;\">Selon l&rsquo;\u00e9clusier &nbsp;nous pourrions passer entre 10h et 11h Nous nous pr\u00e9sentons donc \u00e0 10h 45, mais il n&rsquo;y a pas de hauteur suffisante pour y aller. Nous amarrons MegaWatt au ponton d&rsquo;attente \u00e0 couple de Marie Galante le bateau d&rsquo;Eric, qui connait parfaitement le Blavet et nous conseille d&rsquo;attendre 11h30 pour passer en toute s\u00e9curit\u00e9. Nous suivons ce conseil. Le ponton suivant pr\u00e9vu pour l&rsquo;attente de l&rsquo;ouverture de l&rsquo;\u00e9cluse est tout petit.&nbsp;<\/p>\n<p><a href=\"https:\/\/ericante.fr\/?attachment_id=8416\"><img loading=\"lazy\" decoding=\"async\" class=\"size-medium wp-image-8416 aligncenter\" src=\"https:\/\/ericante.fr\/wp-content\/uploads\/2024\/07\/2024-6-24-Eric-225x300.jpg\" alt=\"\" width=\"225\" height=\"300\" srcset=\"https:\/\/ericante.fr\/wp-content\/uploads\/2024\/07\/2024-6-24-Eric-225x300.jpg 225w, https:\/\/ericante.fr\/wp-content\/uploads\/2024\/07\/2024-6-24-Eric.jpg 638w\" sizes=\"auto, (max-width: 225px) 100vw, 225px\" \/><\/a><\/p>\n<p>&nbsp; &nbsp; &nbsp; <a href=\"https:\/\/ericante.fr\/?attachment_id=8414\"><img loading=\"lazy\" decoding=\"async\" class=\"alignnone size-medium wp-image-8414\" src=\"https:\/\/ericante.fr\/wp-content\/uploads\/2024\/07\/2024-6-25-Sous-le-pont-dHennebont-300x225.jpg\" alt=\"\" width=\"300\" height=\"225\" srcset=\"https:\/\/ericante.fr\/wp-content\/uploads\/2024\/07\/2024-6-25-Sous-le-pont-dHennebont-300x225.jpg 300w, https:\/\/ericante.fr\/wp-content\/uploads\/2024\/07\/2024-6-25-Sous-le-pont-dHennebont-768x576.jpg 768w, https:\/\/ericante.fr\/wp-content\/uploads\/2024\/07\/2024-6-25-Sous-le-pont-dHennebont.jpg 850w\" sizes=\"auto, (max-width: 300px) 100vw, 300px\" \/><\/a> &nbsp;<a href=\"https:\/\/ericante.fr\/?attachment_id=8412\"><img loading=\"lazy\" decoding=\"async\" class=\"alignnone size-medium wp-image-8412\" src=\"https:\/\/ericante.fr\/wp-content\/uploads\/2024\/07\/2024-6-25-Cest-passe-300x225.jpg\" alt=\"\" width=\"300\" height=\"225\" srcset=\"https:\/\/ericante.fr\/wp-content\/uploads\/2024\/07\/2024-6-25-Cest-passe-300x225.jpg 300w, https:\/\/ericante.fr\/wp-content\/uploads\/2024\/07\/2024-6-25-Cest-passe-768x576.jpg 768w, https:\/\/ericante.fr\/wp-content\/uploads\/2024\/07\/2024-6-25-Cest-passe.jpg 850w\" sizes=\"auto, (max-width: 300px) 100vw, 300px\" \/><\/a><\/p>\n<p style=\"text-align: justify;\">Nous nous amarrons de nouveau \u00e0 couple de Marie Galante au ponton de Saint Caradec, \u00e0 la sortie de la ville. Nous irons \u00e0 l&rsquo;\u00e9cluse demain avec Marie Galante.<\/p>\n<p><a href=\"https:\/\/ericante.fr\/?attachment_id=8407\"><img loading=\"lazy\" decoding=\"async\" class=\"size-medium wp-image-8407 aligncenter\" src=\"https:\/\/ericante.fr\/wp-content\/uploads\/2024\/07\/2024-6-25-megawatt-a-couple-de-marie-galante-300x225.jpg\" alt=\"\" width=\"300\" height=\"225\" srcset=\"https:\/\/ericante.fr\/wp-content\/uploads\/2024\/07\/2024-6-25-megawatt-a-couple-de-marie-galante-300x225.jpg 300w, https:\/\/ericante.fr\/wp-content\/uploads\/2024\/07\/2024-6-25-megawatt-a-couple-de-marie-galante-768x576.jpg 768w, https:\/\/ericante.fr\/wp-content\/uploads\/2024\/07\/2024-6-25-megawatt-a-couple-de-marie-galante.jpg 1024w\" sizes=\"auto, (max-width: 300px) 100vw, 300px\" \/><\/a><\/p>\n<p style=\"text-align: justify;\">Cette escale nous permet de visiter Hennebont et sa forteresse. Elle contient de nombreux objets anciens de la r\u00e9gion notamment des fa\u00efences et des meubles &nbsp;Fouillen.<\/p>\n<p><a href=\"https:\/\/ericante.fr\/?attachment_id=8409\"><img loading=\"lazy\" decoding=\"async\" class=\" wp-image-8409 aligncenter\" src=\"https:\/\/ericante.fr\/wp-content\/uploads\/2024\/07\/2024-5-25-le-rempart-dhennebont-300x225.jpeg\" alt=\"\" width=\"388\" height=\"291\" srcset=\"https:\/\/ericante.fr\/wp-content\/uploads\/2024\/07\/2024-5-25-le-rempart-dhennebont-300x225.jpeg 300w, https:\/\/ericante.fr\/wp-content\/uploads\/2024\/07\/2024-5-25-le-rempart-dhennebont-768x576.jpeg 768w, https:\/\/ericante.fr\/wp-content\/uploads\/2024\/07\/2024-5-25-le-rempart-dhennebont.jpeg 1024w\" sizes=\"auto, (max-width: 388px) 100vw, 388px\" \/><\/a><\/p>\n<p>&nbsp; &nbsp;<a href=\"https:\/\/ericante.fr\/?attachment_id=8413\"><img loading=\"lazy\" decoding=\"async\" class=\"alignnone size-medium wp-image-8413\" src=\"https:\/\/ericante.fr\/wp-content\/uploads\/2024\/07\/2024-6-25-Faience-Fouillen-300x225.jpeg\" alt=\"\" width=\"300\" height=\"225\" srcset=\"https:\/\/ericante.fr\/wp-content\/uploads\/2024\/07\/2024-6-25-Faience-Fouillen-300x225.jpeg 300w, https:\/\/ericante.fr\/wp-content\/uploads\/2024\/07\/2024-6-25-Faience-Fouillen-768x576.jpeg 768w, https:\/\/ericante.fr\/wp-content\/uploads\/2024\/07\/2024-6-25-Faience-Fouillen.jpeg 850w\" sizes=\"auto, (max-width: 300px) 100vw, 300px\" \/><\/a> <a href=\"https:\/\/ericante.fr\/?attachment_id=8411\"><img loading=\"lazy\" decoding=\"async\" class=\"alignnone size-medium wp-image-8411\" src=\"https:\/\/ericante.fr\/wp-content\/uploads\/2024\/07\/2024-6-25-meubles-Fouillen-300x225.jpeg\" alt=\"\" width=\"300\" height=\"225\" srcset=\"https:\/\/ericante.fr\/wp-content\/uploads\/2024\/07\/2024-6-25-meubles-Fouillen-300x225.jpeg 300w, https:\/\/ericante.fr\/wp-content\/uploads\/2024\/07\/2024-6-25-meubles-Fouillen-768x576.jpeg 768w, https:\/\/ericante.fr\/wp-content\/uploads\/2024\/07\/2024-6-25-meubles-Fouillen.jpeg 850w\" sizes=\"auto, (max-width: 300px) 100vw, 300px\" \/><\/a><\/p>\n<p>&nbsp;<\/p>\n<p>&nbsp;<\/p>\n<p>&nbsp;<\/p>\n<p>&nbsp;<\/p>\n<p>&nbsp;<\/p>\n","protected":false},"excerpt":{"rendered":"<p>Pour remonter le Blavet il faut attendre le flot. Nous quittons la place visiteur de Locmiquelic \u00e0 14h 30. La remont\u00e9e est agr\u00e9able dans un cadre arbor\u00e9. Arriv\u00e9e \u00e0 Hennebont le ponton est court, apr\u00e8s une h\u00e9sitation je vire trop &hellip; <a href=\"https:\/\/ericante.fr\/?p=8399\">Continuer la lecture <span class=\"meta-nav\">&rarr;<\/span><\/a><\/p>\n","protected":false},"author":1,"featured_media":0,"comment_status":"open","ping_status":"open","sticky":false,"template":"","format":"standard","meta":{"_monsterinsights_skip_tracking":false,"_monsterinsights_sitenote_active":false,"_monsterinsights_sitenote_note":"","_monsterinsights_sitenote_category":0,"_uf_show_specific_survey":0,"_uf_disable_surveys":false,"footnotes":""},"categories":[12],"tags":[649],"class_list":["post-8399","post","type-post","status-publish","format-standard","hentry","category-france","tag-hennebont"],"_links":{"self":[{"href":"https:\/\/ericante.fr\/index.php?rest_route=\/wp\/v2\/posts\/8399","targetHints":{"allow":["GET"]}}],"collection":[{"href":"https:\/\/ericante.fr\/index.php?rest_route=\/wp\/v2\/posts"}],"about":[{"href":"https:\/\/ericante.fr\/index.php?rest_route=\/wp\/v2\/types\/post"}],"author":[{"embeddable":true,"href":"https:\/\/ericante.fr\/index.php?rest_route=\/wp\/v2\/users\/1"}],"replies":[{"embeddable":true,"href":"https:\/\/ericante.fr\/index.php?rest_route=%2Fwp%2Fv2%2Fcomments&post=8399"}],"version-history":[{"count":5,"href":"https:\/\/ericante.fr\/index.php?rest_route=\/wp\/v2\/posts\/8399\/revisions"}],"predecessor-version":[{"id":8426,"href":"https:\/\/ericante.fr\/index.php?rest_route=\/wp\/v2\/posts\/8399\/revisions\/8426"}],"wp:attachment":[{"href":"https:\/\/ericante.fr\/index.php?rest_route=%2Fwp%2Fv2%2Fmedia&parent=8399"}],"wp:term":[{"taxonomy":"category","embeddable":true,"href":"https:\/\/ericante.fr\/index.php?rest_route=%2Fwp%2Fv2%2Fcategories&post=8399"},{"taxonomy":"post_tag","embeddable":true,"href":"https:\/\/ericante.fr\/index.php?rest_route=%2Fwp%2Fv2%2Ftags&post=8399"}],"curies":[{"name":"wp","href":"https:\/\/api.w.org\/{rel}","templated":true}]}}