{"id":8315,"date":"2024-07-10T11:09:07","date_gmt":"2024-07-10T10:09:07","guid":{"rendered":"https:\/\/ericante.fr\/?p=8315"},"modified":"2024-07-19T19:04:07","modified_gmt":"2024-07-19T18:04:07","slug":"de-vannes-a-locmariaquer-le-jeudi-20-juin-2024","status":"publish","type":"post","link":"https:\/\/ericante.fr\/?p=8315","title":{"rendered":"De Vannes \u00e0 Locmariaquer le jeudi 20 juin 2024"},"content":{"rendered":"<p style=\"text-align: justify;\">Apr\u00e8s une semaine pass\u00e9e \u00e0 Vannes nous allons mettre le cap sur Locmariaquer. Ce petit port nous avait beaucoup plu lorsque nous l&rsquo;avions visit\u00e9 il y a deux ans.<\/p>\n<p>&nbsp; <a href=\"https:\/\/ericante.fr\/?attachment_id=8366\"><img loading=\"lazy\" decoding=\"async\" class=\"alignnone size-medium wp-image-8366\" src=\"https:\/\/ericante.fr\/wp-content\/uploads\/2024\/07\/2024-6-20-depart-de-vannesjpg-300x225.jpg\" alt=\"\" width=\"300\" height=\"225\" srcset=\"https:\/\/ericante.fr\/wp-content\/uploads\/2024\/07\/2024-6-20-depart-de-vannesjpg-300x225.jpg 300w, https:\/\/ericante.fr\/wp-content\/uploads\/2024\/07\/2024-6-20-depart-de-vannesjpg-768x576.jpg 768w, https:\/\/ericante.fr\/wp-content\/uploads\/2024\/07\/2024-6-20-depart-de-vannesjpg.jpg 850w\" sizes=\"auto, (max-width: 300px) 100vw, 300px\" \/><\/a> <a href=\"https:\/\/ericante.fr\/?attachment_id=8365\"><img loading=\"lazy\" decoding=\"async\" class=\"alignnone size-medium wp-image-8365\" src=\"https:\/\/ericante.fr\/wp-content\/uploads\/2024\/07\/2024-6-20-iIe-aux-Moines-300x225.jpg\" alt=\"\" width=\"300\" height=\"225\" srcset=\"https:\/\/ericante.fr\/wp-content\/uploads\/2024\/07\/2024-6-20-iIe-aux-Moines-300x225.jpg 300w, https:\/\/ericante.fr\/wp-content\/uploads\/2024\/07\/2024-6-20-iIe-aux-Moines-768x576.jpg 768w, https:\/\/ericante.fr\/wp-content\/uploads\/2024\/07\/2024-6-20-iIe-aux-Moines.jpg 850w\" sizes=\"auto, (max-width: 300px) 100vw, 300px\" \/><\/a><\/p>\n<p style=\"text-align: justify;\">Mais les portes du port de Vannes ferment \u00e0 8 heures 30 et le port de Locmariaquer \u00e9choue \u00e0 partir de 9 heures. Il faudra attendre 14 heures pour avoir de l&rsquo;eau. Nous d\u00e9cidons donc de sortir du port le matin et d&rsquo;aller attendre \u00e0 l&rsquo;\u00eele aux Moines. La descente avec le courant est rapide et &nbsp;en moins d&rsquo;une heure nous sommes amarr\u00e9s au ponton offshore de l&rsquo;\u00eele aux Moines.<\/p>\n<p style=\"text-align: justify;\">Nous quittons le ponton \u00e0 13h15, imaginant qu&rsquo;avec un coefficient de mar\u00e9e de 46 le courant ne serait pas trop fort. Erreur! il nous faudra \u00e0 deux reprises pousser le moteur \u00e0 &nbsp;2 500 tours pour ne pas reculer face au courant de mer montante.<\/p>\n<p><a href=\"https:\/\/ericante.fr\/?attachment_id=8361\"><img loading=\"lazy\" decoding=\"async\" class=\" wp-image-8361 aligncenter\" src=\"https:\/\/ericante.fr\/wp-content\/uploads\/2024\/07\/2024-6-20-vers-locmariaquerjpg-300x224.jpg\" alt=\"\" width=\"437\" height=\"326\" srcset=\"https:\/\/ericante.fr\/wp-content\/uploads\/2024\/07\/2024-6-20-vers-locmariaquerjpg-300x224.jpg 300w, https:\/\/ericante.fr\/wp-content\/uploads\/2024\/07\/2024-6-20-vers-locmariaquerjpg-768x575.jpg 768w, https:\/\/ericante.fr\/wp-content\/uploads\/2024\/07\/2024-6-20-vers-locmariaquerjpg.jpg 850w\" sizes=\"auto, (max-width: 437px) 100vw, 437px\" \/><\/a><\/p>\n<p style=\"text-align: justify;\">Deux heures pour parcourir les 6 miles jusqu&rsquo;au canal d&rsquo;entr\u00e9e du port de Locmariaquer. Les marques &nbsp;du chenal sont sommaires mais bien visibles<\/p>\n<p>&nbsp; &nbsp; &nbsp; &nbsp; &nbsp; &nbsp; &nbsp; <a href=\"https:\/\/ericante.fr\/?attachment_id=8362\"><img loading=\"lazy\" decoding=\"async\" class=\"alignnone wp-image-8362\" src=\"https:\/\/ericante.fr\/wp-content\/uploads\/2024\/07\/2024-6-20-le-chennal-de-locmariaquer-300x225.jpg\" alt=\"\" width=\"371\" height=\"278\" srcset=\"https:\/\/ericante.fr\/wp-content\/uploads\/2024\/07\/2024-6-20-le-chennal-de-locmariaquer-300x225.jpg 300w, https:\/\/ericante.fr\/wp-content\/uploads\/2024\/07\/2024-6-20-le-chennal-de-locmariaquer-768x576.jpg 768w, https:\/\/ericante.fr\/wp-content\/uploads\/2024\/07\/2024-6-20-le-chennal-de-locmariaquer.jpg 850w\" sizes=\"auto, (max-width: 371px) 100vw, 371px\" \/><\/a> <a href=\"https:\/\/ericante.fr\/?attachment_id=8363\"><img loading=\"lazy\" decoding=\"async\" class=\"alignnone wp-image-8363\" src=\"https:\/\/ericante.fr\/wp-content\/uploads\/2024\/07\/2024-6-20-Marque-tribord-du-chenal-300x256.jpg\" alt=\"\" width=\"171\" height=\"146\" srcset=\"https:\/\/ericante.fr\/wp-content\/uploads\/2024\/07\/2024-6-20-Marque-tribord-du-chenal-300x256.jpg 300w, https:\/\/ericante.fr\/wp-content\/uploads\/2024\/07\/2024-6-20-Marque-tribord-du-chenal-768x656.jpg 768w, https:\/\/ericante.fr\/wp-content\/uploads\/2024\/07\/2024-6-20-Marque-tribord-du-chenal.jpg 1024w\" sizes=\"auto, (max-width: 171px) 100vw, 171px\" \/><\/a><\/p>\n<p style=\"text-align: justify;\">Tr\u00e8s bon accueil par le Ma\u00eetre du port mais il n&rsquo;y a ni eau ni \u00e9lectricit\u00e9 au ponton. l&rsquo;\u00e9chouage dans la vase ne pose pas de probl\u00e8me.<\/p>\n<p>&nbsp; &nbsp;<a href=\"https:\/\/ericante.fr\/?attachment_id=8364\"><img loading=\"lazy\" decoding=\"async\" class=\"alignnone size-medium wp-image-8364\" src=\"https:\/\/ericante.fr\/wp-content\/uploads\/2024\/07\/2024-6-20-Megawatt-a-Locmariaquer-300x225.jpg\" alt=\"\" width=\"300\" height=\"225\" srcset=\"https:\/\/ericante.fr\/wp-content\/uploads\/2024\/07\/2024-6-20-Megawatt-a-Locmariaquer-300x225.jpg 300w, https:\/\/ericante.fr\/wp-content\/uploads\/2024\/07\/2024-6-20-Megawatt-a-Locmariaquer-768x576.jpg 768w, https:\/\/ericante.fr\/wp-content\/uploads\/2024\/07\/2024-6-20-Megawatt-a-Locmariaquer.jpg 850w\" sizes=\"auto, (max-width: 300px) 100vw, 300px\" \/><\/a> <a href=\"https:\/\/ericante.fr\/?attachment_id=8358\"><img loading=\"lazy\" decoding=\"async\" class=\"alignnone size-medium wp-image-8358\" src=\"https:\/\/ericante.fr\/wp-content\/uploads\/2024\/07\/2024-6-21-matin-calme-a-Locmariaquer-300x225.jpeg\" alt=\"\" width=\"300\" height=\"225\" srcset=\"https:\/\/ericante.fr\/wp-content\/uploads\/2024\/07\/2024-6-21-matin-calme-a-Locmariaquer-300x225.jpeg 300w, https:\/\/ericante.fr\/wp-content\/uploads\/2024\/07\/2024-6-21-matin-calme-a-Locmariaquer-768x576.jpeg 768w, https:\/\/ericante.fr\/wp-content\/uploads\/2024\/07\/2024-6-21-matin-calme-a-Locmariaquer.jpeg 850w\" sizes=\"auto, (max-width: 300px) 100vw, 300px\" \/><\/a><\/p>\n<p style=\"text-align: justify;\">L&rsquo;escale st agr\u00e9able et permet de grandes balades, entre autre jusqu&rsquo;\u00e0 l&rsquo;entr\u00e9e du golfe du Morbihan.<\/p>\n<p><a href=\"https:\/\/ericante.fr\/?attachment_id=8360\"><img loading=\"lazy\" decoding=\"async\" class=\" wp-image-8360 aligncenter\" src=\"https:\/\/ericante.fr\/wp-content\/uploads\/2024\/07\/2024-6-21-Locmariaquer-a-maree-basse-300x225.jpeg\" alt=\"\" width=\"471\" height=\"353\" srcset=\"https:\/\/ericante.fr\/wp-content\/uploads\/2024\/07\/2024-6-21-Locmariaquer-a-maree-basse-300x225.jpeg 300w, https:\/\/ericante.fr\/wp-content\/uploads\/2024\/07\/2024-6-21-Locmariaquer-a-maree-basse-768x576.jpeg 768w, https:\/\/ericante.fr\/wp-content\/uploads\/2024\/07\/2024-6-21-Locmariaquer-a-maree-basse.jpeg 850w\" sizes=\"auto, (max-width: 471px) 100vw, 471px\" \/><\/a><\/p>\n<p><a href=\"https:\/\/ericante.fr\/?attachment_id=8359\"><img loading=\"lazy\" decoding=\"async\" class=\"alignnone wp-image-8359\" src=\"https:\/\/ericante.fr\/wp-content\/uploads\/2024\/07\/2024-6-21-sortie-du-golfe-du-Morbihan-300x225.jpg\" alt=\"\" width=\"398\" height=\"299\" srcset=\"https:\/\/ericante.fr\/wp-content\/uploads\/2024\/07\/2024-6-21-sortie-du-golfe-du-Morbihan-300x225.jpg 300w, https:\/\/ericante.fr\/wp-content\/uploads\/2024\/07\/2024-6-21-sortie-du-golfe-du-Morbihan-768x576.jpg 768w, https:\/\/ericante.fr\/wp-content\/uploads\/2024\/07\/2024-6-21-sortie-du-golfe-du-Morbihan.jpg 850w\" sizes=\"auto, (max-width: 398px) 100vw, 398px\" \/><\/a> <a href=\"https:\/\/ericante.fr\/?attachment_id=8357\"><img loading=\"lazy\" decoding=\"async\" class=\"alignnone size-medium wp-image-8357\" src=\"https:\/\/ericante.fr\/wp-content\/uploads\/2024\/07\/2024-6-21-balade-a-Locmariaquer-225x300.jpg\" alt=\"\" width=\"225\" height=\"300\" srcset=\"https:\/\/ericante.fr\/wp-content\/uploads\/2024\/07\/2024-6-21-balade-a-Locmariaquer-225x300.jpg 225w, https:\/\/ericante.fr\/wp-content\/uploads\/2024\/07\/2024-6-21-balade-a-Locmariaquer.jpg 638w\" sizes=\"auto, (max-width: 225px) 100vw, 225px\" \/><\/a><\/p>\n<p style=\"text-align: justify;\">Le 21 juin, f\u00eate de la musique, nous craignons une soir\u00e9e bruyante. Heureusement, pour nous, il se met \u00e0 pleuvoir \u00e0 19heures et la f\u00eate s&rsquo;arr\u00eate \u00e0 20 heures.<\/p>\n<p><a href=\"https:\/\/ericante.fr\/?attachment_id=8370\"><img loading=\"lazy\" decoding=\"async\" class=\" wp-image-8370 aligncenter\" src=\"https:\/\/ericante.fr\/wp-content\/uploads\/2024\/07\/2024-6-20-arc-en-ciel-a-locmariaquer-300x225.jpg\" alt=\"\" width=\"437\" height=\"328\" srcset=\"https:\/\/ericante.fr\/wp-content\/uploads\/2024\/07\/2024-6-20-arc-en-ciel-a-locmariaquer-300x225.jpg 300w, https:\/\/ericante.fr\/wp-content\/uploads\/2024\/07\/2024-6-20-arc-en-ciel-a-locmariaquer-768x576.jpg 768w, https:\/\/ericante.fr\/wp-content\/uploads\/2024\/07\/2024-6-20-arc-en-ciel-a-locmariaquer.jpg 850w\" sizes=\"auto, (max-width: 437px) 100vw, 437px\" \/><\/a><\/p>\n<p style=\"text-align: justify;\">&nbsp;<\/p>\n","protected":false},"excerpt":{"rendered":"<p>Apr\u00e8s une semaine pass\u00e9e \u00e0 Vannes nous allons mettre le cap sur Locmariaquer. Ce petit port nous avait beaucoup plu lorsque nous l&rsquo;avions visit\u00e9 il y a deux ans. &nbsp; Mais les portes du port de Vannes ferment \u00e0 8 &hellip; <a href=\"https:\/\/ericante.fr\/?p=8315\">Continuer la lecture <span class=\"meta-nav\">&rarr;<\/span><\/a><\/p>\n","protected":false},"author":1,"featured_media":0,"comment_status":"open","ping_status":"open","sticky":false,"template":"","format":"standard","meta":{"_monsterinsights_skip_tracking":false,"_monsterinsights_sitenote_active":false,"_monsterinsights_sitenote_note":"","_monsterinsights_sitenote_category":0,"_uf_show_specific_survey":0,"_uf_disable_surveys":false,"footnotes":""},"categories":[12],"tags":[646],"class_list":["post-8315","post","type-post","status-publish","format-standard","hentry","category-france","tag-locmariaquer"],"_links":{"self":[{"href":"https:\/\/ericante.fr\/index.php?rest_route=\/wp\/v2\/posts\/8315","targetHints":{"allow":["GET"]}}],"collection":[{"href":"https:\/\/ericante.fr\/index.php?rest_route=\/wp\/v2\/posts"}],"about":[{"href":"https:\/\/ericante.fr\/index.php?rest_route=\/wp\/v2\/types\/post"}],"author":[{"embeddable":true,"href":"https:\/\/ericante.fr\/index.php?rest_route=\/wp\/v2\/users\/1"}],"replies":[{"embeddable":true,"href":"https:\/\/ericante.fr\/index.php?rest_route=%2Fwp%2Fv2%2Fcomments&post=8315"}],"version-history":[{"count":5,"href":"https:\/\/ericante.fr\/index.php?rest_route=\/wp\/v2\/posts\/8315\/revisions"}],"predecessor-version":[{"id":8565,"href":"https:\/\/ericante.fr\/index.php?rest_route=\/wp\/v2\/posts\/8315\/revisions\/8565"}],"wp:attachment":[{"href":"https:\/\/ericante.fr\/index.php?rest_route=%2Fwp%2Fv2%2Fmedia&parent=8315"}],"wp:term":[{"taxonomy":"category","embeddable":true,"href":"https:\/\/ericante.fr\/index.php?rest_route=%2Fwp%2Fv2%2Fcategories&post=8315"},{"taxonomy":"post_tag","embeddable":true,"href":"https:\/\/ericante.fr\/index.php?rest_route=%2Fwp%2Fv2%2Ftags&post=8315"}],"curies":[{"name":"wp","href":"https:\/\/api.w.org\/{rel}","templated":true}]}}