{"id":8310,"date":"2024-07-08T21:32:08","date_gmt":"2024-07-08T20:32:08","guid":{"rendered":"https:\/\/ericante.fr\/?p=8310"},"modified":"2024-07-19T19:03:06","modified_gmt":"2024-07-19T18:03:06","slug":"de-lile-aux-moines-a-vannes-du-jeudi-13-juin-2024","status":"publish","type":"post","link":"https:\/\/ericante.fr\/?p=8310","title":{"rendered":"De l&rsquo;\u00cele aux Moines \u00e0 Vannes du jeudi 13 juin 2024"},"content":{"rendered":"<p style=\"text-align: justify;\">D\u00e9part \u00e0 10 heures sous le soleil pour une courte \u00e9tape vers Vannes. Nous avons le fort courant du golfe avec nous et le moteur \u00e9lectrique \u00e0 mi puissance nous suffit pour avancer rapidement. En route nous croisons un Sinago pr\u00eat \u00e0 partir<\/p>\n<p><a href=\"https:\/\/ericante.fr\/?attachment_id=8339\"><img loading=\"lazy\" decoding=\"async\" class=\"alignnone wp-image-8339\" src=\"https:\/\/ericante.fr\/wp-content\/uploads\/2024\/07\/2024-6-13-depart-de-lile-aux-moinesjpg-300x225.jpg\" alt=\"\" width=\"319\" height=\"239\" srcset=\"https:\/\/ericante.fr\/wp-content\/uploads\/2024\/07\/2024-6-13-depart-de-lile-aux-moinesjpg-300x225.jpg 300w, https:\/\/ericante.fr\/wp-content\/uploads\/2024\/07\/2024-6-13-depart-de-lile-aux-moinesjpg-768x576.jpg 768w, https:\/\/ericante.fr\/wp-content\/uploads\/2024\/07\/2024-6-13-depart-de-lile-aux-moinesjpg.jpg 850w\" sizes=\"auto, (max-width: 319px) 100vw, 319px\" \/><\/a><a href=\"https:\/\/ericante.fr\/?attachment_id=8327\"> <img loading=\"lazy\" decoding=\"async\" class=\"alignnone size-medium wp-image-8327\" src=\"https:\/\/ericante.fr\/wp-content\/uploads\/2024\/07\/2024-6-13-singoo-du-golfe-du-morbihan-300x243.jpg\" alt=\"\" width=\"300\" height=\"243\" srcset=\"https:\/\/ericante.fr\/wp-content\/uploads\/2024\/07\/2024-6-13-singoo-du-golfe-du-morbihan-300x243.jpg 300w, https:\/\/ericante.fr\/wp-content\/uploads\/2024\/07\/2024-6-13-singoo-du-golfe-du-morbihan.jpg 373w\" sizes=\"auto, (max-width: 300px) 100vw, 300px\" \/><\/a><\/p>\n<p style=\"text-align: justify;\">Nous arrivons juste \u00e0 l&rsquo;heure pour l&rsquo;ouverture du pont mais il y a un peu de retard et il nous &nbsp;faut \u00ab\u00a0faire des ronds\u00a0\u00bb. Amarrage \u00e0 la place 273 \u00e0 11h 30. La place est assez loin de la capitainerie, mais \u00e0 l&rsquo;usage nous constaterons qu&rsquo;elle est beaucoup plus calme, loin du brouhaha de la ville.&nbsp;<\/p>\n<p>&nbsp; &nbsp;<a href=\"https:\/\/ericante.fr\/?attachment_id=8337\"><img loading=\"lazy\" decoding=\"async\" class=\"alignnone size-medium wp-image-8337\" src=\"https:\/\/ericante.fr\/wp-content\/uploads\/2024\/07\/2024-6-13-arrivee-a-Vannes-300x225.jpg\" alt=\"\" width=\"300\" height=\"225\" srcset=\"https:\/\/ericante.fr\/wp-content\/uploads\/2024\/07\/2024-6-13-arrivee-a-Vannes-300x225.jpg 300w, https:\/\/ericante.fr\/wp-content\/uploads\/2024\/07\/2024-6-13-arrivee-a-Vannes.jpg 640w\" sizes=\"auto, (max-width: 300px) 100vw, 300px\" \/><\/a>&nbsp; &nbsp; <a href=\"https:\/\/ericante.fr\/?attachment_id=8336\"><img loading=\"lazy\" decoding=\"async\" class=\"alignnone size-medium wp-image-8336\" src=\"https:\/\/ericante.fr\/wp-content\/uploads\/2024\/07\/2024-6-13-Ammare-a-Vannes-300x225.jpeg\" alt=\"\" width=\"300\" height=\"225\" srcset=\"https:\/\/ericante.fr\/wp-content\/uploads\/2024\/07\/2024-6-13-Ammare-a-Vannes-300x225.jpeg 300w, https:\/\/ericante.fr\/wp-content\/uploads\/2024\/07\/2024-6-13-Ammare-a-Vannes-768x576.jpeg 768w, https:\/\/ericante.fr\/wp-content\/uploads\/2024\/07\/2024-6-13-Ammare-a-Vannes.jpeg 850w\" sizes=\"auto, (max-width: 300px) 100vw, 300px\" \/><\/a><\/p>\n<p>Le port agr\u00e9able nous offrait \u00e0 chaque ouverture des portes &nbsp;le spectacle des bateaux quittant le port et celui des remontants. A proximit\u00e9 une sup\u00e9rette et la ville avec ses boulangeries, march\u00e9s et toutes les enseignes commerciales nationales.<\/p>\n<p><a href=\"https:\/\/ericante.fr\/?attachment_id=8349\"><img loading=\"lazy\" decoding=\"async\" class=\"size-medium wp-image-8349 aligncenter\" src=\"https:\/\/ericante.fr\/wp-content\/uploads\/2024\/07\/2024-6-16-Bateau-entrant-300x225.jpg\" alt=\"\" width=\"300\" height=\"225\" srcset=\"https:\/\/ericante.fr\/wp-content\/uploads\/2024\/07\/2024-6-16-Bateau-entrant-300x225.jpg 300w, https:\/\/ericante.fr\/wp-content\/uploads\/2024\/07\/2024-6-16-Bateau-entrant-768x576.jpg 768w, https:\/\/ericante.fr\/wp-content\/uploads\/2024\/07\/2024-6-16-Bateau-entrant.jpg 850w\" sizes=\"auto, (max-width: 300px) 100vw, 300px\" \/><\/a><\/p>\n<p>&nbsp; &nbsp; &nbsp; &nbsp; &nbsp; &nbsp; &nbsp; &nbsp; &nbsp; &nbsp; &nbsp; &nbsp;<a href=\"https:\/\/ericante.fr\/?attachment_id=8328\"><img loading=\"lazy\" decoding=\"async\" class=\"alignnone size-medium wp-image-8328\" src=\"https:\/\/ericante.fr\/wp-content\/uploads\/2024\/07\/2024-6-16-maison-traditionnelle-a-vannes-225x300.jpeg\" alt=\"\" width=\"225\" height=\"300\" srcset=\"https:\/\/ericante.fr\/wp-content\/uploads\/2024\/07\/2024-6-16-maison-traditionnelle-a-vannes-225x300.jpeg 225w, https:\/\/ericante.fr\/wp-content\/uploads\/2024\/07\/2024-6-16-maison-traditionnelle-a-vannes.jpeg 638w\" sizes=\"auto, (max-width: 225px) 100vw, 225px\" \/><\/a>&nbsp; &nbsp; <a href=\"https:\/\/ericante.fr\/?attachment_id=8329\"><img loading=\"lazy\" decoding=\"async\" class=\"alignnone size-medium wp-image-8329\" src=\"https:\/\/ericante.fr\/wp-content\/uploads\/2024\/07\/2024-6-16-ante-a-vannesjpeg-225x300.jpeg\" alt=\"\" width=\"225\" height=\"300\" srcset=\"https:\/\/ericante.fr\/wp-content\/uploads\/2024\/07\/2024-6-16-ante-a-vannesjpeg-225x300.jpeg 225w, https:\/\/ericante.fr\/wp-content\/uploads\/2024\/07\/2024-6-16-ante-a-vannesjpeg.jpeg 638w\" sizes=\"auto, (max-width: 225px) 100vw, 225px\" \/><\/a><\/p>\n<p style=\"text-align: justify;\">La pompe de vidange des eaux grises vient de tomber en panne. la bague de sortie en plastique est cass\u00e9e. Le magasin Uship de Vannes peut en commander une nouvelle.<\/p>\n<p style=\"text-align: justify;\">Vendredi nous recevons \u00e0 bord Jacques, de l&rsquo;\u00eele d&rsquo;Ars. &nbsp;Il nous invite sur son \u00eele le lendemain. J&rsquo;avais connu Jacques il y a 60 ans, nous avions appris \u00e0 plonger sous l&rsquo;eau ensemble. Je ne l&rsquo;avais pas revu depuis.<\/p>\n<p><a href=\"https:\/\/ericante.fr\/?attachment_id=8333\"><img loading=\"lazy\" decoding=\"async\" class=\"size-medium wp-image-8333 aligncenter\" src=\"https:\/\/ericante.fr\/wp-content\/uploads\/2024\/07\/2024-6-14-Jacques-a-bord-300x225.jpg\" alt=\"\" width=\"300\" height=\"225\" srcset=\"https:\/\/ericante.fr\/wp-content\/uploads\/2024\/07\/2024-6-14-Jacques-a-bord-300x225.jpg 300w, https:\/\/ericante.fr\/wp-content\/uploads\/2024\/07\/2024-6-14-Jacques-a-bord-768x576.jpg 768w, https:\/\/ericante.fr\/wp-content\/uploads\/2024\/07\/2024-6-14-Jacques-a-bord.jpg 850w\" sizes=\"auto, (max-width: 300px) 100vw, 300px\" \/><\/a>Samedi la navette nous conduit \u00e0 Arz o\u00f9 nous sommes tr\u00e8s bien re\u00e7us chez Mady et Jacques. Ils nous font visiter l&rsquo;\u00eele sur laquelle ils passent leur retraite. Malgr\u00e9 quelques courtes averses le temps est agr\u00e9able<\/p>\n<p>&nbsp; &nbsp; <a href=\"https:\/\/ericante.fr\/?attachment_id=8335\"><img loading=\"lazy\" decoding=\"async\" class=\"alignnone size-medium wp-image-8335\" src=\"https:\/\/ericante.fr\/wp-content\/uploads\/2024\/07\/2024-6-15-Ante-a-lile-dArs-300x225.jpeg\" alt=\"\" width=\"300\" height=\"225\" srcset=\"https:\/\/ericante.fr\/wp-content\/uploads\/2024\/07\/2024-6-15-Ante-a-lile-dArs-300x225.jpeg 300w, https:\/\/ericante.fr\/wp-content\/uploads\/2024\/07\/2024-6-15-Ante-a-lile-dArs-768x576.jpeg 768w, https:\/\/ericante.fr\/wp-content\/uploads\/2024\/07\/2024-6-15-Ante-a-lile-dArs.jpeg 850w\" sizes=\"auto, (max-width: 300px) 100vw, 300px\" \/><\/a> &nbsp; <a href=\"https:\/\/ericante.fr\/?attachment_id=8334\"><img loading=\"lazy\" decoding=\"async\" class=\"alignnone size-medium wp-image-8334\" src=\"https:\/\/ericante.fr\/wp-content\/uploads\/2024\/07\/2.024-6-15-Ile-dArsJPG-300x225.jpg\" alt=\"\" width=\"300\" height=\"225\" srcset=\"https:\/\/ericante.fr\/wp-content\/uploads\/2024\/07\/2.024-6-15-Ile-dArsJPG-300x225.jpg 300w, https:\/\/ericante.fr\/wp-content\/uploads\/2024\/07\/2.024-6-15-Ile-dArsJPG-768x576.jpg 768w, https:\/\/ericante.fr\/wp-content\/uploads\/2024\/07\/2.024-6-15-Ile-dArsJPG.jpg 850w\" sizes=\"auto, (max-width: 300px) 100vw, 300px\" \/><\/a><\/p>\n<p style=\"text-align: justify;\">Dimanche, repos sous un temps maussade<\/p>\n<p style=\"text-align: justify;\">Lundi nous retrouvons nos amis Marie et Patrick qui voyagent en camping car depuis qu&rsquo;\u00eels ont abandonn\u00e9 le bateau. Nous d\u00e9jeunons et visitons ensemble les vieilles maisons de Vannes avec Ant\u00e9 comme guide.<\/p>\n<p><a href=\"https:\/\/ericante.fr\/?attachment_id=8350\"><img loading=\"lazy\" decoding=\"async\" class=\"alignnone size-medium wp-image-8350 aligncenter\" src=\"https:\/\/ericante.fr\/wp-content\/uploads\/2024\/07\/2024-6-18-Ante-dans-lescalier-225x300.jpg\" alt=\"\" width=\"225\" height=\"300\" srcset=\"https:\/\/ericante.fr\/wp-content\/uploads\/2024\/07\/2024-6-18-Ante-dans-lescalier-225x300.jpg 225w, https:\/\/ericante.fr\/wp-content\/uploads\/2024\/07\/2024-6-18-Ante-dans-lescalier.jpg 768w\" sizes=\"auto, (max-width: 225px) 100vw, 225px\" \/><\/a><\/p>\n<p>&nbsp; &nbsp; &nbsp; &nbsp; &nbsp; &nbsp; &nbsp; &nbsp; &nbsp; &nbsp;<img loading=\"lazy\" decoding=\"async\" class=\"alignnone wp-image-8330\" src=\"https:\/\/ericante.fr\/wp-content\/uploads\/2024\/07\/2024-6-18.JMarie-et-PatrikPG-300x225.jpg\" alt=\"\" width=\"400\" height=\"300\"> <a href=\"https:\/\/ericante.fr\/?attachment_id=8332\"><img loading=\"lazy\" decoding=\"async\" class=\"alignnone size-medium wp-image-8332\" src=\"https:\/\/ericante.fr\/wp-content\/uploads\/2024\/07\/2024-6-18-vannes-et-sa-fmme-225x300.jpg\" alt=\"\" width=\"225\" height=\"300\" srcset=\"https:\/\/ericante.fr\/wp-content\/uploads\/2024\/07\/2024-6-18-vannes-et-sa-fmme-225x300.jpg 225w, https:\/\/ericante.fr\/wp-content\/uploads\/2024\/07\/2024-6-18-vannes-et-sa-fmme.jpg 768w\" sizes=\"auto, (max-width: 225px) 100vw, 225px\" \/><\/a> <a href=\"https:\/\/ericante.fr\/?attachment_id=8342\"><img loading=\"lazy\" decoding=\"async\" class=\"alignnone size-medium wp-image-8342\" src=\"https:\/\/ericante.fr\/wp-content\/uploads\/2024\/07\/2024-6-18jmarie-et-patrikpg-290x300.jpg\" alt=\"\" width=\"290\" height=\"300\" srcset=\"https:\/\/ericante.fr\/wp-content\/uploads\/2024\/07\/2024-6-18jmarie-et-patrikpg-290x300.jpg 290w, https:\/\/ericante.fr\/wp-content\/uploads\/2024\/07\/2024-6-18jmarie-et-patrikpg.jpg 608w\" sizes=\"auto, (max-width: 290px) 100vw, 290px\" \/><\/a><\/p>\n<p><span style=\"text-align: justify;\">Nous passons la soir\u00e9e en compagnie de Mady et de Jacques<\/span><\/p>\n<p><a href=\"https:\/\/ericante.fr\/?attachment_id=8331\"><img loading=\"lazy\" decoding=\"async\" class=\"size-medium wp-image-8331 aligncenter\" src=\"https:\/\/ericante.fr\/wp-content\/uploads\/2024\/07\/2024-6-18-Mady-et-Jacques-300x225.jpg\" alt=\"\" width=\"300\" height=\"225\" srcset=\"https:\/\/ericante.fr\/wp-content\/uploads\/2024\/07\/2024-6-18-Mady-et-Jacques-300x225.jpg 300w, https:\/\/ericante.fr\/wp-content\/uploads\/2024\/07\/2024-6-18-Mady-et-Jacques-768x576.jpg 768w, https:\/\/ericante.fr\/wp-content\/uploads\/2024\/07\/2024-6-18-Mady-et-Jacques.jpg 850w\" sizes=\"auto, (max-width: 300px) 100vw, 300px\" \/><\/a><\/p>\n<p style=\"text-align: justify;\">Mardi, Ant\u00e9 va faire des courses avec Mady.<\/p>\n<p style=\"text-align: justify;\">Le soir vers 20 heures tr\u00e8s forte pluie. Nous apprendrons le lendemain qu&rsquo;il est tomb\u00e9 en une heure l&rsquo;\u00e9quivalent de deux mois de pluie. Le niveau d&rsquo;eau dans le port est mont\u00e9 de &nbsp;40 cm. Il s&rsquo;agit, selon les m\u00e9t\u00e9orologues, d&rsquo;un ph\u00e9nom\u00e8ne exceptionnel et tr\u00e8s localis\u00e9: la lame d&rsquo;eau.<\/p>\n<p style=\"text-align: justify;\">Mercredi nous recevons enfin la pi\u00e8ce command\u00e9e, mais malgr\u00e9 sa mise en place la pompe ne fonctionne toujours pas.<\/p>\n","protected":false},"excerpt":{"rendered":"<p>D\u00e9part \u00e0 10 heures sous le soleil pour une courte \u00e9tape vers Vannes. Nous avons le fort courant du golfe avec nous et le moteur \u00e9lectrique \u00e0 mi puissance nous suffit pour avancer rapidement. En route nous croisons un Sinago &hellip; <a href=\"https:\/\/ericante.fr\/?p=8310\">Continuer la lecture <span class=\"meta-nav\">&rarr;<\/span><\/a><\/p>\n","protected":false},"author":1,"featured_media":0,"comment_status":"open","ping_status":"open","sticky":false,"template":"","format":"standard","meta":{"_monsterinsights_skip_tracking":false,"_monsterinsights_sitenote_active":false,"_monsterinsights_sitenote_note":"","_monsterinsights_sitenote_category":0,"_uf_show_specific_survey":0,"_uf_disable_surveys":false,"footnotes":""},"categories":[12],"tags":[645],"class_list":["post-8310","post","type-post","status-publish","format-standard","hentry","category-france","tag-vannes"],"_links":{"self":[{"href":"https:\/\/ericante.fr\/index.php?rest_route=\/wp\/v2\/posts\/8310","targetHints":{"allow":["GET"]}}],"collection":[{"href":"https:\/\/ericante.fr\/index.php?rest_route=\/wp\/v2\/posts"}],"about":[{"href":"https:\/\/ericante.fr\/index.php?rest_route=\/wp\/v2\/types\/post"}],"author":[{"embeddable":true,"href":"https:\/\/ericante.fr\/index.php?rest_route=\/wp\/v2\/users\/1"}],"replies":[{"embeddable":true,"href":"https:\/\/ericante.fr\/index.php?rest_route=%2Fwp%2Fv2%2Fcomments&post=8310"}],"version-history":[{"count":5,"href":"https:\/\/ericante.fr\/index.php?rest_route=\/wp\/v2\/posts\/8310\/revisions"}],"predecessor-version":[{"id":8564,"href":"https:\/\/ericante.fr\/index.php?rest_route=\/wp\/v2\/posts\/8310\/revisions\/8564"}],"wp:attachment":[{"href":"https:\/\/ericante.fr\/index.php?rest_route=%2Fwp%2Fv2%2Fmedia&parent=8310"}],"wp:term":[{"taxonomy":"category","embeddable":true,"href":"https:\/\/ericante.fr\/index.php?rest_route=%2Fwp%2Fv2%2Fcategories&post=8310"},{"taxonomy":"post_tag","embeddable":true,"href":"https:\/\/ericante.fr\/index.php?rest_route=%2Fwp%2Fv2%2Ftags&post=8310"}],"curies":[{"name":"wp","href":"https:\/\/api.w.org\/{rel}","templated":true}]}}