{"id":8002,"date":"2024-01-09T09:28:36","date_gmt":"2024-01-09T08:28:36","guid":{"rendered":"https:\/\/ericante.fr\/?p=8002"},"modified":"2024-01-09T10:10:45","modified_gmt":"2024-01-09T09:10:45","slug":"de-lanse-de-loubye-aux-sables-dolonne-le-jeudi-17-aout-2023","status":"publish","type":"post","link":"https:\/\/ericante.fr\/?p=8002","title":{"rendered":"De l&rsquo;Anse de Loubye aux Sables d&rsquo;Olonne  le jeudi 17 ao\u00fbt 2023"},"content":{"rendered":"<p>&nbsp;<\/p>\n<p style=\"text-align: center;\"><a href=\"https:\/\/ericante.fr\/?attachment_id=8104\"><img loading=\"lazy\" decoding=\"async\" class=\"alignnone wp-image-8104\" src=\"https:\/\/ericante.fr\/wp-content\/uploads\/2024\/01\/2023-8-17-en-route-vers-les-Sables-300x225.jpeg\" alt=\"\" width=\"491\" height=\"368\" srcset=\"https:\/\/ericante.fr\/wp-content\/uploads\/2024\/01\/2023-8-17-en-route-vers-les-Sables-300x225.jpeg 300w, https:\/\/ericante.fr\/wp-content\/uploads\/2024\/01\/2023-8-17-en-route-vers-les-Sables-768x576.jpeg 768w, https:\/\/ericante.fr\/wp-content\/uploads\/2024\/01\/2023-8-17-en-route-vers-les-Sables.jpeg 850w\" sizes=\"auto, (max-width: 491px) 100vw, 491px\" \/><\/a>&nbsp;<\/p>\n<p style=\"text-align: justify;\">D\u00e8s 7h10, MegaWatt avance \u00e0 6 noeuds sur une mer d&rsquo;huile, bien plus confortable qu&rsquo;au mouillage que nous laissons sans regret derri\u00e8re nous.<\/p>\n<p><a href=\"https:\/\/ericante.fr\/?attachment_id=8106\"><img loading=\"lazy\" decoding=\"async\" class=\"alignnone size-medium wp-image-8106\" src=\"https:\/\/ericante.fr\/wp-content\/uploads\/2024\/01\/2023-8-17-depart-de-lile-de-Re-300x225.jpeg\" alt=\"\" width=\"300\" height=\"225\" srcset=\"https:\/\/ericante.fr\/wp-content\/uploads\/2024\/01\/2023-8-17-depart-de-lile-de-Re-300x225.jpeg 300w, https:\/\/ericante.fr\/wp-content\/uploads\/2024\/01\/2023-8-17-depart-de-lile-de-Re-768x576.jpeg 768w, https:\/\/ericante.fr\/wp-content\/uploads\/2024\/01\/2023-8-17-depart-de-lile-de-Re.jpeg 850w\" sizes=\"auto, (max-width: 300px) 100vw, 300px\" \/><\/a> <a href=\"https:\/\/ericante.fr\/?attachment_id=8105\"><img loading=\"lazy\" decoding=\"async\" class=\"alignnone size-medium wp-image-8105\" src=\"https:\/\/ericante.fr\/wp-content\/uploads\/2024\/01\/le-pont-de-lile-de-Re-300x225.jpeg\" alt=\"\" width=\"300\" height=\"225\" srcset=\"https:\/\/ericante.fr\/wp-content\/uploads\/2024\/01\/le-pont-de-lile-de-Re-300x225.jpeg 300w, https:\/\/ericante.fr\/wp-content\/uploads\/2024\/01\/le-pont-de-lile-de-Re-768x576.jpeg 768w, https:\/\/ericante.fr\/wp-content\/uploads\/2024\/01\/le-pont-de-lile-de-Re.jpeg 842w\" sizes=\"auto, (max-width: 300px) 100vw, 300px\" \/><\/a><\/p>\n<p>&nbsp;<\/p>\n<p>&nbsp; <a href=\"https:\/\/ericante.fr\/?attachment_id=8103\"><img loading=\"lazy\" decoding=\"async\" class=\"alignnone size-medium wp-image-8103\" src=\"https:\/\/ericante.fr\/wp-content\/uploads\/2024\/01\/2023-8-17-Arrivee-aux-Sables-dOlonne-300x225.jpg\" alt=\"\" width=\"300\" height=\"225\" srcset=\"https:\/\/ericante.fr\/wp-content\/uploads\/2024\/01\/2023-8-17-Arrivee-aux-Sables-dOlonne-300x225.jpg 300w, https:\/\/ericante.fr\/wp-content\/uploads\/2024\/01\/2023-8-17-Arrivee-aux-Sables-dOlonne-768x576.jpg 768w, https:\/\/ericante.fr\/wp-content\/uploads\/2024\/01\/2023-8-17-Arrivee-aux-Sables-dOlonne.jpg 850w\" sizes=\"auto, (max-width: 300px) 100vw, 300px\" \/><\/a> <a href=\"https:\/\/ericante.fr\/?attachment_id=8102\"><img loading=\"lazy\" decoding=\"async\" class=\"alignnone size-medium wp-image-8102\" src=\"https:\/\/ericante.fr\/wp-content\/uploads\/2024\/01\/2023.-8-17Canal-des-Sables-300x225.jpg\" alt=\"\" width=\"300\" height=\"225\" srcset=\"https:\/\/ericante.fr\/wp-content\/uploads\/2024\/01\/2023.-8-17Canal-des-Sables-300x225.jpg 300w, https:\/\/ericante.fr\/wp-content\/uploads\/2024\/01\/2023.-8-17Canal-des-Sables-768x576.jpg 768w, https:\/\/ericante.fr\/wp-content\/uploads\/2024\/01\/2023.-8-17Canal-des-Sables.jpg 850w\" sizes=\"auto, (max-width: 300px) 100vw, 300px\" \/><\/a><\/p>\n<p style=\"text-align: justify;\">A midi &nbsp;nous sommes amarr\u00e9s au ponton d&rsquo;accueil du vieux port des Sables, par 2,30 m de fond. Le capitaine &nbsp;nous attribue la place C11 \u00e0 l&rsquo;abri des remous des bateaux de p\u00eache. Le port est bien am\u00e9nag\u00e9. La machine \u00e0 laver et le s\u00e8che linge sont compris dans le prix du port. Les plaisanciers se succ\u00e8dent en toute courtoisie aupr\u00e8s des machines. &nbsp;Nous succombons \u00e0 la tentation d&rsquo;un des nombreux restaurants longeant le port. Nous retrouvons l&rsquo;ambiance des ports maritimes qui nous d\u00e9payse apr\u00e8s notre calme croisi\u00e8re fluviale charentaise.<\/p>\n<p><a href=\"https:\/\/ericante.fr\/?attachment_id=8108\"><img loading=\"lazy\" decoding=\"async\" class=\" wp-image-8108 aligncenter\" src=\"https:\/\/ericante.fr\/wp-content\/uploads\/2024\/01\/IMG_5407-300x225.jpeg\" alt=\"\" width=\"401\" height=\"301\" srcset=\"https:\/\/ericante.fr\/wp-content\/uploads\/2024\/01\/IMG_5407-300x225.jpeg 300w, https:\/\/ericante.fr\/wp-content\/uploads\/2024\/01\/IMG_5407-768x576.jpeg 768w, https:\/\/ericante.fr\/wp-content\/uploads\/2024\/01\/IMG_5407.jpeg 850w\" sizes=\"auto, (max-width: 401px) 100vw, 401px\" \/><\/a><\/p>\n<p>PauliXpress y accoste le lendemain, leur tour charentais est rapide, V\u00e9ronique doit reprendre le travail et le choix d&rsquo;une vedette bien motoris\u00e9e est judicieux.&nbsp;<\/p>\n<p><a href=\"https:\/\/ericante.fr\/?attachment_id=8098\"><img loading=\"lazy\" decoding=\"async\" class=\"size-medium wp-image-8098 aligncenter\" src=\"https:\/\/ericante.fr\/wp-content\/uploads\/2024\/01\/2023-8-20-Pauliexpress-aaux-Sables-300x225.jpg\" alt=\"\" width=\"300\" height=\"225\" srcset=\"https:\/\/ericante.fr\/wp-content\/uploads\/2024\/01\/2023-8-20-Pauliexpress-aaux-Sables-300x225.jpg 300w, https:\/\/ericante.fr\/wp-content\/uploads\/2024\/01\/2023-8-20-Pauliexpress-aaux-Sables-768x576.jpg 768w, https:\/\/ericante.fr\/wp-content\/uploads\/2024\/01\/2023-8-20-Pauliexpress-aaux-Sables.jpg 850w\" sizes=\"auto, (max-width: 300px) 100vw, 300px\" \/><\/a><\/p>\n<p style=\"text-align: justify;\">Un blablacar est pr\u00e9vu pour r\u00e9cup\u00e9rer la voiture laiss\u00e9e \u00e0 Rochefort. Un peu avant Lu\u00e7on nous nous apercevons que la cl\u00e9 de la voiture est rest\u00e9e sur le bateau. Complaisante notre conductrice nous d\u00e9pose \u00e0 la gare de Lu\u00e7on. Un train nous reconduit aux Sables. Heureusement un autre blablacar est disponible. Cette fois Ant\u00e9 part toute seule reprendre la voiture tandis que le capitaine change la pompe \u00e0 eau command\u00e9e la veille chez le shipchandler situ\u00e9 sur le nouveau port accessible avec la navette \u00e9lectrique.<\/p>\n<p>&nbsp; &nbsp; &nbsp; &nbsp; &nbsp; &nbsp; &nbsp; &nbsp; &nbsp; &nbsp; &nbsp; &nbsp; &nbsp; &nbsp; &nbsp; &nbsp; <a href=\"https:\/\/ericante.fr\/?attachment_id=8100\"><img loading=\"lazy\" decoding=\"async\" class=\"alignnone size-medium wp-image-8100\" src=\"https:\/\/ericante.fr\/wp-content\/uploads\/2024\/01\/2023-8-19-Navette-electrique-198x300.jpg\" alt=\"\" width=\"198\" height=\"300\" srcset=\"https:\/\/ericante.fr\/wp-content\/uploads\/2024\/01\/2023-8-19-Navette-electrique-198x300.jpg 198w, https:\/\/ericante.fr\/wp-content\/uploads\/2024\/01\/2023-8-19-Navette-electrique.jpg 562w\" sizes=\"auto, (max-width: 198px) 100vw, 198px\" \/><\/a> &nbsp;<a href=\"https:\/\/ericante.fr\/?attachment_id=8101\"><img loading=\"lazy\" decoding=\"async\" class=\"alignnone size-medium wp-image-8101\" src=\"https:\/\/ericante.fr\/wp-content\/uploads\/2024\/01\/2023-8-19-Pompe-eau-douce-225x300.jpeg\" alt=\"\" width=\"225\" height=\"300\" srcset=\"https:\/\/ericante.fr\/wp-content\/uploads\/2024\/01\/2023-8-19-Pompe-eau-douce-225x300.jpeg 225w, https:\/\/ericante.fr\/wp-content\/uploads\/2024\/01\/2023-8-19-Pompe-eau-douce.jpeg 638w\" sizes=\"auto, (max-width: 225px) 100vw, 225px\" \/><\/a><\/p>\n<p style=\"text-align: justify;\">A 17H30 toute la logistique &nbsp;et l&rsquo;entretien achev\u00e9es nous allons savourer une glace bien m\u00e9rit\u00e9e chez Antoine &nbsp;dans le vieux quartier authentique et plus calme &nbsp;de la Chaume. Une navette \u00e9lectrique traverse le mythique chenal du Vend\u00e9e Globe reliant ce quartier aux quais des Sables.<\/p>\n<p><a href=\"https:\/\/ericante.fr\/?attachment_id=8089\"><img loading=\"lazy\" decoding=\"async\" class=\"alignnone wp-image-8089\" src=\"https:\/\/ericante.fr\/wp-content\/uploads\/2024\/01\/IMG_6105-300x225.jpg\" alt=\"\" width=\"397\" height=\"298\" srcset=\"https:\/\/ericante.fr\/wp-content\/uploads\/2024\/01\/IMG_6105-300x225.jpg 300w, https:\/\/ericante.fr\/wp-content\/uploads\/2024\/01\/IMG_6105-768x576.jpg 768w, https:\/\/ericante.fr\/wp-content\/uploads\/2024\/01\/IMG_6105.jpg 850w\" sizes=\"auto, (max-width: 397px) 100vw, 397px\" \/><\/a> <a href=\"https:\/\/ericante.fr\/?attachment_id=8088\"><img loading=\"lazy\" decoding=\"async\" class=\"alignnone size-medium wp-image-8088\" src=\"https:\/\/ericante.fr\/wp-content\/uploads\/2024\/01\/IMG_6106-225x300.jpg\" alt=\"\" width=\"225\" height=\"300\" srcset=\"https:\/\/ericante.fr\/wp-content\/uploads\/2024\/01\/IMG_6106-225x300.jpg 225w, https:\/\/ericante.fr\/wp-content\/uploads\/2024\/01\/IMG_6106.jpg 638w\" sizes=\"auto, (max-width: 225px) 100vw, 225px\" \/><\/a><\/p>\n<p style=\"text-align: justify;\">Bien sur aux Sables d&rsquo;Olonne il y a la plage<\/p>\n<p>&nbsp; &nbsp; <a href=\"https:\/\/ericante.fr\/?attachment_id=8097\"><img loading=\"lazy\" decoding=\"async\" class=\"alignnone size-medium wp-image-8097\" src=\"https:\/\/ericante.fr\/wp-content\/uploads\/2024\/01\/2023-8-18-plage-des-Sables-300x225.jpg\" alt=\"\" width=\"300\" height=\"225\" srcset=\"https:\/\/ericante.fr\/wp-content\/uploads\/2024\/01\/2023-8-18-plage-des-Sables-300x225.jpg 300w, https:\/\/ericante.fr\/wp-content\/uploads\/2024\/01\/2023-8-18-plage-des-Sables-768x576.jpg 768w, https:\/\/ericante.fr\/wp-content\/uploads\/2024\/01\/2023-8-18-plage-des-Sables.jpg 850w\" sizes=\"auto, (max-width: 300px) 100vw, 300px\" \/><\/a> <a href=\"https:\/\/ericante.fr\/?attachment_id=8096\"><img loading=\"lazy\" decoding=\"async\" class=\"alignnone size-medium wp-image-8096\" src=\"https:\/\/ericante.fr\/wp-content\/uploads\/2024\/01\/2023-8-18-la-plage-des-Sables-300x225.jpg\" alt=\"\" width=\"300\" height=\"225\" srcset=\"https:\/\/ericante.fr\/wp-content\/uploads\/2024\/01\/2023-8-18-la-plage-des-Sables-300x225.jpg 300w, https:\/\/ericante.fr\/wp-content\/uploads\/2024\/01\/2023-8-18-la-plage-des-Sables-768x576.jpg 768w, https:\/\/ericante.fr\/wp-content\/uploads\/2024\/01\/2023-8-18-la-plage-des-Sables.jpg 850w\" sizes=\"auto, (max-width: 300px) 100vw, 300px\" \/><\/a><\/p>\n<p>&nbsp;<\/p>\n<p style=\"text-align: justify;\">Mais une autre curiosit\u00e9 &nbsp;est le quartier de l&rsquo;\u00eele Penotte : Les fa\u00e7ades de quelques rues sont d\u00e9cor\u00e9es de mosa\u00efques et coquillages par l&rsquo;artiste Dani\u00e8le Arnaud-Aubin.&nbsp;<\/p>\n<p><a href=\"https:\/\/ericante.fr\/?attachment_id=8092\"><img loading=\"lazy\" decoding=\"async\" class=\" wp-image-8092 aligncenter\" src=\"https:\/\/ericante.fr\/wp-content\/uploads\/2024\/01\/2023-8-18-Rue-Trompeuse-300x223.jpg\" alt=\"\" width=\"181\" height=\"134\" srcset=\"https:\/\/ericante.fr\/wp-content\/uploads\/2024\/01\/2023-8-18-Rue-Trompeuse-300x223.jpg 300w, https:\/\/ericante.fr\/wp-content\/uploads\/2024\/01\/2023-8-18-Rue-Trompeuse-768x570.jpg 768w, https:\/\/ericante.fr\/wp-content\/uploads\/2024\/01\/2023-8-18-Rue-Trompeuse.jpg 850w\" sizes=\"auto, (max-width: 181px) 100vw, 181px\" \/><\/a><\/p>\n<p><a href=\"https:\/\/ericante.fr\/?attachment_id=8090\"><img loading=\"lazy\" decoding=\"async\" class=\"alignnone wp-image-8090\" src=\"https:\/\/ericante.fr\/wp-content\/uploads\/2024\/01\/IMG_6074-225x300.jpg\" alt=\"\" width=\"206\" height=\"275\" srcset=\"https:\/\/ericante.fr\/wp-content\/uploads\/2024\/01\/IMG_6074-225x300.jpg 225w, https:\/\/ericante.fr\/wp-content\/uploads\/2024\/01\/IMG_6074.jpg 638w\" sizes=\"auto, (max-width: 206px) 100vw, 206px\" \/><\/a> <a href=\"https:\/\/ericante.fr\/?attachment_id=8093\"><img loading=\"lazy\" decoding=\"async\" class=\"alignnone wp-image-8093\" src=\"https:\/\/ericante.fr\/wp-content\/uploads\/2024\/01\/IMG_6075-225x300.jpg\" alt=\"\" width=\"201\" height=\"268\" srcset=\"https:\/\/ericante.fr\/wp-content\/uploads\/2024\/01\/IMG_6075-225x300.jpg 225w, https:\/\/ericante.fr\/wp-content\/uploads\/2024\/01\/IMG_6075.jpg 638w\" sizes=\"auto, (max-width: 201px) 100vw, 201px\" \/><\/a> <a href=\"https:\/\/ericante.fr\/?attachment_id=8091\"><img loading=\"lazy\" decoding=\"async\" class=\"alignnone wp-image-8091\" src=\"https:\/\/ericante.fr\/wp-content\/uploads\/2024\/01\/IMG_6067-225x300.jpg\" alt=\"\" width=\"192\" height=\"256\" srcset=\"https:\/\/ericante.fr\/wp-content\/uploads\/2024\/01\/IMG_6067-225x300.jpg 225w, https:\/\/ericante.fr\/wp-content\/uploads\/2024\/01\/IMG_6067.jpg 638w\" sizes=\"auto, (max-width: 192px) 100vw, 192px\" \/><\/a><a href=\"https:\/\/ericante.fr\/?attachment_id=8094\"><img loading=\"lazy\" decoding=\"async\" class=\"size-medium wp-image-8094 aligncenter\" src=\"https:\/\/ericante.fr\/wp-content\/uploads\/2024\/01\/IMG_6063-300x225.jpg\" alt=\"\" width=\"300\" height=\"225\" srcset=\"https:\/\/ericante.fr\/wp-content\/uploads\/2024\/01\/IMG_6063-300x225.jpg 300w, https:\/\/ericante.fr\/wp-content\/uploads\/2024\/01\/IMG_6063-768x576.jpg 768w, https:\/\/ericante.fr\/wp-content\/uploads\/2024\/01\/IMG_6063.jpg 850w\" sizes=\"auto, (max-width: 300px) 100vw, 300px\" \/><\/a><\/p>\n<p style=\"text-align: justify;\">&nbsp;<\/p>\n","protected":false},"excerpt":{"rendered":"<p>&nbsp; &nbsp; D\u00e8s 7h10, MegaWatt avance \u00e0 6 noeuds sur une mer d&rsquo;huile, bien plus confortable qu&rsquo;au mouillage que nous laissons sans regret derri\u00e8re nous. &nbsp; &nbsp; A midi &nbsp;nous sommes amarr\u00e9s au ponton d&rsquo;accueil du vieux port des Sables, &hellip; <a href=\"https:\/\/ericante.fr\/?p=8002\">Continuer la lecture <span class=\"meta-nav\">&rarr;<\/span><\/a><\/p>\n","protected":false},"author":1,"featured_media":0,"comment_status":"open","ping_status":"open","sticky":false,"template":"","format":"standard","meta":{"_monsterinsights_skip_tracking":false,"_uf_show_specific_survey":0,"_uf_disable_surveys":false,"footnotes":""},"categories":[12],"tags":[632],"class_list":["post-8002","post","type-post","status-publish","format-standard","hentry","category-france","tag-les-sables-dolonne"],"_links":{"self":[{"href":"https:\/\/ericante.fr\/index.php?rest_route=\/wp\/v2\/posts\/8002","targetHints":{"allow":["GET"]}}],"collection":[{"href":"https:\/\/ericante.fr\/index.php?rest_route=\/wp\/v2\/posts"}],"about":[{"href":"https:\/\/ericante.fr\/index.php?rest_route=\/wp\/v2\/types\/post"}],"author":[{"embeddable":true,"href":"https:\/\/ericante.fr\/index.php?rest_route=\/wp\/v2\/users\/1"}],"replies":[{"embeddable":true,"href":"https:\/\/ericante.fr\/index.php?rest_route=%2Fwp%2Fv2%2Fcomments&post=8002"}],"version-history":[{"count":5,"href":"https:\/\/ericante.fr\/index.php?rest_route=\/wp\/v2\/posts\/8002\/revisions"}],"predecessor-version":[{"id":8113,"href":"https:\/\/ericante.fr\/index.php?rest_route=\/wp\/v2\/posts\/8002\/revisions\/8113"}],"wp:attachment":[{"href":"https:\/\/ericante.fr\/index.php?rest_route=%2Fwp%2Fv2%2Fmedia&parent=8002"}],"wp:term":[{"taxonomy":"category","embeddable":true,"href":"https:\/\/ericante.fr\/index.php?rest_route=%2Fwp%2Fv2%2Fcategories&post=8002"},{"taxonomy":"post_tag","embeddable":true,"href":"https:\/\/ericante.fr\/index.php?rest_route=%2Fwp%2Fv2%2Ftags&post=8002"}],"curies":[{"name":"wp","href":"https:\/\/api.w.org\/{rel}","templated":true}]}}