{"id":7277,"date":"2023-09-21T08:06:00","date_gmt":"2023-09-21T07:06:00","guid":{"rendered":"https:\/\/ericante.fr\/?p=7277"},"modified":"2023-09-21T08:53:48","modified_gmt":"2023-09-21T07:53:48","slug":"du-pont-des-sables-a-meilhan-sur-garonne-le-dimanche-7-mai-2023","status":"publish","type":"post","link":"https:\/\/ericante.fr\/?p=7277","title":{"rendered":"du Pont des sables \u00e0 Meilhan sur Garonne le dimanche 7 mai 2023"},"content":{"rendered":"<p>Ce matin le temps est couvert mais il ne pleut pas. Nous quittons le quai &nbsp;du port du Pont de Sables un peu avant 11 heures<\/p>\n<p><a href=\"https:\/\/ericante.fr\/?attachment_id=7285\"><img loading=\"lazy\" decoding=\"async\" class=\" wp-image-7285 aligncenter\" src=\"https:\/\/ericante.fr\/wp-content\/uploads\/2023\/09\/2023-5-7-depart-du-pont-des-sables-300x225.jpeg\" alt=\"\" width=\"375\" height=\"281\" srcset=\"https:\/\/ericante.fr\/wp-content\/uploads\/2023\/09\/2023-5-7-depart-du-pont-des-sables-300x225.jpeg 300w, https:\/\/ericante.fr\/wp-content\/uploads\/2023\/09\/2023-5-7-depart-du-pont-des-sables-768x576.jpeg 768w, https:\/\/ericante.fr\/wp-content\/uploads\/2023\/09\/2023-5-7-depart-du-pont-des-sables.jpeg 850w\" sizes=\"auto, (max-width: 375px) 100vw, 375px\" \/><\/a><\/p>\n<p>Nous passons sur le pont-canal de l&rsquo;Avance puis sous une passerelle qui nous semble bien basse, mais nous passons de justesse sans baisser le m\u00e2tereau, (2,8 m\u00e8tres de tirant d&rsquo;air)<\/p>\n<p><a href=\"https:\/\/ericante.fr\/?attachment_id=7284\"><img loading=\"lazy\" decoding=\"async\" class=\"alignnone wp-image-7284\" src=\"https:\/\/ericante.fr\/wp-content\/uploads\/2023\/09\/2023-5-7-Pont-canal-300x225.jpeg\" alt=\"\" width=\"319\" height=\"239\" srcset=\"https:\/\/ericante.fr\/wp-content\/uploads\/2023\/09\/2023-5-7-Pont-canal-300x225.jpeg 300w, https:\/\/ericante.fr\/wp-content\/uploads\/2023\/09\/2023-5-7-Pont-canal-768x576.jpeg 768w, https:\/\/ericante.fr\/wp-content\/uploads\/2023\/09\/2023-5-7-Pont-canal.jpeg 850w\" sizes=\"auto, (max-width: 319px) 100vw, 319px\" \/><\/a> <a href=\"https:\/\/ericante.fr\/?attachment_id=7282\"><img loading=\"lazy\" decoding=\"async\" class=\"alignnone wp-image-7282\" src=\"https:\/\/ericante.fr\/wp-content\/uploads\/2023\/09\/2023-5-7-passerelle-300x225.jpeg\" alt=\"\" width=\"317\" height=\"238\" srcset=\"https:\/\/ericante.fr\/wp-content\/uploads\/2023\/09\/2023-5-7-passerelle-300x225.jpeg 300w, https:\/\/ericante.fr\/wp-content\/uploads\/2023\/09\/2023-5-7-passerelle-768x576.jpeg 768w, https:\/\/ericante.fr\/wp-content\/uploads\/2023\/09\/2023-5-7-passerelle.jpeg 850w\" sizes=\"auto, (max-width: 317px) 100vw, 317px\" \/><\/a><\/p>\n<p>Apr\u00e8s deux heures de route nous faisons une pause d\u00e9jeuner avant l&rsquo;\u00e9cluse de la Gravi\u00e8res<\/p>\n<p>&nbsp;<a href=\"https:\/\/ericante.fr\/?attachment_id=7283\"><img loading=\"lazy\" decoding=\"async\" class=\"size-medium wp-image-7283 aligncenter\" src=\"https:\/\/ericante.fr\/wp-content\/uploads\/2023\/09\/2023-5-7-Ecluse-300x225.jpeg\" alt=\"\" width=\"300\" height=\"225\" srcset=\"https:\/\/ericante.fr\/wp-content\/uploads\/2023\/09\/2023-5-7-Ecluse-300x225.jpeg 300w, https:\/\/ericante.fr\/wp-content\/uploads\/2023\/09\/2023-5-7-Ecluse-768x576.jpeg 768w, https:\/\/ericante.fr\/wp-content\/uploads\/2023\/09\/2023-5-7-Ecluse.jpeg 850w\" sizes=\"auto, (max-width: 300px) 100vw, 300px\" \/><\/a><\/p>\n<p>Sur cette portion du canal lat\u00e9ral de la Garonne nous ne rencontrons presque plus de bateaux de location. la derni\u00e8re base \u00e9tait \u00e0 Buzet<\/p>\n<p><a href=\"https:\/\/ericante.fr\/?attachment_id=7286\"><img loading=\"lazy\" decoding=\"async\" class=\"size-medium wp-image-7286 aligncenter\" src=\"https:\/\/ericante.fr\/wp-content\/uploads\/2023\/09\/2023-5-7-Buzet-300x225.jpeg\" alt=\"\" width=\"300\" height=\"225\" srcset=\"https:\/\/ericante.fr\/wp-content\/uploads\/2023\/09\/2023-5-7-Buzet-300x225.jpeg 300w, https:\/\/ericante.fr\/wp-content\/uploads\/2023\/09\/2023-5-7-Buzet-768x576.jpeg 768w, https:\/\/ericante.fr\/wp-content\/uploads\/2023\/09\/2023-5-7-Buzet.jpeg 850w\" sizes=\"auto, (max-width: 300px) 100vw, 300px\" \/><\/a><\/p>\n<p style=\"text-align: justify;\">Ces bateaux souvent de grandes tailles, allant jusqu&rsquo;\u00e0 15 m\u00e8tres, sont lou\u00e9s sans permis. Une tr\u00e8s courte mise en main par le loueur et les locataires sont l\u00e2ch\u00e9s. Certains ont un peu d&rsquo;exp\u00e9rience et sont prudents, mais d&rsquo;autres ont du mal &nbsp;\u00e0 faire la diff\u00e9rence entre un bateau et une auto. Il en r\u00e9sulte des cafouillages et parfois des collisions. Heureusement navigant en basse saison nous n&rsquo;avons jamais eu de probl\u00e8mes avec ces bateaux.&nbsp;<\/p>\n<p>Nous arrivons \u00e0 Meilhan sur Garonne vers 16 heures, Bebiya 3, immatricul\u00e9 \u00e0 Strasbourg, est d\u00e9j\u00e0 l\u00e0. Les fleurs de platanes et de peupliers recouvrent la canal et les bateaux, le pollen irritant nous fait tousser. &nbsp;<\/p>\n<p><a href=\"https:\/\/ericante.fr\/?attachment_id=7288\"><img loading=\"lazy\" decoding=\"async\" class=\"alignnone wp-image-7288\" src=\"https:\/\/ericante.fr\/wp-content\/uploads\/2023\/09\/2023-5-7-Meilhan-sur-Garonne-300x225.jpeg\" alt=\"\" width=\"316\" height=\"237\" srcset=\"https:\/\/ericante.fr\/wp-content\/uploads\/2023\/09\/2023-5-7-Meilhan-sur-Garonne-300x225.jpeg 300w, https:\/\/ericante.fr\/wp-content\/uploads\/2023\/09\/2023-5-7-Meilhan-sur-Garonne-768x576.jpeg 768w, https:\/\/ericante.fr\/wp-content\/uploads\/2023\/09\/2023-5-7-Meilhan-sur-Garonne.jpeg 850w\" sizes=\"auto, (max-width: 316px) 100vw, 316px\" \/><\/a> <a href=\"https:\/\/ericante.fr\/?attachment_id=7281\"><img loading=\"lazy\" decoding=\"async\" class=\"alignnone wp-image-7281\" src=\"https:\/\/ericante.fr\/wp-content\/uploads\/2023\/09\/2023-5-7-Bebiya-3-300x225.jpeg\" alt=\"\" width=\"315\" height=\"236\" srcset=\"https:\/\/ericante.fr\/wp-content\/uploads\/2023\/09\/2023-5-7-Bebiya-3-300x225.jpeg 300w, https:\/\/ericante.fr\/wp-content\/uploads\/2023\/09\/2023-5-7-Bebiya-3-768x576.jpeg 768w, https:\/\/ericante.fr\/wp-content\/uploads\/2023\/09\/2023-5-7-Bebiya-3.jpeg 850w\" sizes=\"auto, (max-width: 315px) 100vw, 315px\" \/><\/a><\/p>\n<p>Le village typique situ\u00e9 sur une colline domine la Garonne.<\/p>\n<p><a href=\"https:\/\/ericante.fr\/?attachment_id=7301\"><img loading=\"lazy\" decoding=\"async\" class=\"alignnone wp-image-7301\" src=\"https:\/\/ericante.fr\/wp-content\/uploads\/2023\/09\/2023-5-7-eglise-de-meilhan-225x300.jpeg\" alt=\"\" width=\"151\" height=\"202\" srcset=\"https:\/\/ericante.fr\/wp-content\/uploads\/2023\/09\/2023-5-7-eglise-de-meilhan-225x300.jpeg 225w, https:\/\/ericante.fr\/wp-content\/uploads\/2023\/09\/2023-5-7-eglise-de-meilhan.jpeg 638w\" sizes=\"auto, (max-width: 151px) 100vw, 151px\" \/><\/a> <a href=\"https:\/\/ericante.fr\/?attachment_id=7302\"><img loading=\"lazy\" decoding=\"async\" class=\"alignnone wp-image-7302\" src=\"https:\/\/ericante.fr\/wp-content\/uploads\/2023\/09\/2023-5-7-puit-a-meilhan-300x225.jpeg\" alt=\"\" width=\"210\" height=\"158\" srcset=\"https:\/\/ericante.fr\/wp-content\/uploads\/2023\/09\/2023-5-7-puit-a-meilhan-300x225.jpeg 300w, https:\/\/ericante.fr\/wp-content\/uploads\/2023\/09\/2023-5-7-puit-a-meilhan-768x576.jpeg 768w, https:\/\/ericante.fr\/wp-content\/uploads\/2023\/09\/2023-5-7-puit-a-meilhan.jpeg 850w\" sizes=\"auto, (max-width: 210px) 100vw, 210px\" \/><\/a> <a href=\"https:\/\/ericante.fr\/?attachment_id=7300\"><img loading=\"lazy\" decoding=\"async\" class=\"alignnone wp-image-7300\" src=\"https:\/\/ericante.fr\/wp-content\/uploads\/2023\/09\/2023-5-7-maison-a-meilhan-300x225.jpeg\" alt=\"\" width=\"268\" height=\"201\" srcset=\"https:\/\/ericante.fr\/wp-content\/uploads\/2023\/09\/2023-5-7-maison-a-meilhan-300x225.jpeg 300w, https:\/\/ericante.fr\/wp-content\/uploads\/2023\/09\/2023-5-7-maison-a-meilhan-768x576.jpeg 768w, https:\/\/ericante.fr\/wp-content\/uploads\/2023\/09\/2023-5-7-maison-a-meilhan.jpeg 850w\" sizes=\"auto, (max-width: 268px) 100vw, 268px\" \/><\/a><\/p>\n<p><a href=\"https:\/\/ericante.fr\/?attachment_id=7287\"><img loading=\"lazy\" decoding=\"async\" class=\" wp-image-7287 aligncenter\" src=\"https:\/\/ericante.fr\/wp-content\/uploads\/2023\/09\/2023-5-7-la-garonne-a-meilhan-300x225.jpeg\" alt=\"\" width=\"524\" height=\"393\" srcset=\"https:\/\/ericante.fr\/wp-content\/uploads\/2023\/09\/2023-5-7-la-garonne-a-meilhan-300x225.jpeg 300w, https:\/\/ericante.fr\/wp-content\/uploads\/2023\/09\/2023-5-7-la-garonne-a-meilhan-768x576.jpeg 768w, https:\/\/ericante.fr\/wp-content\/uploads\/2023\/09\/2023-5-7-la-garonne-a-meilhan.jpeg 850w\" sizes=\"auto, (max-width: 524px) 100vw, 524px\" \/><\/a><\/p>\n<p>&nbsp;<\/p>\n","protected":false},"excerpt":{"rendered":"<p>Ce matin le temps est couvert mais il ne pleut pas. Nous quittons le quai &nbsp;du port du Pont de Sables un peu avant 11 heures Nous passons sur le pont-canal de l&rsquo;Avance puis sous une passerelle qui nous semble &hellip; <a href=\"https:\/\/ericante.fr\/?p=7277\">Continuer la lecture <span class=\"meta-nav\">&rarr;<\/span><\/a><\/p>\n","protected":false},"author":1,"featured_media":0,"comment_status":"open","ping_status":"open","sticky":false,"template":"","format":"standard","meta":{"_monsterinsights_skip_tracking":false,"_monsterinsights_sitenote_active":false,"_monsterinsights_sitenote_note":"","_monsterinsights_sitenote_category":0,"_uf_show_specific_survey":0,"_uf_disable_surveys":false,"footnotes":""},"categories":[12],"tags":[616],"class_list":["post-7277","post","type-post","status-publish","format-standard","hentry","category-france","tag-meilhan-sur-garonne"],"_links":{"self":[{"href":"https:\/\/ericante.fr\/index.php?rest_route=\/wp\/v2\/posts\/7277","targetHints":{"allow":["GET"]}}],"collection":[{"href":"https:\/\/ericante.fr\/index.php?rest_route=\/wp\/v2\/posts"}],"about":[{"href":"https:\/\/ericante.fr\/index.php?rest_route=\/wp\/v2\/types\/post"}],"author":[{"embeddable":true,"href":"https:\/\/ericante.fr\/index.php?rest_route=\/wp\/v2\/users\/1"}],"replies":[{"embeddable":true,"href":"https:\/\/ericante.fr\/index.php?rest_route=%2Fwp%2Fv2%2Fcomments&post=7277"}],"version-history":[{"count":5,"href":"https:\/\/ericante.fr\/index.php?rest_route=\/wp\/v2\/posts\/7277\/revisions"}],"predecessor-version":[{"id":7307,"href":"https:\/\/ericante.fr\/index.php?rest_route=\/wp\/v2\/posts\/7277\/revisions\/7307"}],"wp:attachment":[{"href":"https:\/\/ericante.fr\/index.php?rest_route=%2Fwp%2Fv2%2Fmedia&parent=7277"}],"wp:term":[{"taxonomy":"category","embeddable":true,"href":"https:\/\/ericante.fr\/index.php?rest_route=%2Fwp%2Fv2%2Fcategories&post=7277"},{"taxonomy":"post_tag","embeddable":true,"href":"https:\/\/ericante.fr\/index.php?rest_route=%2Fwp%2Fv2%2Ftags&post=7277"}],"curies":[{"name":"wp","href":"https:\/\/api.w.org\/{rel}","templated":true}]}}