{"id":710,"date":"2014-06-26T09:14:35","date_gmt":"2014-06-26T08:14:35","guid":{"rendered":"http:\/\/ericante.fr\/?p=710"},"modified":"2015-08-22T09:22:14","modified_gmt":"2015-08-22T08:22:14","slug":"traversee-acores-portugal-du-lundi-16-au-mardi-24-juin-2014","status":"publish","type":"post","link":"https:\/\/ericante.fr\/?p=710","title":{"rendered":"Travers\u00e9e A\u00e7ores &#8211; Portugal  du lundi 16 au mardi 24 juin 2014"},"content":{"rendered":"<p style=\"text-align: justify;\">Du 16 au 24 juin 2014 Travers\u00e9e de l&rsquo;\u00eele de Terceira A\u00e7ores au mouillage de Sagres Portugal \u2013 872 M.<\/p>\n<p>La navigation a \u00e9t\u00e9 agr\u00e9able avec une mer assez form\u00e9e au d\u00e9part, un vent de 10 et 39 noeuds toujours portant Ouest Nord Ouest.<br \/>\nA 160 miles des A\u00e7ores nous nous sommes mis en cape s\u00e8che pendant 6-7 heures. Le pilote ne fonctionnait plus. Nous en avons profit\u00e9 pour dormir, ouvrir les panneaux arri\u00e8re pour voir si la barre de liaison \u00e9tait bien fix\u00e9e, se dire que \u00e7a allait \u00eatre difficile de barrer pendant tous ces miles puis finalement appuyer sur un des boutons du pilote pour le remettre en route.<\/p>\n<p>Photos de quelques \u00e9v\u00e8nements<a href=\"https:\/\/ericante.fr\/wp-content\/uploads\/2015\/08\/Thon1.jpg\"><img loading=\"lazy\" decoding=\"async\" class=\"  wp-image-711 aligncenter\" src=\"https:\/\/ericante.fr\/wp-content\/uploads\/2015\/08\/Thon1-181x300.jpg\" alt=\"2014-06-22 16h38 Eric et son 1er thon p\u00e9ch\u00e9 au milieu de l'Atlantique\" width=\"253\" height=\"419\" \/><\/a><\/p>\n<p style=\"text-align: justify;\"><a href=\"https:\/\/ericante.fr\/wp-content\/uploads\/2015\/08\/Thon2.jpg\"><img loading=\"lazy\" decoding=\"async\" class=\"  wp-image-712 alignleft\" src=\"https:\/\/ericante.fr\/wp-content\/uploads\/2015\/08\/Thon2-300x211.jpg\" alt=\"2014-06-22 16h42 1er thon p\u00e9ch\u00e9 au milieu de l'Atlantique\" width=\"282\" height=\"198\" srcset=\"https:\/\/ericante.fr\/wp-content\/uploads\/2015\/08\/Thon2-300x211.jpg 300w, https:\/\/ericante.fr\/wp-content\/uploads\/2015\/08\/Thon2.jpg 1024w\" sizes=\"auto, (max-width: 282px) 100vw, 282px\" \/><\/a><\/p>\n<p style=\"text-align: justify;\"><a href=\"https:\/\/ericante.fr\/wp-content\/uploads\/2015\/08\/Thon3.jpg\"><img loading=\"lazy\" decoding=\"async\" class=\"  wp-image-713 alignright\" src=\"https:\/\/ericante.fr\/wp-content\/uploads\/2015\/08\/Thon3-300x225.jpg\" alt=\"2014-06-22 19h18 Eric et son 1er thon p\u00e9ch\u00e9 au milieu de l'Atlantique (2)\" width=\"270\" height=\"202\" srcset=\"https:\/\/ericante.fr\/wp-content\/uploads\/2015\/08\/Thon3-300x225.jpg 300w, https:\/\/ericante.fr\/wp-content\/uploads\/2015\/08\/Thon3.jpg 1024w\" sizes=\"auto, (max-width: 270px) 100vw, 270px\" \/><\/a><\/p>\n<p style=\"text-align: justify;\">L&rsquo;hirondelle se repose puis s&rsquo;envole<br \/>\nApproche du cap Saint Vincent au coucher du soleil<\/p>\n<p style=\"text-align: justify;\"><a href=\"https:\/\/ericante.fr\/wp-content\/uploads\/2015\/08\/Hirondelle1.jpg\"><img loading=\"lazy\" decoding=\"async\" class=\"alignnone  wp-image-714\" src=\"https:\/\/ericante.fr\/wp-content\/uploads\/2015\/08\/Hirondelle1-300x193.jpg\" alt=\"2014-06-24 6h45 passager clandestin entre les A\u00e7ores et le Portugal\" width=\"365\" height=\"235\" srcset=\"https:\/\/ericante.fr\/wp-content\/uploads\/2015\/08\/Hirondelle1-300x193.jpg 300w, https:\/\/ericante.fr\/wp-content\/uploads\/2015\/08\/Hirondelle1.jpg 1024w\" sizes=\"auto, (max-width: 365px) 100vw, 365px\" \/><\/a><a href=\"https:\/\/ericante.fr\/wp-content\/uploads\/2015\/08\/Hirondelle2.jpg\"><img loading=\"lazy\" decoding=\"async\" class=\"  wp-image-715 alignright\" src=\"https:\/\/ericante.fr\/wp-content\/uploads\/2015\/08\/Hirondelle2-300x207.jpg\" alt=\"2014-06-24 7h42 passager clandestin entre les A\u00e7ores et le Portugal\" width=\"426\" height=\"294\" srcset=\"https:\/\/ericante.fr\/wp-content\/uploads\/2015\/08\/Hirondelle2-300x207.jpg 300w, https:\/\/ericante.fr\/wp-content\/uploads\/2015\/08\/Hirondelle2.jpg 1024w\" sizes=\"auto, (max-width: 426px) 100vw, 426px\" \/><\/a><\/p>\n<p style=\"text-align: justify;\"><a href=\"https:\/\/ericante.fr\/wp-content\/uploads\/2015\/08\/cap st Vincent.jpg\"><img loading=\"lazy\" decoding=\"async\" class=\"  wp-image-716 aligncenter\" src=\"https:\/\/ericante.fr\/wp-content\/uploads\/2015\/08\/cap st Vincent-300x225.jpg\" alt=\"2014-06-24 20h46 cap St vincent au Portugal\" width=\"371\" height=\"278\" srcset=\"https:\/\/ericante.fr\/wp-content\/uploads\/2015\/08\/cap%20st%20Vincent-300x225.jpg 300w, https:\/\/ericante.fr\/wp-content\/uploads\/2015\/08\/cap%20st%20Vincent.jpg 1024w\" sizes=\"auto, (max-width: 371px) 100vw, 371px\" \/><\/a><\/p>\n<p style=\"text-align: center;\">Au bon pain chaud<\/p>\n<p style=\"text-align: justify;\"><a href=\"https:\/\/ericante.fr\/wp-content\/uploads\/2015\/08\/Pain Chaud.jpg\"><img loading=\"lazy\" decoding=\"async\" class=\"  wp-image-717 aligncenter\" src=\"https:\/\/ericante.fr\/wp-content\/uploads\/2015\/08\/Pain Chaud-225x300.jpg\" alt=\"2014-06-25 21h15 La boulang\u00e8re devant son chef d'oeuvre \u00e0 Sagres au Portugal\" width=\"371\" height=\"495\" srcset=\"https:\/\/ericante.fr\/wp-content\/uploads\/2015\/08\/Pain%20Chaud-225x300.jpg 225w, https:\/\/ericante.fr\/wp-content\/uploads\/2015\/08\/Pain%20Chaud.jpg 768w\" sizes=\"auto, (max-width: 371px) 100vw, 371px\" \/><\/a><\/p>\n","protected":false},"excerpt":{"rendered":"<p>Du 16 au 24 juin 2014 Travers\u00e9e de l&rsquo;\u00eele de Terceira A\u00e7ores au mouillage de Sagres Portugal \u2013 872 M. La navigation a \u00e9t\u00e9 agr\u00e9able avec une mer assez form\u00e9e au d\u00e9part, un vent de 10 et 39 noeuds toujours &hellip; <a href=\"https:\/\/ericante.fr\/?p=710\">Continuer la lecture <span class=\"meta-nav\">&rarr;<\/span><\/a><\/p>\n","protected":false},"author":1,"featured_media":0,"comment_status":"open","ping_status":"open","sticky":false,"template":"","format":"standard","meta":{"_monsterinsights_skip_tracking":false,"_uf_show_specific_survey":0,"_uf_disable_surveys":false,"footnotes":""},"categories":[120],"tags":[212,222,122,134,223,224],"class_list":["post-710","post","type-post","status-publish","format-standard","hentry","category-portugal","tag-acores","tag-atlantique","tag-portugal","tag-sagres","tag-teceira","tag-traversee"],"_links":{"self":[{"href":"https:\/\/ericante.fr\/index.php?rest_route=\/wp\/v2\/posts\/710","targetHints":{"allow":["GET"]}}],"collection":[{"href":"https:\/\/ericante.fr\/index.php?rest_route=\/wp\/v2\/posts"}],"about":[{"href":"https:\/\/ericante.fr\/index.php?rest_route=\/wp\/v2\/types\/post"}],"author":[{"embeddable":true,"href":"https:\/\/ericante.fr\/index.php?rest_route=\/wp\/v2\/users\/1"}],"replies":[{"embeddable":true,"href":"https:\/\/ericante.fr\/index.php?rest_route=%2Fwp%2Fv2%2Fcomments&post=710"}],"version-history":[{"count":4,"href":"https:\/\/ericante.fr\/index.php?rest_route=\/wp\/v2\/posts\/710\/revisions"}],"predecessor-version":[{"id":723,"href":"https:\/\/ericante.fr\/index.php?rest_route=\/wp\/v2\/posts\/710\/revisions\/723"}],"wp:attachment":[{"href":"https:\/\/ericante.fr\/index.php?rest_route=%2Fwp%2Fv2%2Fmedia&parent=710"}],"wp:term":[{"taxonomy":"category","embeddable":true,"href":"https:\/\/ericante.fr\/index.php?rest_route=%2Fwp%2Fv2%2Fcategories&post=710"},{"taxonomy":"post_tag","embeddable":true,"href":"https:\/\/ericante.fr\/index.php?rest_route=%2Fwp%2Fv2%2Ftags&post=710"}],"curies":[{"name":"wp","href":"https:\/\/api.w.org\/{rel}","templated":true}]}}