{"id":71,"date":"2011-05-17T18:45:35","date_gmt":"2011-05-17T17:45:35","guid":{"rendered":"http:\/\/ericante.fr\/?p=71"},"modified":"2017-07-24T07:18:56","modified_gmt":"2017-07-24T06:18:56","slug":"du-12-au-16-mai-2011-arklow","status":"publish","type":"post","link":"https:\/\/ericante.fr\/?p=71","title":{"rendered":"Arklow du 12 au 16 mai 2011"},"content":{"rendered":"<p style=\"text-align: justify;\">De bon matin, le mercredi 11 mai, sous le soleil, Ericante navigue vers l&rsquo;Irlande avec un vent favorable WSW force 3-4. L&rsquo;apr\u00e8s midi, il atteint la vitesse de 8,6N sous GV et et g\u00e9nois. A 19h30 le vent fra\u00eechit, nous prenons un ris et 3 tours dans le g\u00e9nois; Plus confortable pour une vitesse identique sur une mer agit\u00e9e.<\/p>\n<p style=\"text-align: justify;\"><a href=\"https:\/\/ericante.fr\/wp-content\/uploads\/2015\/07\/12-5-vers-Irlande-1.jpg\"><img loading=\"lazy\" decoding=\"async\" class=\"alignnone wp-image-73\" src=\"https:\/\/ericante.fr\/wp-content\/uploads\/2015\/07\/12-5-vers-Irlande-1-300x225.jpg\" alt=\"12-5 vers Irlande 1\" width=\"278\" height=\"207\"><\/a>&nbsp; &nbsp; &nbsp; &nbsp; &nbsp; &nbsp; &nbsp; &nbsp; &nbsp;&nbsp;<img loading=\"lazy\" decoding=\"async\" class=\"alignnone wp-image-74\" src=\"https:\/\/ericante.fr\/wp-content\/uploads\/2015\/07\/11-5-vers-Irlande-3-300x225.jpg\" alt=\"11-5 vers Irlande 3\" width=\"276\" height=\"207\" srcset=\"https:\/\/ericante.fr\/wp-content\/uploads\/2015\/07\/11-5-vers-Irlande-3-300x225.jpg 300w, https:\/\/ericante.fr\/wp-content\/uploads\/2015\/07\/11-5-vers-Irlande-3.jpg 1024w\" sizes=\"auto, (max-width: 276px) 100vw, 276px\" \/><\/p>\n<p style=\"text-align: justify;\">15&prime; de bonheur \u00e0 la contre g\u00eete serr\u00e9s l&rsquo;un contre l&rsquo;autre. La caract\u00e9ristique du bonheur est sa fugacit\u00e9. Le capitaine constate qu&rsquo;il y a un probl\u00e8me avec le vit de mulet de la baume. Nous affalons imm\u00e9diatement la grand voile. L&rsquo;espoir de d\u00e9jeuner demain \u00e0 Dublin fond comme notre vitesse, 5N. &nbsp;La moiti\u00e9 de l&rsquo;\u00e9quipage est mal en point mais laisse le capitaine dormir \u00e0 3h du matin. Vers 10h Nous entrons dans le canal St Georges \u00e0 contre courant -2N, plus loin il nous aide, et, enfin, nous posons pied sur un&nbsp;ponton irlandais dans le petit port d&rsquo;Arklow.<\/p>\n<p><a href=\"https:\/\/ericante.fr\/wp-content\/uploads\/2015\/07\/carte-arklow.jpg\"><img loading=\"lazy\" decoding=\"async\" class=\"alignnone wp-image-77 aligncenter\" src=\"https:\/\/ericante.fr\/wp-content\/uploads\/2015\/07\/carte-arklow-265x300.jpg\" alt=\"carte arklow\" width=\"358\" height=\"405\" srcset=\"https:\/\/ericante.fr\/wp-content\/uploads\/2015\/07\/carte-arklow-265x300.jpg 265w, https:\/\/ericante.fr\/wp-content\/uploads\/2015\/07\/carte-arklow.jpg 431w\" sizes=\"auto, (max-width: 358px) 100vw, 358px\" \/><\/a><\/p>\n<p>Arklow, &nbsp;notre premi\u00e8re escale irlandaise<\/p>\n<p><a href=\"https:\/\/ericante.fr\/wp-content\/uploads\/2015\/07\/15-5-Arklow-5.jpg\"><img loading=\"lazy\" decoding=\"async\" class=\" aligncenter\" src=\"https:\/\/ericante.fr\/wp-content\/uploads\/2015\/07\/15-5-Arklow-5-300x225.jpg\" alt=\"OLYMPUS DIGITAL CAMERA\" width=\"399\" height=\"299\"><\/a><\/p>\n<p>Nous retrouvons avec plaisir sur le ponton Kolibri et son charmant couple breton avec lequel nous avons sympathis\u00e9 au mouillage de Tresco.<\/p>\n<div id=\"attachment_81\" style=\"width: 595px\" class=\"wp-caption aligncenter\"><a href=\"https:\/\/ericante.fr\/wp-content\/uploads\/2015\/07\/P1010007.jpg\"><img loading=\"lazy\" decoding=\"async\" aria-describedby=\"caption-attachment-81\" class=\" wp-image-81\" src=\"https:\/\/ericante.fr\/wp-content\/uploads\/2015\/07\/P1010007-300x225.jpg\" alt=\"OLYMPUS DIGITAL CAMERA\" width=\"585\" height=\"439\" srcset=\"https:\/\/ericante.fr\/wp-content\/uploads\/2015\/07\/P1010007-300x225.jpg 300w, https:\/\/ericante.fr\/wp-content\/uploads\/2015\/07\/P1010007.jpg 1024w\" sizes=\"auto, (max-width: 585px) 100vw, 585px\" \/><\/a><p id=\"caption-attachment-81\" class=\"wp-caption-text\">Kolibri &nbsp;en route vers Howth<\/p><\/div>\n<p>&nbsp;<\/p>\n<p>&nbsp;<\/p>\n<p style=\"text-align: justify;\">&nbsp;<\/p>\n","protected":false},"excerpt":{"rendered":"<p>De bon matin, le mercredi 11 mai, sous le soleil, Ericante navigue vers l&rsquo;Irlande avec un vent favorable WSW force 3-4. L&rsquo;apr\u00e8s midi, il atteint la vitesse de 8,6N sous GV et et g\u00e9nois. A 19h30 le vent fra\u00eechit, nous &hellip; <a href=\"https:\/\/ericante.fr\/?p=71\">Continuer la lecture <span class=\"meta-nav\">&rarr;<\/span><\/a><\/p>\n","protected":false},"author":1,"featured_media":0,"comment_status":"open","ping_status":"open","sticky":false,"template":"","format":"standard","meta":{"_monsterinsights_skip_tracking":false,"_monsterinsights_sitenote_active":false,"_monsterinsights_sitenote_note":"","_monsterinsights_sitenote_category":0,"_uf_show_specific_survey":0,"_uf_disable_surveys":false,"footnotes":""},"categories":[11],"tags":[32,34,33,35],"class_list":["post-71","post","type-post","status-publish","format-standard","hentry","category-irlande","tag-arklow","tag-canal-saint-georges","tag-irlande","tag-kolibri"],"_links":{"self":[{"href":"https:\/\/ericante.fr\/index.php?rest_route=\/wp\/v2\/posts\/71","targetHints":{"allow":["GET"]}}],"collection":[{"href":"https:\/\/ericante.fr\/index.php?rest_route=\/wp\/v2\/posts"}],"about":[{"href":"https:\/\/ericante.fr\/index.php?rest_route=\/wp\/v2\/types\/post"}],"author":[{"embeddable":true,"href":"https:\/\/ericante.fr\/index.php?rest_route=\/wp\/v2\/users\/1"}],"replies":[{"embeddable":true,"href":"https:\/\/ericante.fr\/index.php?rest_route=%2Fwp%2Fv2%2Fcomments&post=71"}],"version-history":[{"count":5,"href":"https:\/\/ericante.fr\/index.php?rest_route=\/wp\/v2\/posts\/71\/revisions"}],"predecessor-version":[{"id":4875,"href":"https:\/\/ericante.fr\/index.php?rest_route=\/wp\/v2\/posts\/71\/revisions\/4875"}],"wp:attachment":[{"href":"https:\/\/ericante.fr\/index.php?rest_route=%2Fwp%2Fv2%2Fmedia&parent=71"}],"wp:term":[{"taxonomy":"category","embeddable":true,"href":"https:\/\/ericante.fr\/index.php?rest_route=%2Fwp%2Fv2%2Fcategories&post=71"},{"taxonomy":"post_tag","embeddable":true,"href":"https:\/\/ericante.fr\/index.php?rest_route=%2Fwp%2Fv2%2Ftags&post=71"}],"curies":[{"name":"wp","href":"https:\/\/api.w.org\/{rel}","templated":true}]}}