{"id":7073,"date":"2023-10-14T08:16:10","date_gmt":"2023-10-14T07:16:10","guid":{"rendered":"https:\/\/ericante.fr\/?p=7073"},"modified":"2023-10-15T12:27:04","modified_gmt":"2023-10-15T11:27:04","slug":"du-pont-de-merpins-a-cognac-le-dimanche-23-juillet-2023","status":"publish","type":"post","link":"https:\/\/ericante.fr\/?p=7073","title":{"rendered":"du pont de Merpins \u00e0 Cognac le dimanche 23 juillet 2023"},"content":{"rendered":"<p><a href=\"https:\/\/ericante.fr\/?attachment_id=7705\"><img loading=\"lazy\" decoding=\"async\" class=\" wp-image-7705 aligncenter\" src=\"https:\/\/ericante.fr\/wp-content\/uploads\/2023\/10\/2023-7-23-depart-du-pont-de-Merpins-300x225.jpg\" alt=\"\" width=\"357\" height=\"268\" srcset=\"https:\/\/ericante.fr\/wp-content\/uploads\/2023\/10\/2023-7-23-depart-du-pont-de-Merpins-300x225.jpg 300w, https:\/\/ericante.fr\/wp-content\/uploads\/2023\/10\/2023-7-23-depart-du-pont-de-Merpins-768x576.jpg 768w, https:\/\/ericante.fr\/wp-content\/uploads\/2023\/10\/2023-7-23-depart-du-pont-de-Merpins.jpg 850w\" sizes=\"auto, (max-width: 357px) 100vw, 357px\" \/><\/a><\/p>\n<p style=\"text-align: justify;\">A 11h45 la batterie n&rsquo;est charg\u00e9e qu&rsquo;\u00e0 48,66 V. lorsque MeaWatt s&rsquo;\u00e9loigne du ponton bucolique et ombrag\u00e9 du Pont de Merpins. Malgr\u00e9 le temps chaud et d\u00e9favorablement nuageux pour nos panneaux solaires, il nous faut avancer.<\/p>\n<p><a href=\"https:\/\/ericante.fr\/?attachment_id=7708\"><img loading=\"lazy\" decoding=\"async\" class=\" wp-image-7708 aligncenter\" src=\"https:\/\/ericante.fr\/wp-content\/uploads\/2023\/10\/2023-7-23-Le-grand-saut-dans-la-Charente-224x300.jpg\" alt=\"\" width=\"358\" height=\"479\" srcset=\"https:\/\/ericante.fr\/wp-content\/uploads\/2023\/10\/2023-7-23-Le-grand-saut-dans-la-Charente-224x300.jpg 224w, https:\/\/ericante.fr\/wp-content\/uploads\/2023\/10\/2023-7-23-Le-grand-saut-dans-la-Charente.jpg 766w\" sizes=\"auto, (max-width: 358px) 100vw, 358px\" \/><\/a><\/p>\n<p style=\"text-align: justify;\">Les enfants de Tarzan et Jane sautent de petits plongeoirs construits le long de gros arbres. Les endroits choisis ont une profondeur d&rsquo;eau suffisante pour y jouer sans danger.&nbsp;<\/p>\n<p><a href=\"https:\/\/ericante.fr\/?attachment_id=7704\"><img loading=\"lazy\" decoding=\"async\" class=\" wp-image-7704 aligncenter\" src=\"https:\/\/ericante.fr\/wp-content\/uploads\/2023\/10\/2023-7-23-les-algues-de-la-Charente-300x225.jpg\" alt=\"\" width=\"416\" height=\"312\" srcset=\"https:\/\/ericante.fr\/wp-content\/uploads\/2023\/10\/2023-7-23-les-algues-de-la-Charente-300x225.jpg 300w, https:\/\/ericante.fr\/wp-content\/uploads\/2023\/10\/2023-7-23-les-algues-de-la-Charente-768x576.jpg 768w, https:\/\/ericante.fr\/wp-content\/uploads\/2023\/10\/2023-7-23-les-algues-de-la-Charente.jpg 850w\" sizes=\"auto, (max-width: 416px) 100vw, 416px\" \/><\/a><\/p>\n<p>Nous commen\u00e7ons \u00e0 croiser de la v\u00e9g\u00e9tation aquatique envahissante qui ne nous g\u00e8ne pas vraiment encore.<\/p>\n<p><a href=\"https:\/\/ericante.fr\/?attachment_id=7701\"><img loading=\"lazy\" decoding=\"async\" class=\" wp-image-7701 aligncenter\" src=\"https:\/\/ericante.fr\/wp-content\/uploads\/2023\/10\/2023-7-23-ecluse-manuelle-de-la-Charente-300x225.jpg\" alt=\"\" width=\"444\" height=\"333\" srcset=\"https:\/\/ericante.fr\/wp-content\/uploads\/2023\/10\/2023-7-23-ecluse-manuelle-de-la-Charente-300x225.jpg 300w, https:\/\/ericante.fr\/wp-content\/uploads\/2023\/10\/2023-7-23-ecluse-manuelle-de-la-Charente-768x576.jpg 768w, https:\/\/ericante.fr\/wp-content\/uploads\/2023\/10\/2023-7-23-ecluse-manuelle-de-la-Charente.jpg 850w\" sizes=\"auto, (max-width: 444px) 100vw, 444px\" \/><\/a><\/p>\n<p style=\"text-align: justify;\">La premi\u00e8re \u00e9cluse manuelle du Crouin est pass\u00e9e \u00e0 12h52, Une grande roue m\u00e9tallique pour chaque porte \u00e0 tourner sans manivelle qui pourrait \u00eatre dangereuse si elle \u00e9tait lach\u00e9e.<\/p>\n<p style=\"text-align: justify;\">Ceci 4 fois par \u00e9cluse. 1\u00e8re, se mettre au ponton d&rsquo;attente, aller ouvrir les vantaux puis les portes, revenir au bateau, passer la porte amarrer le bateau dans l&rsquo;\u00e9cluse, grimper par l&rsquo;\u00e9chelle puis 2nd, refermer les portes aval. 3\u00e8me, aller ouvrir les vantaux et les portes amont. Enfin, remonter \u00e0 bord, passer l&rsquo;\u00e9cluse et s&rsquo;amarrer au ponton d&rsquo;attente amont pour 4\u00e8me, refermer les portes.<\/p>\n<p style=\"text-align: justify;\">Il ne nous en reste plus que 18 \u00e0 manoeuvrer jusqu&rsquo;\u00e0 Angoul\u00eame et 21 dont 19 &nbsp;manuelles pour redescendre jusqu&rsquo;\u00e0 la mer. La plaisance est bucolique et sportive sur la Charente.<\/p>\n<p style=\"text-align: justify;\">&nbsp;<\/p>\n<p style=\"text-align: justify;\">&nbsp;&nbsp;<a href=\"https:\/\/ericante.fr\/?attachment_id=7702\"><img loading=\"lazy\" decoding=\"async\" class=\"alignnone wp-image-7702\" src=\"https:\/\/ericante.fr\/wp-content\/uploads\/2023\/10\/2023-7-23-le-port-fluvial-de-Cognac-300x225.jpg\" alt=\"\" width=\"396\" height=\"297\" srcset=\"https:\/\/ericante.fr\/wp-content\/uploads\/2023\/10\/2023-7-23-le-port-fluvial-de-Cognac-300x225.jpg 300w, https:\/\/ericante.fr\/wp-content\/uploads\/2023\/10\/2023-7-23-le-port-fluvial-de-Cognac-768x576.jpg 768w, https:\/\/ericante.fr\/wp-content\/uploads\/2023\/10\/2023-7-23-le-port-fluvial-de-Cognac.jpg 850w\" sizes=\"auto, (max-width: 396px) 100vw, 396px\" \/><\/a> <a href=\"https:\/\/ericante.fr\/?attachment_id=7703\"><img loading=\"lazy\" decoding=\"async\" class=\"alignnone wp-image-7703\" src=\"https:\/\/ericante.fr\/wp-content\/uploads\/2023\/10\/2023-7-23-le-quai-municipal-de-Cognac-225x300.jpg\" alt=\"\" width=\"223\" height=\"298\" srcset=\"https:\/\/ericante.fr\/wp-content\/uploads\/2023\/10\/2023-7-23-le-quai-municipal-de-Cognac-225x300.jpg 225w, https:\/\/ericante.fr\/wp-content\/uploads\/2023\/10\/2023-7-23-le-quai-municipal-de-Cognac.jpg 638w\" sizes=\"auto, (max-width: 223px) 100vw, 223px\" \/><\/a><\/p>\n<p style=\"text-align: justify;\">A l&rsquo;approche de Cognac nous effectuons un passage de rep\u00e9rage devant le petit port pour d\u00e9cider de s&rsquo;amarrer le long du quai municipal \u00e9quip\u00e9 en eau et \u00e9lectricit\u00e9. Par acquis de conscience nous allons nous pr\u00e9senter au bureau du loueur \u00ab\u00a0Les Canalous\u00a0\u00bb ce qui n&rsquo;\u00e9tait pas n\u00e9cessaire car la personne qui nous re\u00e7oit ignore le prix pour le quai, seul avantage nous aurons acc\u00e8s aux deux douches chaudes du petit chantier.Nous payons 18,40\u20ac ce qui para\u00eet cher pour du fluvial.<\/p>\n<p>&nbsp; &nbsp; &nbsp; &nbsp; &nbsp; &nbsp; &nbsp; &nbsp; &nbsp; <a href=\"https:\/\/ericante.fr\/?attachment_id=7700\"><img loading=\"lazy\" decoding=\"async\" class=\"alignnone size-medium wp-image-7700\" src=\"https:\/\/ericante.fr\/wp-content\/uploads\/2023\/10\/2023-7-23-rue-de-Cognac-225x300.jpg\" alt=\"\" width=\"225\" height=\"300\" srcset=\"https:\/\/ericante.fr\/wp-content\/uploads\/2023\/10\/2023-7-23-rue-de-Cognac-225x300.jpg 225w, https:\/\/ericante.fr\/wp-content\/uploads\/2023\/10\/2023-7-23-rue-de-Cognac.jpg 638w\" sizes=\"auto, (max-width: 225px) 100vw, 225px\" \/><\/a> <a href=\"https:\/\/ericante.fr\/?attachment_id=7699\"><img loading=\"lazy\" decoding=\"async\" class=\"alignnone size-medium wp-image-7699\" src=\"https:\/\/ericante.fr\/wp-content\/uploads\/2023\/10\/2023-7-23-maison-de-cognac-225x300.jpg\" alt=\"\" width=\"225\" height=\"300\" srcset=\"https:\/\/ericante.fr\/wp-content\/uploads\/2023\/10\/2023-7-23-maison-de-cognac-225x300.jpg 225w, https:\/\/ericante.fr\/wp-content\/uploads\/2023\/10\/2023-7-23-maison-de-cognac.jpg 638w\" sizes=\"auto, (max-width: 225px) 100vw, 225px\" \/><\/a><\/p>\n<p style=\"text-align: justify;\">La ville de Cognac est un voyage dans un pass\u00e9 riche d&rsquo;Histoire. Les ruelles pentues encore pav\u00e9es sont bord\u00e9es de maisons tr\u00e8s anciennes. Il en reste \u00e0 restaurer: avis aux amateurs. Nous faisons la d\u00e9couverte d&rsquo;un petit restaurant POKEYE bien agenc\u00e9 et d\u00e9cor\u00e9 avec go\u00fbt. Les deux jeunes qui viennent de l&rsquo;ouvrir proposent un choix d&rsquo;ingr\u00e9dients remarquables et un jus d&rsquo;abricot fait maison d\u00e9licieux pour un prix correct.<\/p>\n<p>&nbsp; &nbsp; &nbsp; &nbsp;<a href=\"https:\/\/ericante.fr\/?attachment_id=7715\"><img loading=\"lazy\" decoding=\"async\" class=\"alignnone wp-image-7715\" src=\"https:\/\/ericante.fr\/wp-content\/uploads\/2023\/10\/2023-7-23-restau-de-Cognac-300x225.jpg\" alt=\"\" width=\"400\" height=\"300\" srcset=\"https:\/\/ericante.fr\/wp-content\/uploads\/2023\/10\/2023-7-23-restau-de-Cognac-300x225.jpg 300w, https:\/\/ericante.fr\/wp-content\/uploads\/2023\/10\/2023-7-23-restau-de-Cognac-768x576.jpg 768w, https:\/\/ericante.fr\/wp-content\/uploads\/2023\/10\/2023-7-23-restau-de-Cognac.jpg 850w\" sizes=\"auto, (max-width: 400px) 100vw, 400px\" \/><\/a> <a href=\"https:\/\/ericante.fr\/?attachment_id=7716\"><img loading=\"lazy\" decoding=\"async\" class=\"alignnone size-medium wp-image-7716\" src=\"https:\/\/ericante.fr\/wp-content\/uploads\/2023\/10\/2023-6-23-restau-balancoire-184x300.jpg\" alt=\"\" width=\"184\" height=\"300\" srcset=\"https:\/\/ericante.fr\/wp-content\/uploads\/2023\/10\/2023-6-23-restau-balancoire-184x300.jpg 184w, https:\/\/ericante.fr\/wp-content\/uploads\/2023\/10\/2023-6-23-restau-balancoire.jpg 522w\" sizes=\"auto, (max-width: 184px) 100vw, 184px\" \/><\/a><\/p>\n<p style=\"text-align: justify;\">Fran\u00e7ois Ier est n\u00e9 &nbsp;\u00e0 Cognac et nous choisissons de visiter le cave du Baron Otard maison qui a achet\u00e9 et r\u00e9nove le ch\u00e2teau royal. Un jeune \u00e9tudiant nous fait visiter le ch\u00e2teau et les caves avec un petit groupe. Nous recommandons vivement cette visite. Nous y avons un aper\u00e7u de la fabrication du Cognac \u00e9maill\u00e9 d&rsquo;anecdotes historiques et nous avons opt\u00e9 pour une d\u00e9gustation instructive pour les oenologues peu avertis que nous sommes.<\/p>\n<p><a href=\"https:\/\/ericante.fr\/?attachment_id=7696\"><img loading=\"lazy\" decoding=\"async\" class=\"size-medium wp-image-7696 aligncenter\" src=\"https:\/\/ericante.fr\/wp-content\/uploads\/2023\/10\/2023-7-23-Francois-1er-a-Cognac-300x225.jpg\" alt=\"\" width=\"300\" height=\"225\" srcset=\"https:\/\/ericante.fr\/wp-content\/uploads\/2023\/10\/2023-7-23-Francois-1er-a-Cognac-300x225.jpg 300w, https:\/\/ericante.fr\/wp-content\/uploads\/2023\/10\/2023-7-23-Francois-1er-a-Cognac-768x576.jpg 768w, https:\/\/ericante.fr\/wp-content\/uploads\/2023\/10\/2023-7-23-Francois-1er-a-Cognac.jpg 850w\" sizes=\"auto, (max-width: 300px) 100vw, 300px\" \/><\/a><\/p>\n<p>&nbsp; &nbsp; &nbsp; &nbsp; &nbsp; &nbsp; &nbsp; &nbsp; &nbsp; <a href=\"https:\/\/ericante.fr\/?attachment_id=7695\"><img loading=\"lazy\" decoding=\"async\" class=\"alignnone wp-image-7695\" src=\"https:\/\/ericante.fr\/wp-content\/uploads\/2023\/10\/2023-7-23-le-chateau-de-Francois-1er-noirci-par-la-part-des-anges-225x300.jpg\" alt=\"\" width=\"258\" height=\"344\" srcset=\"https:\/\/ericante.fr\/wp-content\/uploads\/2023\/10\/2023-7-23-le-chateau-de-Francois-1er-noirci-par-la-part-des-anges-225x300.jpg 225w, https:\/\/ericante.fr\/wp-content\/uploads\/2023\/10\/2023-7-23-le-chateau-de-Francois-1er-noirci-par-la-part-des-anges.jpg 638w\" sizes=\"auto, (max-width: 258px) 100vw, 258px\" \/><\/a> <a href=\"https:\/\/ericante.fr\/?attachment_id=7694\"><img loading=\"lazy\" decoding=\"async\" class=\"alignnone wp-image-7694\" src=\"https:\/\/ericante.fr\/wp-content\/uploads\/2023\/10\/2023-7-23-Foudre-a-Cognac-225x300.jpg\" alt=\"\" width=\"258\" height=\"344\" srcset=\"https:\/\/ericante.fr\/wp-content\/uploads\/2023\/10\/2023-7-23-Foudre-a-Cognac-225x300.jpg 225w, https:\/\/ericante.fr\/wp-content\/uploads\/2023\/10\/2023-7-23-Foudre-a-Cognac.jpg 638w\" sizes=\"auto, (max-width: 258px) 100vw, 258px\" \/><\/a><\/p>\n<p><a href=\"https:\/\/ericante.fr\/?attachment_id=7720\"><img loading=\"lazy\" decoding=\"async\" class=\" wp-image-7720 aligncenter\" src=\"https:\/\/ericante.fr\/wp-content\/uploads\/2023\/10\/2023-7-23-eglise-de-Cognac-225x300.jpg\" alt=\"\" width=\"287\" height=\"383\" srcset=\"https:\/\/ericante.fr\/wp-content\/uploads\/2023\/10\/2023-7-23-eglise-de-Cognac-225x300.jpg 225w, https:\/\/ericante.fr\/wp-content\/uploads\/2023\/10\/2023-7-23-eglise-de-Cognac.jpg 638w\" sizes=\"auto, (max-width: 287px) 100vw, 287px\" \/><\/a><\/p>\n<p>Le Ch\u00e2teau, comme toutes les maisons et l&rsquo;\u00e9glise sont noircies par les vapeurs d&rsquo;alcool: \u00ab\u00a0la part des anges\u00a0\u00bb<\/p>\n<p><a href=\"https:\/\/ericante.fr\/?attachment_id=7697\"><img loading=\"lazy\" decoding=\"async\" class=\"size-medium wp-image-7697 aligncenter\" src=\"https:\/\/ericante.fr\/wp-content\/uploads\/2023\/10\/2023-7-23-le-port-de-Cognac-illumine-300x225.jpg\" alt=\"\" width=\"300\" height=\"225\" srcset=\"https:\/\/ericante.fr\/wp-content\/uploads\/2023\/10\/2023-7-23-le-port-de-Cognac-illumine-300x225.jpg 300w, https:\/\/ericante.fr\/wp-content\/uploads\/2023\/10\/2023-7-23-le-port-de-Cognac-illumine-768x576.jpg 768w, https:\/\/ericante.fr\/wp-content\/uploads\/2023\/10\/2023-7-23-le-port-de-Cognac-illumine.jpg 850w\" sizes=\"auto, (max-width: 300px) 100vw, 300px\" \/><\/a><\/p>\n<p>Jeudi 27, les F\u00eates du Cognac commencent et nous pouvons admirer \u00e0 cette occasion les pr\u00e9paratifs dont cette exposition lumineuse sur notre quai.&nbsp;<\/p>\n<p><a href=\"https:\/\/ericante.fr\/?attachment_id=7706\"><img loading=\"lazy\" decoding=\"async\" class=\" wp-image-7706 aligncenter\" src=\"https:\/\/ericante.fr\/wp-content\/uploads\/2023\/10\/2023-7-23-Anne-de-Bretagne-300x225.jpg\" alt=\"\" width=\"457\" height=\"343\" srcset=\"https:\/\/ericante.fr\/wp-content\/uploads\/2023\/10\/2023-7-23-Anne-de-Bretagne-300x225.jpg 300w, https:\/\/ericante.fr\/wp-content\/uploads\/2023\/10\/2023-7-23-Anne-de-Bretagne-768x576.jpg 768w, https:\/\/ericante.fr\/wp-content\/uploads\/2023\/10\/2023-7-23-Anne-de-Bretagne.jpg 850w\" sizes=\"auto, (max-width: 457px) 100vw, 457px\" \/><\/a>&nbsp;<\/p>\n<p>Nous revisitons nos cours d&rsquo;Histoire : Claude de France fille d&rsquo;Anne de Bretagne fut une reine \u00ab\u00a0fort douce \u00e0 tout le monde\u00a0\u00bb morte pr\u00e9matur\u00e9ment d&rsquo;\u00e9puisement \u00e0 24 ans apr\u00e8s avoir mis au monde 7 enfants pour le bonheur de son mari Fran\u00e7ois 1er.<\/p>\n<p>&nbsp;<\/p>\n","protected":false},"excerpt":{"rendered":"<p>A 11h45 la batterie n&rsquo;est charg\u00e9e qu&rsquo;\u00e0 48,66 V. lorsque MeaWatt s&rsquo;\u00e9loigne du ponton bucolique et ombrag\u00e9 du Pont de Merpins. Malgr\u00e9 le temps chaud et d\u00e9favorablement nuageux pour nos panneaux solaires, il nous faut avancer. Les enfants de Tarzan &hellip; <a href=\"https:\/\/ericante.fr\/?p=7073\">Continuer la lecture <span class=\"meta-nav\">&rarr;<\/span><\/a><\/p>\n","protected":false},"author":1,"featured_media":0,"comment_status":"open","ping_status":"open","sticky":false,"template":"","format":"standard","meta":{"_monsterinsights_skip_tracking":false,"_monsterinsights_sitenote_active":false,"_monsterinsights_sitenote_note":"","_monsterinsights_sitenote_category":0,"_uf_show_specific_survey":0,"_uf_disable_surveys":false,"footnotes":""},"categories":[12],"tags":[607],"class_list":["post-7073","post","type-post","status-publish","format-standard","hentry","category-france","tag-cognac"],"_links":{"self":[{"href":"https:\/\/ericante.fr\/index.php?rest_route=\/wp\/v2\/posts\/7073","targetHints":{"allow":["GET"]}}],"collection":[{"href":"https:\/\/ericante.fr\/index.php?rest_route=\/wp\/v2\/posts"}],"about":[{"href":"https:\/\/ericante.fr\/index.php?rest_route=\/wp\/v2\/types\/post"}],"author":[{"embeddable":true,"href":"https:\/\/ericante.fr\/index.php?rest_route=\/wp\/v2\/users\/1"}],"replies":[{"embeddable":true,"href":"https:\/\/ericante.fr\/index.php?rest_route=%2Fwp%2Fv2%2Fcomments&post=7073"}],"version-history":[{"count":5,"href":"https:\/\/ericante.fr\/index.php?rest_route=\/wp\/v2\/posts\/7073\/revisions"}],"predecessor-version":[{"id":7742,"href":"https:\/\/ericante.fr\/index.php?rest_route=\/wp\/v2\/posts\/7073\/revisions\/7742"}],"wp:attachment":[{"href":"https:\/\/ericante.fr\/index.php?rest_route=%2Fwp%2Fv2%2Fmedia&parent=7073"}],"wp:term":[{"taxonomy":"category","embeddable":true,"href":"https:\/\/ericante.fr\/index.php?rest_route=%2Fwp%2Fv2%2Fcategories&post=7073"},{"taxonomy":"post_tag","embeddable":true,"href":"https:\/\/ericante.fr\/index.php?rest_route=%2Fwp%2Fv2%2Ftags&post=7073"}],"curies":[{"name":"wp","href":"https:\/\/api.w.org\/{rel}","templated":true}]}}