{"id":7018,"date":"2023-10-10T16:06:58","date_gmt":"2023-10-10T15:06:58","guid":{"rendered":"https:\/\/ericante.fr\/?p=7018"},"modified":"2023-10-10T16:06:58","modified_gmt":"2023-10-10T15:06:58","slug":"du-port-denvaux-a-saintes-le-mercredi-19-juillet-2023","status":"publish","type":"post","link":"https:\/\/ericante.fr\/?p=7018","title":{"rendered":"du Port d&rsquo;Envaux \u00e0 Saintes le mercredi 19 juillet 2023"},"content":{"rendered":"<p style=\"text-align: justify;\"><a href=\"https:\/\/ericante.fr\/?attachment_id=7629\"><img loading=\"lazy\" decoding=\"async\" class=\"alignnone wp-image-7629 aligncenter\" src=\"https:\/\/ericante.fr\/wp-content\/uploads\/2023\/10\/2023-7-19-depart-de-port-d-envaux-300x225.jpg\" alt=\"\" width=\"447\" height=\"335\" srcset=\"https:\/\/ericante.fr\/wp-content\/uploads\/2023\/10\/2023-7-19-depart-de-port-d-envaux-300x225.jpg 300w, https:\/\/ericante.fr\/wp-content\/uploads\/2023\/10\/2023-7-19-depart-de-port-d-envaux-768x576.jpg 768w, https:\/\/ericante.fr\/wp-content\/uploads\/2023\/10\/2023-7-19-depart-de-port-d-envaux.jpg 850w\" sizes=\"auto, (max-width: 447px) 100vw, 447px\" \/><\/a>Nous quittons le ponton de Port d&rsquo;Envaux \u00e0 16h59 pour laisser la place au Bernard Palissy, qui ce jour l\u00e0, ne viendra pas faire escale faute &nbsp;de passagers. L&rsquo;activit\u00e9 saisonni\u00e8re n&rsquo;est pas exceptionnelle pour l&rsquo;instant et nous ne rencontrons que peu &nbsp;de p\u00e9nichettes de location dans cette portion de la Charente qui est pourtant tout \u00e0 fait remarquable.<\/p>\n<p><a href=\"https:\/\/ericante.fr\/?attachment_id=7621\"><img loading=\"lazy\" decoding=\"async\" class=\" wp-image-7621 aligncenter\" src=\"https:\/\/ericante.fr\/wp-content\/uploads\/2023\/10\/2023-7-19-taiilebourg-300x225.jpg\" alt=\"\" width=\"397\" height=\"298\" srcset=\"https:\/\/ericante.fr\/wp-content\/uploads\/2023\/10\/2023-7-19-taiilebourg-300x225.jpg 300w, https:\/\/ericante.fr\/wp-content\/uploads\/2023\/10\/2023-7-19-taiilebourg-768x576.jpg 768w, https:\/\/ericante.fr\/wp-content\/uploads\/2023\/10\/2023-7-19-taiilebourg.jpg 850w\" sizes=\"auto, (max-width: 397px) 100vw, 397px\" \/><\/a>Le quai de pierres de Taillebourg est vite d\u00e9pass\u00e9, nous avons pr\u00e9vu d&rsquo;y faire escale au retour.<\/p>\n<p style=\"text-align: justify;\">Surgissent apr\u00e8s de petites vedettes puissamment motoris\u00e9es destin\u00e9es au ski nautique. Un centre portuaire avec cale de mise \u00e0 l&rsquo;eau et une portion du fleuve relativement courte, &nbsp;o\u00f9 la vitesse est limit\u00e9e \u00e0 60 km\/h, leur est attribu\u00e9e pour la pratique de motonautisme. Ce partage des eaux, bien balis\u00e9, ne nous a pas g\u00e9n\u00e9.&nbsp;<\/p>\n<p>&nbsp; &nbsp; &nbsp;<a href=\"https:\/\/ericante.fr\/?attachment_id=7623\"><img loading=\"lazy\" decoding=\"async\" class=\"alignnone size-medium wp-image-7623\" src=\"https:\/\/ericante.fr\/wp-content\/uploads\/2023\/10\/2023-7-19-depart-d-un-skieur-nautique-300x225.jpg\" alt=\"\" width=\"300\" height=\"225\" srcset=\"https:\/\/ericante.fr\/wp-content\/uploads\/2023\/10\/2023-7-19-depart-d-un-skieur-nautique-300x225.jpg 300w, https:\/\/ericante.fr\/wp-content\/uploads\/2023\/10\/2023-7-19-depart-d-un-skieur-nautique-768x576.jpg 768w, https:\/\/ericante.fr\/wp-content\/uploads\/2023\/10\/2023-7-19-depart-d-un-skieur-nautique.jpg 850w\" sizes=\"auto, (max-width: 300px) 100vw, 300px\" \/><\/a> <a href=\"https:\/\/ericante.fr\/?attachment_id=7625\"><img loading=\"lazy\" decoding=\"async\" class=\"alignnone size-medium wp-image-7625\" src=\"https:\/\/ericante.fr\/wp-content\/uploads\/2023\/10\/2023-7-19-skieur-nautique-300x225.jpg\" alt=\"\" width=\"300\" height=\"225\" srcset=\"https:\/\/ericante.fr\/wp-content\/uploads\/2023\/10\/2023-7-19-skieur-nautique-300x225.jpg 300w, https:\/\/ericante.fr\/wp-content\/uploads\/2023\/10\/2023-7-19-skieur-nautique-768x576.jpg 768w, https:\/\/ericante.fr\/wp-content\/uploads\/2023\/10\/2023-7-19-skieur-nautique.jpg 850w\" sizes=\"auto, (max-width: 300px) 100vw, 300px\" \/><\/a><\/p>\n<p>Une voie foresti\u00e8re borde la Charente avant la ville de Saintes et le ch\u00e2teau du Prioust\u00e9 construit dans un style renaissance au 19\u00e8me apparait dans son \u00e9crin de verdure. Invitation assur\u00e9e \u00e0 une r\u00eaverie romantique &nbsp;: avec ses larges fen\u00eatres \u00e0 meneaux, ses tourelles et portes en accolade, cette demeure b\u00e9n\u00e9ficie d&rsquo;une succession de terrasses \u00e0 balustres pour descendre jusqu&rsquo;\u00e0 la rivi\u00e8re.&nbsp;<\/p>\n<p>&nbsp; &nbsp;<a href=\"https:\/\/ericante.fr\/?attachment_id=7619\"><img loading=\"lazy\" decoding=\"async\" class=\"alignnone size-medium wp-image-7619\" src=\"https:\/\/ericante.fr\/wp-content\/uploads\/2023\/10\/2023-7-19-la-charente-300x225.jpeg\" alt=\"\" width=\"300\" height=\"225\" srcset=\"https:\/\/ericante.fr\/wp-content\/uploads\/2023\/10\/2023-7-19-la-charente-300x225.jpeg 300w, https:\/\/ericante.fr\/wp-content\/uploads\/2023\/10\/2023-7-19-la-charente-768x576.jpeg 768w, https:\/\/ericante.fr\/wp-content\/uploads\/2023\/10\/2023-7-19-la-charente.jpeg 850w\" sizes=\"auto, (max-width: 300px) 100vw, 300px\" \/><\/a> <a href=\"https:\/\/ericante.fr\/?attachment_id=7628\"><img loading=\"lazy\" decoding=\"async\" class=\"alignnone size-medium wp-image-7628\" src=\"https:\/\/ericante.fr\/wp-content\/uploads\/2023\/10\/2023-7-19-le-chateau-de-prioute-300x225.jpeg\" alt=\"\" width=\"300\" height=\"225\" srcset=\"https:\/\/ericante.fr\/wp-content\/uploads\/2023\/10\/2023-7-19-le-chateau-de-prioute-300x225.jpeg 300w, https:\/\/ericante.fr\/wp-content\/uploads\/2023\/10\/2023-7-19-le-chateau-de-prioute-768x576.jpeg 768w, https:\/\/ericante.fr\/wp-content\/uploads\/2023\/10\/2023-7-19-le-chateau-de-prioute.jpeg 850w\" sizes=\"auto, (max-width: 300px) 100vw, 300px\" \/><\/a><\/p>\n<p>La ville qui a donn\u00e9 son nom \u00e0 la Saintonge appara\u00eet.<\/p>\n<p><a href=\"https:\/\/ericante.fr\/?attachment_id=7624\"><img loading=\"lazy\" decoding=\"async\" class=\" wp-image-7624 aligncenter\" src=\"https:\/\/ericante.fr\/wp-content\/uploads\/2023\/10\/2023-7-19-arrivee-a-saintes-300x225.jpeg\" alt=\"\" width=\"339\" height=\"254\" srcset=\"https:\/\/ericante.fr\/wp-content\/uploads\/2023\/10\/2023-7-19-arrivee-a-saintes-300x225.jpeg 300w, https:\/\/ericante.fr\/wp-content\/uploads\/2023\/10\/2023-7-19-arrivee-a-saintes-768x576.jpeg 768w, https:\/\/ericante.fr\/wp-content\/uploads\/2023\/10\/2023-7-19-arrivee-a-saintes.jpeg 850w\" sizes=\"auto, (max-width: 339px) 100vw, 339px\" \/><\/a><\/p>\n<p style=\"text-align: justify;\">A 19h20 MegaWatt est amarr\u00e9 au ponton de la ville de Saintes. Le d\u00e9cor est magnifique, et il reste beaucoup de places libres<\/p>\n<p><a href=\"https:\/\/ericante.fr\/?attachment_id=7626\"><img loading=\"lazy\" decoding=\"async\" class=\"alignnone size-medium wp-image-7626\" src=\"https:\/\/ericante.fr\/wp-content\/uploads\/2023\/10\/2023-7-20-le-ponton-de-saintes-225x300.jpg\" alt=\"\" width=\"225\" height=\"300\" srcset=\"https:\/\/ericante.fr\/wp-content\/uploads\/2023\/10\/2023-7-20-le-ponton-de-saintes-225x300.jpg 225w, https:\/\/ericante.fr\/wp-content\/uploads\/2023\/10\/2023-7-20-le-ponton-de-saintes.jpg 768w\" sizes=\"auto, (max-width: 225px) 100vw, 225px\" \/><\/a> <a href=\"https:\/\/ericante.fr\/?attachment_id=7622\"><img loading=\"lazy\" decoding=\"async\" class=\"alignnone wp-image-7622\" src=\"https:\/\/ericante.fr\/wp-content\/uploads\/2023\/10\/2023-7-20-megawatt-amarre-a-saintes-300x225.jpeg\" alt=\"\" width=\"398\" height=\"298\" srcset=\"https:\/\/ericante.fr\/wp-content\/uploads\/2023\/10\/2023-7-20-megawatt-amarre-a-saintes-300x225.jpeg 300w, https:\/\/ericante.fr\/wp-content\/uploads\/2023\/10\/2023-7-20-megawatt-amarre-a-saintes-768x576.jpeg 768w, https:\/\/ericante.fr\/wp-content\/uploads\/2023\/10\/2023-7-20-megawatt-amarre-a-saintes.jpeg 850w\" sizes=\"auto, (max-width: 398px) 100vw, 398px\" \/><\/a><\/p>\n<p><a href=\"https:\/\/ericante.fr\/?attachment_id=7620\"><img loading=\"lazy\" decoding=\"async\" class=\" wp-image-7620 aligncenter\" src=\"https:\/\/ericante.fr\/wp-content\/uploads\/2023\/10\/2023-7-19-saintes-300x225.jpg\" alt=\"\" width=\"345\" height=\"259\" srcset=\"https:\/\/ericante.fr\/wp-content\/uploads\/2023\/10\/2023-7-19-saintes-300x225.jpg 300w, https:\/\/ericante.fr\/wp-content\/uploads\/2023\/10\/2023-7-19-saintes-768x576.jpg 768w, https:\/\/ericante.fr\/wp-content\/uploads\/2023\/10\/2023-7-19-saintes.jpg 850w\" sizes=\"auto, (max-width: 345px) 100vw, 345px\" \/><\/a><\/p>\n<p style=\"text-align: justify;\">L&rsquo;arc de triomphe de Germanicus est la premi\u00e8re merveille historique marquant l&rsquo;entr\u00e9e de Saintes. Construit en 18 avant J.C. &nbsp;en l&rsquo;honneur de Tib\u00e8re, il fut sauv\u00e9 et d\u00e9plac\u00e9 de 28 m\u00e8tres sur ordre de Prosper Merim\u00e9e \u00e0 l&rsquo;occasion de travaux sur le quai. Il \u00e9tait non seulement l&rsquo;\u00e9crivain que nous connaissons mais aussi inspecteur g\u00e9n\u00e9ral des monuments historiques.&nbsp;<\/p>\n<p style=\"text-align: justify;\">Tout de suite apr\u00e8s l&rsquo;Arc nous voyons le bateau \u00e9lectrique Bernard Palissy qui propose des croisi\u00e8res \u00e0 la journ\u00e9e sans bruit ni odeur, de Chaniers \u00e0 Port d&rsquo;Envaux, avec privatisation possible.<\/p>\n<p style=\"text-align: justify;\">Son sympathique capitaine est heureux de nous expliquer les caract\u00e9ristiques techniques de son bateau et de rencontrer un bateau comme le notre attestant de la possibilit\u00e9 de navigation \u00e9lectrique. Il sera &nbsp;heureux de communiquer \u00e0 la VHF lors de nos rencontres fluviales. Du coup, &nbsp;nous n&rsquo;avons aucune photo de ce bateau mais nous vous invitons \u00e0 le d\u00e9couvrir par le lien &nbsp;ci-dessous.<a href=\"https:\/\/www.croisieres-palissy.fr\"> Bernard Palissy<\/a><\/p>\n<p>&nbsp;<\/p>\n<p><a href=\"https:\/\/ericante.fr\/?attachment_id=7631\"><img loading=\"lazy\" decoding=\"async\" class=\" wp-image-7631 alignleft\" src=\"https:\/\/ericante.fr\/wp-content\/uploads\/2023\/10\/2023-7-19-la-passerelle-de-saintes-225x300.jpeg\" alt=\"\" width=\"287\" height=\"383\" srcset=\"https:\/\/ericante.fr\/wp-content\/uploads\/2023\/10\/2023-7-19-la-passerelle-de-saintes-225x300.jpeg 225w, https:\/\/ericante.fr\/wp-content\/uploads\/2023\/10\/2023-7-19-la-passerelle-de-saintes.jpeg 638w\" sizes=\"auto, (max-width: 287px) 100vw, 287px\" \/><\/a><\/p>\n<p><a href=\"https:\/\/ericante.fr\/?attachment_id=7642\"><img loading=\"lazy\" decoding=\"async\" class=\"alignnone wp-image-7642\" src=\"https:\/\/ericante.fr\/wp-content\/uploads\/2023\/10\/2023-7-20-plaque-sur-la-passerelle-de-saintes-225x300.jpg\" alt=\"\" width=\"287\" height=\"383\" srcset=\"https:\/\/ericante.fr\/wp-content\/uploads\/2023\/10\/2023-7-20-plaque-sur-la-passerelle-de-saintes-225x300.jpg 225w, https:\/\/ericante.fr\/wp-content\/uploads\/2023\/10\/2023-7-20-plaque-sur-la-passerelle-de-saintes.jpg 638w\" sizes=\"auto, (max-width: 287px) 100vw, 287px\" \/><\/a><\/p>\n<p>&nbsp; Une passerelle fleurie permet aux pi\u00e9tons de franchir au calme la Charente tandis que le pont routier Palissy sur lequel apparait le nom d&rsquo;un breton m\u00e9c\u00e8ne et c\u00e9l\u00e8bre appara\u00eet.<\/p>\n<p><a href=\"https:\/\/ericante.fr\/?attachment_id=7627\"><img loading=\"lazy\" decoding=\"async\" class=\"size-medium wp-image-7627 aligncenter\" src=\"https:\/\/ericante.fr\/wp-content\/uploads\/2023\/10\/2023-7-20-visite-guidee-de-saintes-225x300.jpg\" alt=\"\" width=\"225\" height=\"300\" srcset=\"https:\/\/ericante.fr\/wp-content\/uploads\/2023\/10\/2023-7-20-visite-guidee-de-saintes-225x300.jpg 225w, https:\/\/ericante.fr\/wp-content\/uploads\/2023\/10\/2023-7-20-visite-guidee-de-saintes.jpg 638w\" sizes=\"auto, (max-width: 225px) 100vw, 225px\" \/><\/a><\/p>\n<p style=\"text-align: justify;\">La ville, regorgeant de monuments historiques tous plus beaux les uns que les autres, &nbsp;propose un aper\u00e7u touristique en petit train \u00e9lectrique depuis le quai jusqu&rsquo;au belv\u00e9d\u00e8re jouxtant l&rsquo;amphith\u00e9\u00e2tre antique pour terminer par le joyau, l&rsquo;Abbaye aux Dames.<\/p>\n<p><a href=\"https:\/\/ericante.fr\/?attachment_id=7630\"><img loading=\"lazy\" decoding=\"async\" class=\"alignnone wp-image-7630 aligncenter\" src=\"https:\/\/ericante.fr\/wp-content\/uploads\/2023\/10\/2023-7-20-la-sous-prefecture-de-saintes-300x225.jpg\" alt=\"\" width=\"453\" height=\"340\" srcset=\"https:\/\/ericante.fr\/wp-content\/uploads\/2023\/10\/2023-7-20-la-sous-prefecture-de-saintes-300x225.jpg 300w, https:\/\/ericante.fr\/wp-content\/uploads\/2023\/10\/2023-7-20-la-sous-prefecture-de-saintes-768x576.jpg 768w, https:\/\/ericante.fr\/wp-content\/uploads\/2023\/10\/2023-7-20-la-sous-prefecture-de-saintes.jpg 850w\" sizes=\"auto, (max-width: 453px) 100vw, 453px\" \/><\/a><\/p>\n<p>Nous appr\u00e9cions ce parcours qui en plein apr\u00e8s midi est bien reposant et nous permet de programmer nos futures visites.<\/p>\n<p>Nous y ferons \u00e0 l&rsquo;aller comme au retour de br\u00e8ves mais belles rencontres. Nous ne pouvons que vous conseiller la visite &nbsp;de cette ville m\u00e9ritant bien d&rsquo;y consacrer quelques journ\u00e9es.<\/p>\n","protected":false},"excerpt":{"rendered":"<p>Nous quittons le ponton de Port d&rsquo;Envaux \u00e0 16h59 pour laisser la place au Bernard Palissy, qui ce jour l\u00e0, ne viendra pas faire escale faute &nbsp;de passagers. L&rsquo;activit\u00e9 saisonni\u00e8re n&rsquo;est pas exceptionnelle pour l&rsquo;instant et nous ne rencontrons que &hellip; <a href=\"https:\/\/ericante.fr\/?p=7018\">Continuer la lecture <span class=\"meta-nav\">&rarr;<\/span><\/a><\/p>\n","protected":false},"author":1,"featured_media":0,"comment_status":"open","ping_status":"open","sticky":false,"template":"","format":"standard","meta":{"_monsterinsights_skip_tracking":false,"_monsterinsights_sitenote_active":false,"_monsterinsights_sitenote_note":"","_monsterinsights_sitenote_category":0,"_uf_show_specific_survey":0,"_uf_disable_surveys":false,"footnotes":""},"categories":[12],"tags":[605],"class_list":["post-7018","post","type-post","status-publish","format-standard","hentry","category-france","tag-saintes"],"_links":{"self":[{"href":"https:\/\/ericante.fr\/index.php?rest_route=\/wp\/v2\/posts\/7018","targetHints":{"allow":["GET"]}}],"collection":[{"href":"https:\/\/ericante.fr\/index.php?rest_route=\/wp\/v2\/posts"}],"about":[{"href":"https:\/\/ericante.fr\/index.php?rest_route=\/wp\/v2\/types\/post"}],"author":[{"embeddable":true,"href":"https:\/\/ericante.fr\/index.php?rest_route=\/wp\/v2\/users\/1"}],"replies":[{"embeddable":true,"href":"https:\/\/ericante.fr\/index.php?rest_route=%2Fwp%2Fv2%2Fcomments&post=7018"}],"version-history":[{"count":5,"href":"https:\/\/ericante.fr\/index.php?rest_route=\/wp\/v2\/posts\/7018\/revisions"}],"predecessor-version":[{"id":7649,"href":"https:\/\/ericante.fr\/index.php?rest_route=\/wp\/v2\/posts\/7018\/revisions\/7649"}],"wp:attachment":[{"href":"https:\/\/ericante.fr\/index.php?rest_route=%2Fwp%2Fv2%2Fmedia&parent=7018"}],"wp:term":[{"taxonomy":"category","embeddable":true,"href":"https:\/\/ericante.fr\/index.php?rest_route=%2Fwp%2Fv2%2Fcategories&post=7018"},{"taxonomy":"post_tag","embeddable":true,"href":"https:\/\/ericante.fr\/index.php?rest_route=%2Fwp%2Fv2%2Ftags&post=7018"}],"curies":[{"name":"wp","href":"https:\/\/api.w.org\/{rel}","templated":true}]}}