{"id":7016,"date":"2023-10-08T17:12:36","date_gmt":"2023-10-08T16:12:36","guid":{"rendered":"https:\/\/ericante.fr\/?p=7016"},"modified":"2023-10-08T17:13:05","modified_gmt":"2023-10-08T16:13:05","slug":"de-tonnay-charente-au-port-denvaux-le-mardi-18-juillet-2023","status":"publish","type":"post","link":"https:\/\/ericante.fr\/?p=7016","title":{"rendered":"de Tonnay-Charente au Port d&rsquo;Envaux le mardi 18 juillet 2023"},"content":{"rendered":"<p><a href=\"https:\/\/ericante.fr\/?attachment_id=7598\"><img loading=\"lazy\" decoding=\"async\" class=\"size-medium wp-image-7598 aligncenter\" src=\"https:\/\/ericante.fr\/wp-content\/uploads\/2023\/10\/2023-7-18-depart-de-tonnay-300x225.jpg\" alt=\"\" width=\"300\" height=\"225\" srcset=\"https:\/\/ericante.fr\/wp-content\/uploads\/2023\/10\/2023-7-18-depart-de-tonnay-300x225.jpg 300w, https:\/\/ericante.fr\/wp-content\/uploads\/2023\/10\/2023-7-18-depart-de-tonnay-768x576.jpg 768w, https:\/\/ericante.fr\/wp-content\/uploads\/2023\/10\/2023-7-18-depart-de-tonnay.jpg 850w\" sizes=\"auto, (max-width: 300px) 100vw, 300px\" \/><\/a>Nous quittons au d\u00e9but de mar\u00e9e montante le ponton de Tonnay \u00e0 14h55 sous un ciel couvert.<\/p>\n<p><a href=\"https:\/\/ericante.fr\/?attachment_id=7597\"><img loading=\"lazy\" decoding=\"async\" class=\"alignnone size-medium wp-image-7597\" src=\"https:\/\/ericante.fr\/wp-content\/uploads\/2023\/10\/2023-7-18-la-charente-a-maree-basse-300x225.jpg\" alt=\"\" width=\"300\" height=\"225\" srcset=\"https:\/\/ericante.fr\/wp-content\/uploads\/2023\/10\/2023-7-18-la-charente-a-maree-basse-300x225.jpg 300w, https:\/\/ericante.fr\/wp-content\/uploads\/2023\/10\/2023-7-18-la-charente-a-maree-basse-768x576.jpg 768w, https:\/\/ericante.fr\/wp-content\/uploads\/2023\/10\/2023-7-18-la-charente-a-maree-basse.jpg 850w\" sizes=\"auto, (max-width: 300px) 100vw, 300px\" \/><\/a> <a href=\"https:\/\/ericante.fr\/?attachment_id=7589\"><img loading=\"lazy\" decoding=\"async\" class=\"alignnone size-medium wp-image-7589\" src=\"https:\/\/ericante.fr\/wp-content\/uploads\/2023\/10\/2023-7-18-un-quai-le-long-de-la-charente-maritime-300x225.jpg\" alt=\"\" width=\"300\" height=\"225\" srcset=\"https:\/\/ericante.fr\/wp-content\/uploads\/2023\/10\/2023-7-18-un-quai-le-long-de-la-charente-maritime-300x225.jpg 300w, https:\/\/ericante.fr\/wp-content\/uploads\/2023\/10\/2023-7-18-un-quai-le-long-de-la-charente-maritime-768x576.jpg 768w, https:\/\/ericante.fr\/wp-content\/uploads\/2023\/10\/2023-7-18-un-quai-le-long-de-la-charente-maritime.jpg 850w\" sizes=\"auto, (max-width: 300px) 100vw, 300px\" \/><\/a><\/p>\n<p style=\"text-align: justify;\">Quelques cabanes de p\u00eaches au filet appel\u00e9s carrelets des p\u00eacheurs de l&rsquo;Atlantique agr\u00e9mentent le paysage. Fragiles \u00e9difices, hautes sur pilotis, \u00e9quip\u00e9s d&rsquo;un treuil pour monter et descendre le filet \u00e0 pleine mer.<\/p>\n<p><a href=\"https:\/\/ericante.fr\/?attachment_id=7600\"><img loading=\"lazy\" decoding=\"async\" class=\"alignnone size-medium wp-image-7600\" src=\"https:\/\/ericante.fr\/wp-content\/uploads\/2023\/10\/2023-7-18-cabane-de-pecheur-au-bord-de-la-charente-300x225.jpg\" alt=\"\" width=\"300\" height=\"225\" srcset=\"https:\/\/ericante.fr\/wp-content\/uploads\/2023\/10\/2023-7-18-cabane-de-pecheur-au-bord-de-la-charente-300x225.jpg 300w, https:\/\/ericante.fr\/wp-content\/uploads\/2023\/10\/2023-7-18-cabane-de-pecheur-au-bord-de-la-charente-768x576.jpg 768w, https:\/\/ericante.fr\/wp-content\/uploads\/2023\/10\/2023-7-18-cabane-de-pecheur-au-bord-de-la-charente.jpg 850w\" sizes=\"auto, (max-width: 300px) 100vw, 300px\" \/><\/a> <a href=\"https:\/\/ericante.fr\/?attachment_id=7592\"><img loading=\"lazy\" decoding=\"async\" class=\"alignnone size-medium wp-image-7592\" src=\"https:\/\/ericante.fr\/wp-content\/uploads\/2023\/10\/2023-7-18-cabane-de-pecheur-bleue-300x225.jpeg\" alt=\"\" width=\"300\" height=\"225\" srcset=\"https:\/\/ericante.fr\/wp-content\/uploads\/2023\/10\/2023-7-18-cabane-de-pecheur-bleue-300x225.jpeg 300w, https:\/\/ericante.fr\/wp-content\/uploads\/2023\/10\/2023-7-18-cabane-de-pecheur-bleue-768x576.jpeg 768w, https:\/\/ericante.fr\/wp-content\/uploads\/2023\/10\/2023-7-18-cabane-de-pecheur-bleue.jpeg 850w\" sizes=\"auto, (max-width: 300px) 100vw, 300px\" \/><\/a><\/p>\n<p>Le courant montant et le moteur \u00e9lectrique vont nous porter vers la premi\u00e8re \u00e9cluse de la Charente et le pont levant de Saint Savinien.<\/p>\n<p><a href=\"https:\/\/ericante.fr\/?attachment_id=7593\"><img loading=\"lazy\" decoding=\"async\" class=\" wp-image-7611 aligncenter\" src=\"https:\/\/ericante.fr\/wp-content\/uploads\/2023\/10\/2023-7-18-arrivee-a-saint-savinien-300x225.jpg\" alt=\"\" width=\"384\" height=\"288\" srcset=\"https:\/\/ericante.fr\/wp-content\/uploads\/2023\/10\/2023-7-18-arrivee-a-saint-savinien-300x225.jpg 300w, https:\/\/ericante.fr\/wp-content\/uploads\/2023\/10\/2023-7-18-arrivee-a-saint-savinien-768x576.jpg 768w, https:\/\/ericante.fr\/wp-content\/uploads\/2023\/10\/2023-7-18-arrivee-a-saint-savinien.jpg 850w\" sizes=\"auto, (max-width: 384px) 100vw, 384px\" \/><\/a><\/p>\n<p style=\"text-align: justify;\">Un \u00e9clusier g\u00e8re le passage de cette \u00e9cluse maritime qui n\u00e9cessite d&rsquo;interrompre le traffic routier assez intense. La couleur de la Charente se modifie, du marron \u00e0 un joli vert soutenu qui ne permet pas de voir le fond.<\/p>\n<p><a href=\"https:\/\/ericante.fr\/?attachment_id=7588\"><img loading=\"lazy\" decoding=\"async\" class=\"alignnone size-medium wp-image-7588\" src=\"https:\/\/ericante.fr\/wp-content\/uploads\/2023\/10\/2023-7-18-ouverture-du-pont-de-saint-savinien-300x225.jpg\" alt=\"\" width=\"300\" height=\"225\" srcset=\"https:\/\/ericante.fr\/wp-content\/uploads\/2023\/10\/2023-7-18-ouverture-du-pont-de-saint-savinien-300x225.jpg 300w, https:\/\/ericante.fr\/wp-content\/uploads\/2023\/10\/2023-7-18-ouverture-du-pont-de-saint-savinien-768x576.jpg 768w, https:\/\/ericante.fr\/wp-content\/uploads\/2023\/10\/2023-7-18-ouverture-du-pont-de-saint-savinien.jpg 850w\" sizes=\"auto, (max-width: 300px) 100vw, 300px\" \/><\/a> <a href=\"https:\/\/ericante.fr\/?attachment_id=7591\"><img loading=\"lazy\" decoding=\"async\" class=\"alignnone size-medium wp-image-7591\" src=\"https:\/\/ericante.fr\/wp-content\/uploads\/2023\/10\/2023-7-18-fermeture-du-pont-de-saint-savinien-300x225.jpg\" alt=\"\" width=\"300\" height=\"225\" srcset=\"https:\/\/ericante.fr\/wp-content\/uploads\/2023\/10\/2023-7-18-fermeture-du-pont-de-saint-savinien-300x225.jpg 300w, https:\/\/ericante.fr\/wp-content\/uploads\/2023\/10\/2023-7-18-fermeture-du-pont-de-saint-savinien-768x576.jpg 768w, https:\/\/ericante.fr\/wp-content\/uploads\/2023\/10\/2023-7-18-fermeture-du-pont-de-saint-savinien.jpg 850w\" sizes=\"auto, (max-width: 300px) 100vw, 300px\" \/><\/a><\/p>\n<p><a href=\"https:\/\/ericante.fr\/?attachment_id=7593\"><img loading=\"lazy\" decoding=\"async\" class=\" wp-image-7593 aligncenter\" src=\"https:\/\/ericante.fr\/wp-content\/uploads\/2023\/10\/2023-7-18-port-de-saint-savinien-300x225.jpg\" alt=\"\" width=\"423\" height=\"317\" srcset=\"https:\/\/ericante.fr\/wp-content\/uploads\/2023\/10\/2023-7-18-port-de-saint-savinien-300x225.jpg 300w, https:\/\/ericante.fr\/wp-content\/uploads\/2023\/10\/2023-7-18-port-de-saint-savinien-768x576.jpg 768w, https:\/\/ericante.fr\/wp-content\/uploads\/2023\/10\/2023-7-18-port-de-saint-savinien.jpg 850w\" sizes=\"auto, (max-width: 423px) 100vw, 423px\" \/><\/a><\/p>\n<p style=\"text-align: justify;\">Comme il est t\u00f4t, 16h45 &nbsp;nous d\u00e9cidons de monter jusqu&rsquo;au port d&rsquo;Envaux, surtout que le soleil brille dans le ciel bleu et alimente suffisamment nos panneaux solaires. Beaucoup de petits bateaux sont accost\u00e9s aux pontons de Port d&rsquo;Envaux.<\/p>\n<p><a href=\"https:\/\/ericante.fr\/?attachment_id=7590\"><img loading=\"lazy\" decoding=\"async\" class=\" wp-image-7590 aligncenter\" src=\"https:\/\/ericante.fr\/wp-content\/uploads\/2023\/10\/2023-7-18-megawatt-a-port-d-envaux-300x225.jpg\" alt=\"\" width=\"367\" height=\"275\" srcset=\"https:\/\/ericante.fr\/wp-content\/uploads\/2023\/10\/2023-7-18-megawatt-a-port-d-envaux-300x225.jpg 300w, https:\/\/ericante.fr\/wp-content\/uploads\/2023\/10\/2023-7-18-megawatt-a-port-d-envaux-768x576.jpg 768w, https:\/\/ericante.fr\/wp-content\/uploads\/2023\/10\/2023-7-18-megawatt-a-port-d-envaux.jpg 850w\" sizes=\"auto, (max-width: 367px) 100vw, 367px\" \/><\/a><\/p>\n<p>La seule place disponible est destin\u00e9e au bateau touristique et enti\u00e8rement \u00e9lectrique &nbsp;Le Bernard Palissy. Un num\u00e9ro de portable est affich\u00e9, nous appelons, le capitaine nous confirme que nous pouvons rester, la seule contrainte est de laisser la place disponible \u00e0 17h durant la courte escale pour prendre des passagers \u00e9ventuels le lendemain. Eau, \u00e9lectricit\u00e9 et la nuit\u00e9e sont gratuites.&nbsp;&nbsp;<\/p>\n<p><a href=\"https:\/\/ericante.fr\/?attachment_id=7613\"><img loading=\"lazy\" decoding=\"async\" class=\"alignnone size-medium wp-image-7613\" src=\"https:\/\/ericante.fr\/wp-content\/uploads\/2023\/10\/2023-7-18-chateau-le-long-de-la-charente-300x225.jpg\" alt=\"\" width=\"300\" height=\"225\" srcset=\"https:\/\/ericante.fr\/wp-content\/uploads\/2023\/10\/2023-7-18-chateau-le-long-de-la-charente-300x225.jpg 300w, https:\/\/ericante.fr\/wp-content\/uploads\/2023\/10\/2023-7-18-chateau-le-long-de-la-charente-768x576.jpg 768w, https:\/\/ericante.fr\/wp-content\/uploads\/2023\/10\/2023-7-18-chateau-le-long-de-la-charente.jpg 850w\" sizes=\"auto, (max-width: 300px) 100vw, 300px\" \/><\/a> <a href=\"https:\/\/ericante.fr\/?attachment_id=7594\"><img loading=\"lazy\" decoding=\"async\" class=\"alignnone size-medium wp-image-7594\" src=\"https:\/\/ericante.fr\/wp-content\/uploads\/2023\/10\/2023-7-18-aire-de-baignade-de-port-d-envaux-300x225.jpeg\" alt=\"\" width=\"300\" height=\"225\" srcset=\"https:\/\/ericante.fr\/wp-content\/uploads\/2023\/10\/2023-7-18-aire-de-baignade-de-port-d-envaux-300x225.jpeg 300w, https:\/\/ericante.fr\/wp-content\/uploads\/2023\/10\/2023-7-18-aire-de-baignade-de-port-d-envaux-768x576.jpeg 768w, https:\/\/ericante.fr\/wp-content\/uploads\/2023\/10\/2023-7-18-aire-de-baignade-de-port-d-envaux.jpeg 850w\" sizes=\"auto, (max-width: 300px) 100vw, 300px\" \/><\/a><\/p>\n<p>Cette petite commune est paisible et offre une aire de baignade prot\u00e9g\u00e9e. Beaucoup de ch\u00e2teaux et belles demeures anciennes &nbsp;sont construits le long de ce fleuve reposant.<br \/>\n&nbsp;<\/p>\n<p><a href=\"https:\/\/ericante.fr\/?attachment_id=7587\"><img loading=\"lazy\" decoding=\"async\" class=\" wp-image-7587 aligncenter\" src=\"https:\/\/ericante.fr\/wp-content\/uploads\/2023\/10\/2023-7-19-restaurant-la-gabardiere-a-port-d-envaux-225x300.jpg\" alt=\"\" width=\"252\" height=\"336\" srcset=\"https:\/\/ericante.fr\/wp-content\/uploads\/2023\/10\/2023-7-19-restaurant-la-gabardiere-a-port-d-envaux-225x300.jpg 225w, https:\/\/ericante.fr\/wp-content\/uploads\/2023\/10\/2023-7-19-restaurant-la-gabardiere-a-port-d-envaux.jpg 768w\" sizes=\"auto, (max-width: 252px) 100vw, 252px\" \/><\/a>Le lendemain nous d\u00e9jeunons sur la terrasse bond\u00e9e et cependant agr\u00e9able du &nbsp;restaurant La Gabardi\u00e8re, sur la place centrale du village. Nous le recommandons.&nbsp;<\/p>\n<p>&nbsp;<\/p>\n<p>&nbsp;<\/p>\n","protected":false},"excerpt":{"rendered":"<p>Nous quittons au d\u00e9but de mar\u00e9e montante le ponton de Tonnay \u00e0 14h55 sous un ciel couvert. Quelques cabanes de p\u00eaches au filet appel\u00e9s carrelets des p\u00eacheurs de l&rsquo;Atlantique agr\u00e9mentent le paysage. Fragiles \u00e9difices, hautes sur pilotis, \u00e9quip\u00e9s d&rsquo;un treuil &hellip; <a href=\"https:\/\/ericante.fr\/?p=7016\">Continuer la lecture <span class=\"meta-nav\">&rarr;<\/span><\/a><\/p>\n","protected":false},"author":1,"featured_media":0,"comment_status":"open","ping_status":"open","sticky":false,"template":"","format":"standard","meta":{"_monsterinsights_skip_tracking":false,"_monsterinsights_sitenote_active":false,"_monsterinsights_sitenote_note":"","_monsterinsights_sitenote_category":0,"_uf_show_specific_survey":0,"_uf_disable_surveys":false,"footnotes":""},"categories":[12],"tags":[604],"class_list":["post-7016","post","type-post","status-publish","format-standard","hentry","category-france","tag-le-port-devaux"],"_links":{"self":[{"href":"https:\/\/ericante.fr\/index.php?rest_route=\/wp\/v2\/posts\/7016","targetHints":{"allow":["GET"]}}],"collection":[{"href":"https:\/\/ericante.fr\/index.php?rest_route=\/wp\/v2\/posts"}],"about":[{"href":"https:\/\/ericante.fr\/index.php?rest_route=\/wp\/v2\/types\/post"}],"author":[{"embeddable":true,"href":"https:\/\/ericante.fr\/index.php?rest_route=\/wp\/v2\/users\/1"}],"replies":[{"embeddable":true,"href":"https:\/\/ericante.fr\/index.php?rest_route=%2Fwp%2Fv2%2Fcomments&post=7016"}],"version-history":[{"count":5,"href":"https:\/\/ericante.fr\/index.php?rest_route=\/wp\/v2\/posts\/7016\/revisions"}],"predecessor-version":[{"id":7618,"href":"https:\/\/ericante.fr\/index.php?rest_route=\/wp\/v2\/posts\/7016\/revisions\/7618"}],"wp:attachment":[{"href":"https:\/\/ericante.fr\/index.php?rest_route=%2Fwp%2Fv2%2Fmedia&parent=7016"}],"wp:term":[{"taxonomy":"category","embeddable":true,"href":"https:\/\/ericante.fr\/index.php?rest_route=%2Fwp%2Fv2%2Fcategories&post=7016"},{"taxonomy":"post_tag","embeddable":true,"href":"https:\/\/ericante.fr\/index.php?rest_route=%2Fwp%2Fv2%2Ftags&post=7016"}],"curies":[{"name":"wp","href":"https:\/\/api.w.org\/{rel}","templated":true}]}}