{"id":7012,"date":"2023-10-03T21:22:58","date_gmt":"2023-10-03T20:22:58","guid":{"rendered":"https:\/\/ericante.fr\/?p=7012"},"modified":"2023-10-12T06:10:17","modified_gmt":"2023-10-12T05:10:17","slug":"de-lile-daix-a-rochefort-le-jeudi-13-juillet-2023","status":"publish","type":"post","link":"https:\/\/ericante.fr\/?p=7012","title":{"rendered":"de l&rsquo;\u00eele d&rsquo;Aix \u00e0 Rochefort le jeudi 13 juillet 2023"},"content":{"rendered":"<p><a href=\"https:\/\/ericante.fr\/?attachment_id=7533\"><img loading=\"lazy\" decoding=\"async\" class=\" wp-image-7533 aligncenter\" src=\"https:\/\/ericante.fr\/wp-content\/uploads\/2023\/10\/2023-7-13-depart-de-l-ile-d-aix-300x225.jpeg\" alt=\"\" width=\"397\" height=\"298\" srcset=\"https:\/\/ericante.fr\/wp-content\/uploads\/2023\/10\/2023-7-13-depart-de-l-ile-d-aix-300x225.jpeg 300w, https:\/\/ericante.fr\/wp-content\/uploads\/2023\/10\/2023-7-13-depart-de-l-ile-d-aix-768x576.jpeg 768w, https:\/\/ericante.fr\/wp-content\/uploads\/2023\/10\/2023-7-13-depart-de-l-ile-d-aix.jpeg 850w\" sizes=\"auto, (max-width: 397px) 100vw, 397px\" \/><\/a><\/p>\n<p style=\"text-align: justify;\">Nous quittons la bou\u00e9e du Petit Boucard de l&rsquo;ile d&rsquo;Aix, \u00e0 13H, sous le soleil pour remonter la Charente avec la mar\u00e9e montante.<\/p>\n<p><a href=\"https:\/\/ericante.fr\/?attachment_id=7535\"><img loading=\"lazy\" decoding=\"async\" class=\"wp-image-7535 aligncenter\" src=\"https:\/\/ericante.fr\/wp-content\/uploads\/2023\/10\/2023-7-13-le-fort-lupin-a-l-entree-de-la-charente-300x211.jpeg\" alt=\"\" width=\"408\" height=\"287\" srcset=\"https:\/\/ericante.fr\/wp-content\/uploads\/2023\/10\/2023-7-13-le-fort-lupin-a-l-entree-de-la-charente-300x211.jpeg 300w, https:\/\/ericante.fr\/wp-content\/uploads\/2023\/10\/2023-7-13-le-fort-lupin-a-l-entree-de-la-charente-768x540.jpeg 768w, https:\/\/ericante.fr\/wp-content\/uploads\/2023\/10\/2023-7-13-le-fort-lupin-a-l-entree-de-la-charente.jpeg 1024w\" sizes=\"auto, (max-width: 408px) 100vw, 408px\" \/><\/a>&nbsp;<\/p>\n<p style=\"text-align: justify;\">Nous passons devant le fort Lupin, oeuvre de Vauban commenc\u00e9 en 1683 et achev\u00e9 en 1689, dessin\u00e9 \u00e0 prot\u00e9ger l&rsquo;arsenal de Rochefort. La remont\u00e9e est ais\u00e9e, le fleuve est large et bien balis\u00e9. A l&rsquo;approche de Rochefort nous croisons deux gros \u00ab\u00a0Zinzins\u00a0\u00bb, nom affectueux attribu\u00e9 par la copitaine aux cargos toujours impressionnant lorsque nous passons pr\u00e8s d&rsquo;eux. Il sortent du port commercial de Tonnay sur Charente.<\/p>\n<p><a href=\"https:\/\/ericante.fr\/?attachment_id=7539\"><img loading=\"lazy\" decoding=\"async\" class=\" wp-image-7539 aligncenter\" src=\"https:\/\/ericante.fr\/wp-content\/uploads\/2023\/10\/2023-7-13-la-corderie-royale-de-rochefort-300x225.jpg\" alt=\"\" width=\"407\" height=\"305\" srcset=\"https:\/\/ericante.fr\/wp-content\/uploads\/2023\/10\/2023-7-13-la-corderie-royale-de-rochefort-300x225.jpg 300w, https:\/\/ericante.fr\/wp-content\/uploads\/2023\/10\/2023-7-13-la-corderie-royale-de-rochefort-768x576.jpg 768w, https:\/\/ericante.fr\/wp-content\/uploads\/2023\/10\/2023-7-13-la-corderie-royale-de-rochefort.jpg 850w\" sizes=\"auto, (max-width: 407px) 100vw, 407px\" \/><\/a><\/p>\n<p>La longue corderie royale de Rochefort longe la Charente.<\/p>\n<p style=\"text-align: justify;\">Nous attendons patiemment l&rsquo;ouverture des portes du port de Rochefort pr\u00e9vue \u00e0 15h30. Au bout de 20&prime; de ronds dans l&rsquo;eau la VHF annonce la sortie des bateaux puis un marin du port \u00e0 bord d&rsquo;une annexe bien prot\u00e9g\u00e9 par un bouclier de d\u00e9fenses vient nous communiquer l&#8217;emplacement attribu\u00e9 \u00e0 MegaWatt.&nbsp;<\/p>\n<p><a href=\"https:\/\/ericante.fr\/?attachment_id=7529\"><img loading=\"lazy\" decoding=\"async\" class=\"alignnone wp-image-7529\" src=\"https:\/\/ericante.fr\/wp-content\/uploads\/2023\/10\/2023-7-13-le-pont-levant-du-port-de-rochefort-225x300.jpg\" alt=\"\" width=\"223\" height=\"297\" srcset=\"https:\/\/ericante.fr\/wp-content\/uploads\/2023\/10\/2023-7-13-le-pont-levant-du-port-de-rochefort-225x300.jpg 225w, https:\/\/ericante.fr\/wp-content\/uploads\/2023\/10\/2023-7-13-le-pont-levant-du-port-de-rochefort.jpg 638w\" sizes=\"auto, (max-width: 223px) 100vw, 223px\" \/><\/a> <a href=\"https:\/\/ericante.fr\/?attachment_id=7566\"><img loading=\"lazy\" decoding=\"async\" class=\"alignnone wp-image-7566\" src=\"https:\/\/ericante.fr\/wp-content\/uploads\/2023\/10\/2023-7-17-le-pelican-a-rochefort-300x225.jpg\" alt=\"\" width=\"397\" height=\"298\" srcset=\"https:\/\/ericante.fr\/wp-content\/uploads\/2023\/10\/2023-7-17-le-pelican-a-rochefort-300x225.jpg 300w, https:\/\/ericante.fr\/wp-content\/uploads\/2023\/10\/2023-7-17-le-pelican-a-rochefort-768x576.jpg 768w, https:\/\/ericante.fr\/wp-content\/uploads\/2023\/10\/2023-7-17-le-pelican-a-rochefort.jpg 850w\" sizes=\"auto, (max-width: 397px) 100vw, 397px\" \/><\/a><\/p>\n<p style=\"text-align: justify;\">Nous entrons dans le nouveau port alors que le pont routier est bien lev\u00e9. Une marche arri\u00e8re et &nbsp;aid\u00e9 manuellement par nos voisins de ponton au voilier orange P\u00e9lican et nous voici bien cal\u00e9s dans notre place \u00e0 16h15.&nbsp;<\/p>\n<p>Nous v\u00e9rifions la gatte du moteur suite \u00e0 nos \u00e9tapes maritimes. H\u00e9las il &nbsp;y a un flaque de gasoil qui s&rsquo;\u00e9tale. Nous appelons le motoriste qui a v\u00e9rifier notre moteur Volkswagen \u00e0 Royan. Il nous donne rdv \u00e0 Saintes, il habite tout pr\u00e8s.&nbsp;<\/p>\n<p><a href=\"https:\/\/ericante.fr\/?attachment_id=7531\"><img loading=\"lazy\" decoding=\"async\" class=\" wp-image-7531 aligncenter\" src=\"https:\/\/ericante.fr\/wp-content\/uploads\/2023\/10\/2023-7-13-frederic-vincent-et-julie-a-rochefort-300x225.jpeg\" alt=\"\" width=\"391\" height=\"293\" srcset=\"https:\/\/ericante.fr\/wp-content\/uploads\/2023\/10\/2023-7-13-frederic-vincent-et-julie-a-rochefort-300x225.jpeg 300w, https:\/\/ericante.fr\/wp-content\/uploads\/2023\/10\/2023-7-13-frederic-vincent-et-julie-a-rochefort-768x576.jpeg 768w, https:\/\/ericante.fr\/wp-content\/uploads\/2023\/10\/2023-7-13-frederic-vincent-et-julie-a-rochefort.jpeg 850w\" sizes=\"auto, (max-width: 391px) 100vw, 391px\" \/><\/a><\/p>\n<p style=\"text-align: justify;\">Rochefort sera plac\u00e9 sous le signe de retrouvailles. Fr\u00e9d\u00e9ric, filleul du capitaine et ses enfants Vincent et Julie, nous invitent \u00e0 diner et viennent \u00e0 bord le lendemain.&nbsp;<\/p>\n<p><a href=\"https:\/\/ericante.fr\/?attachment_id=7530\"><img loading=\"lazy\" decoding=\"async\" class=\" wp-image-7530 aligncenter\" src=\"https:\/\/ericante.fr\/wp-content\/uploads\/2023\/10\/2023-7-15-marie-claude-a-rochefort-225x300.jpeg\" alt=\"\" width=\"343\" height=\"457\" srcset=\"https:\/\/ericante.fr\/wp-content\/uploads\/2023\/10\/2023-7-15-marie-claude-a-rochefort-225x300.jpeg 225w, https:\/\/ericante.fr\/wp-content\/uploads\/2023\/10\/2023-7-15-marie-claude-a-rochefort.jpeg 638w\" sizes=\"auto, (max-width: 343px) 100vw, 343px\" \/><\/a><\/p>\n<p style=\"text-align: justify;\">Marie Claude, rencontr\u00e9e \u00e0 plusieurs reprises au Portugal, par une chance inou\u00efe est venue \u00e0 Rochefort cette semaine. Nous sommes vraiment ravis de la revoir et de partager nos souvenirs communs et nos nouvelles r\u00e9ciproques. Elle se plait beaucoup \u00e0 Viana Do Castelo et n&rsquo;envisage pas de revenir en France.&nbsp;<\/p>\n<p><a href=\"https:\/\/ericante.fr\/?attachment_id=7532\"><img loading=\"lazy\" decoding=\"async\" class=\" wp-image-7532 aligncenter\" src=\"https:\/\/ericante.fr\/wp-content\/uploads\/2023\/10\/2023-7-14-rue-des-parapluies-a-rochefort-225x300.jpeg\" alt=\"\" width=\"269\" height=\"359\" srcset=\"https:\/\/ericante.fr\/wp-content\/uploads\/2023\/10\/2023-7-14-rue-des-parapluies-a-rochefort-225x300.jpeg 225w, https:\/\/ericante.fr\/wp-content\/uploads\/2023\/10\/2023-7-14-rue-des-parapluies-a-rochefort.jpeg 638w\" sizes=\"auto, (max-width: 269px) 100vw, 269px\" \/><\/a><\/p>\n<p style=\"text-align: justify;\">Les rues du centre ville r\u00e9nov\u00e9 sont d\u00e9cor\u00e9es avec des parapluies qui apportent une ombre bienfaisante.<\/p>\n<p><a href=\"https:\/\/ericante.fr\/?attachment_id=7559\"><img loading=\"lazy\" decoding=\"async\" class=\" wp-image-7559 aligncenter\" src=\"https:\/\/ericante.fr\/wp-content\/uploads\/2023\/10\/2023-7-16-le-labyrhinte-avec-vue-sur-la-charente-300x225.jpg\" alt=\"\" width=\"363\" height=\"272\" srcset=\"https:\/\/ericante.fr\/wp-content\/uploads\/2023\/10\/2023-7-16-le-labyrhinte-avec-vue-sur-la-charente-300x225.jpg 300w, https:\/\/ericante.fr\/wp-content\/uploads\/2023\/10\/2023-7-16-le-labyrhinte-avec-vue-sur-la-charente-768x576.jpg 768w, https:\/\/ericante.fr\/wp-content\/uploads\/2023\/10\/2023-7-16-le-labyrhinte-avec-vue-sur-la-charente.jpg 850w\" sizes=\"auto, (max-width: 363px) 100vw, 363px\" \/><\/a><\/p>\n<p style=\"text-align: justify;\">Un sentier p\u00e9destre et cyclable longe La Charente jusqu&rsquo;au pont transbordeur et sa nacelle qui r\u00e9pondait aux besoins de circulation automobile mod\u00e9r\u00e9e de 1900. D\u00e9sormais il est utilis\u00e9 par les cyclistes et pi\u00e9tons. A la fin de notre circuit &nbsp;\u00e9maill\u00e9 par une pluie diluvienne orageuse, sous le soleil revenu nous parcourons le labyrinthe vert d&rsquo;ifs.<\/p>\n<p><a href=\"https:\/\/ericante.fr\/?attachment_id=7528\"><img loading=\"lazy\" decoding=\"async\" class=\"alignnone size-medium wp-image-7528\" src=\"https:\/\/ericante.fr\/wp-content\/uploads\/2023\/10\/2023-7-13-bateaux-a-la-tremblade-300x225.jpg\" alt=\"\" width=\"300\" height=\"225\" srcset=\"https:\/\/ericante.fr\/wp-content\/uploads\/2023\/10\/2023-7-13-bateaux-a-la-tremblade-300x225.jpg 300w, https:\/\/ericante.fr\/wp-content\/uploads\/2023\/10\/2023-7-13-bateaux-a-la-tremblade-768x576.jpg 768w, https:\/\/ericante.fr\/wp-content\/uploads\/2023\/10\/2023-7-13-bateaux-a-la-tremblade.jpg 850w\" sizes=\"auto, (max-width: 300px) 100vw, 300px\" \/><\/a> <a href=\"https:\/\/ericante.fr\/?attachment_id=7558\"><img loading=\"lazy\" decoding=\"async\" class=\"alignnone size-medium wp-image-7558\" src=\"https:\/\/ericante.fr\/wp-content\/uploads\/2023\/10\/2023-7-15-la-tremblade-300x225.jpg\" alt=\"\" width=\"300\" height=\"225\" srcset=\"https:\/\/ericante.fr\/wp-content\/uploads\/2023\/10\/2023-7-15-la-tremblade-300x225.jpg 300w, https:\/\/ericante.fr\/wp-content\/uploads\/2023\/10\/2023-7-15-la-tremblade-768x576.jpg 768w, https:\/\/ericante.fr\/wp-content\/uploads\/2023\/10\/2023-7-15-la-tremblade.jpg 850w\" sizes=\"auto, (max-width: 300px) 100vw, 300px\" \/><\/a><\/p>\n<p style=\"text-align: justify;\">Nous profitons de cette escale pour retourner \u00e0 Royan en Blablacar, r\u00e9cup\u00e9rer la voiture et visiter la Tremblade si pittoresque.&nbsp;<\/p>\n","protected":false},"excerpt":{"rendered":"<p>Nous quittons la bou\u00e9e du Petit Boucard de l&rsquo;ile d&rsquo;Aix, \u00e0 13H, sous le soleil pour remonter la Charente avec la mar\u00e9e montante. &nbsp; Nous passons devant le fort Lupin, oeuvre de Vauban commenc\u00e9 en 1683 et achev\u00e9 en 1689, &hellip; <a href=\"https:\/\/ericante.fr\/?p=7012\">Continuer la lecture <span class=\"meta-nav\">&rarr;<\/span><\/a><\/p>\n","protected":false},"author":1,"featured_media":0,"comment_status":"open","ping_status":"open","sticky":false,"template":"","format":"standard","meta":{"_monsterinsights_skip_tracking":false,"_monsterinsights_sitenote_active":false,"_monsterinsights_sitenote_note":"","_monsterinsights_sitenote_category":0,"_uf_show_specific_survey":0,"_uf_disable_surveys":false,"footnotes":""},"categories":[12],"tags":[602],"class_list":["post-7012","post","type-post","status-publish","format-standard","hentry","category-france","tag-rochefort"],"_links":{"self":[{"href":"https:\/\/ericante.fr\/index.php?rest_route=\/wp\/v2\/posts\/7012","targetHints":{"allow":["GET"]}}],"collection":[{"href":"https:\/\/ericante.fr\/index.php?rest_route=\/wp\/v2\/posts"}],"about":[{"href":"https:\/\/ericante.fr\/index.php?rest_route=\/wp\/v2\/types\/post"}],"author":[{"embeddable":true,"href":"https:\/\/ericante.fr\/index.php?rest_route=\/wp\/v2\/users\/1"}],"replies":[{"embeddable":true,"href":"https:\/\/ericante.fr\/index.php?rest_route=%2Fwp%2Fv2%2Fcomments&post=7012"}],"version-history":[{"count":5,"href":"https:\/\/ericante.fr\/index.php?rest_route=\/wp\/v2\/posts\/7012\/revisions"}],"predecessor-version":[{"id":7664,"href":"https:\/\/ericante.fr\/index.php?rest_route=\/wp\/v2\/posts\/7012\/revisions\/7664"}],"wp:attachment":[{"href":"https:\/\/ericante.fr\/index.php?rest_route=%2Fwp%2Fv2%2Fmedia&parent=7012"}],"wp:term":[{"taxonomy":"category","embeddable":true,"href":"https:\/\/ericante.fr\/index.php?rest_route=%2Fwp%2Fv2%2Fcategories&post=7012"},{"taxonomy":"post_tag","embeddable":true,"href":"https:\/\/ericante.fr\/index.php?rest_route=%2Fwp%2Fv2%2Ftags&post=7012"}],"curies":[{"name":"wp","href":"https:\/\/api.w.org\/{rel}","templated":true}]}}