{"id":6996,"date":"2023-09-22T12:34:12","date_gmt":"2023-09-22T11:34:12","guid":{"rendered":"https:\/\/ericante.fr\/?p=6996"},"modified":"2023-09-22T12:34:12","modified_gmt":"2023-09-22T11:34:12","slug":"de-meihan-sur-garonne-a-fontet-le-lundi-8-mai-2023","status":"publish","type":"post","link":"https:\/\/ericante.fr\/?p=6996","title":{"rendered":"de Meihan sur Garonne \u00e0 Fontet le lundi 8 mai 2023"},"content":{"rendered":"<p>Ce matin \u00e0 10 heures et demi nous quittons Meilhan et le d\u00e9partement du Lot-et Garonne. En route vers l&rsquo;oc\u00e9an.<\/p>\n<p><a href=\"https:\/\/ericante.fr\/?attachment_id=7310\"><img loading=\"lazy\" decoding=\"async\" class=\" wp-image-7310 aligncenter\" src=\"https:\/\/ericante.fr\/wp-content\/uploads\/2023\/09\/2023-5-8-depart-de-Meilhan-300x225.jpeg\" alt=\"\" width=\"434\" height=\"325\" srcset=\"https:\/\/ericante.fr\/wp-content\/uploads\/2023\/09\/2023-5-8-depart-de-Meilhan-300x225.jpeg 300w, https:\/\/ericante.fr\/wp-content\/uploads\/2023\/09\/2023-5-8-depart-de-Meilhan-768x576.jpeg 768w, https:\/\/ericante.fr\/wp-content\/uploads\/2023\/09\/2023-5-8-depart-de-Meilhan.jpeg 850w\" sizes=\"auto, (max-width: 434px) 100vw, 434px\" \/><\/a><\/p>\n<p>Vers midi nous sommes devant l&rsquo;\u00e9troite entr\u00e9e du port fluvial de Fontet en Gironde.<\/p>\n<p><a href=\"https:\/\/ericante.fr\/?attachment_id=7313\"><img loading=\"lazy\" decoding=\"async\" class=\" wp-image-7313 aligncenter\" src=\"https:\/\/ericante.fr\/wp-content\/uploads\/2023\/09\/2023-5-10-entree-du-port-de-Fontet-300x225.jpeg\" alt=\"\" width=\"432\" height=\"324\" srcset=\"https:\/\/ericante.fr\/wp-content\/uploads\/2023\/09\/2023-5-10-entree-du-port-de-Fontet-300x225.jpeg 300w, https:\/\/ericante.fr\/wp-content\/uploads\/2023\/09\/2023-5-10-entree-du-port-de-Fontet-768x576.jpeg 768w, https:\/\/ericante.fr\/wp-content\/uploads\/2023\/09\/2023-5-10-entree-du-port-de-Fontet.jpeg 850w\" sizes=\"auto, (max-width: 432px) 100vw, 432px\" \/><\/a><\/p>\n<p style=\"text-align: justify;\">Ce port est situ\u00e9e dans un large bassin artificiel encombr\u00e9 d&rsquo;algues. Beaucoup de bateaux s&rsquo;y sont install\u00e9s plus ou moins d\u00e9finitivement, en am\u00e9nageant leur entr\u00e9e avec souvent un petit jardin fleuri.<\/p>\n<p><a href=\"https:\/\/ericante.fr\/?attachment_id=7312\"><img loading=\"lazy\" decoding=\"async\" class=\" wp-image-7312 aligncenter\" src=\"https:\/\/ericante.fr\/wp-content\/uploads\/2023\/09\/2023-5-8-port-de-fontet-300x225.jpeg\" alt=\"\" width=\"416\" height=\"312\" srcset=\"https:\/\/ericante.fr\/wp-content\/uploads\/2023\/09\/2023-5-8-port-de-fontet-300x225.jpeg 300w, https:\/\/ericante.fr\/wp-content\/uploads\/2023\/09\/2023-5-8-port-de-fontet-768x576.jpeg 768w, https:\/\/ericante.fr\/wp-content\/uploads\/2023\/09\/2023-5-8-port-de-fontet.jpeg 850w\" sizes=\"auto, (max-width: 416px) 100vw, 416px\" \/><\/a><\/p>\n<p>Un b\u00e2timent sert de magasin, restaurant et capitainerie, il y a des sanitaires communs avec le camping voisin. L&rsquo;accueil des visiteurs est restreint.<\/p>\n<p><a href=\"https:\/\/ericante.fr\/?attachment_id=7319\"><img loading=\"lazy\" decoding=\"async\" class=\" wp-image-7319 aligncenter\" src=\"https:\/\/ericante.fr\/wp-content\/uploads\/2023\/09\/Le-magasin-restau-capitainerie-de-Fontet-300x225.jpeg\" alt=\"\" width=\"319\" height=\"239\" srcset=\"https:\/\/ericante.fr\/wp-content\/uploads\/2023\/09\/Le-magasin-restau-capitainerie-de-Fontet-300x225.jpeg 300w, https:\/\/ericante.fr\/wp-content\/uploads\/2023\/09\/Le-magasin-restau-capitainerie-de-Fontet-768x576.jpeg 768w, https:\/\/ericante.fr\/wp-content\/uploads\/2023\/09\/Le-magasin-restau-capitainerie-de-Fontet.jpeg 850w\" sizes=\"auto, (max-width: 319px) 100vw, 319px\" \/><\/a><\/p>\n<p style=\"text-align: justify;\">Nous partageons un dernier repas avec nos amis alsaciens avec qui nous avons co-naviguer pendant deux semaines. Ils vont laisser Bebiya3 au port du Pont des Sables pendant quelques temps et retourner dans leur province. Nous continuerons vers Bordeaux.<\/p>\n<p><a href=\"https:\/\/ericante.fr\/?attachment_id=7311\"><img loading=\"lazy\" decoding=\"async\" class=\" wp-image-7311 aligncenter\" src=\"https:\/\/ericante.fr\/wp-content\/uploads\/2023\/09\/2023-5-8-repas-a-Fontet-300x225.jpeg\" alt=\"\" width=\"519\" height=\"389\" srcset=\"https:\/\/ericante.fr\/wp-content\/uploads\/2023\/09\/2023-5-8-repas-a-Fontet-300x225.jpeg 300w, https:\/\/ericante.fr\/wp-content\/uploads\/2023\/09\/2023-5-8-repas-a-Fontet-768x576.jpeg 768w, https:\/\/ericante.fr\/wp-content\/uploads\/2023\/09\/2023-5-8-repas-a-Fontet.jpeg 850w\" sizes=\"auto, (max-width: 519px) 100vw, 519px\" \/><\/a><\/p>\n<p>&nbsp;<\/p>\n","protected":false},"excerpt":{"rendered":"<p>Ce matin \u00e0 10 heures et demi nous quittons Meilhan et le d\u00e9partement du Lot-et Garonne. En route vers l&rsquo;oc\u00e9an. Vers midi nous sommes devant l&rsquo;\u00e9troite entr\u00e9e du port fluvial de Fontet en Gironde. Ce port est situ\u00e9e dans un &hellip; <a href=\"https:\/\/ericante.fr\/?p=6996\">Continuer la lecture <span class=\"meta-nav\">&rarr;<\/span><\/a><\/p>\n","protected":false},"author":1,"featured_media":0,"comment_status":"open","ping_status":"open","sticky":false,"template":"","format":"standard","meta":{"_monsterinsights_skip_tracking":false,"_monsterinsights_sitenote_active":false,"_monsterinsights_sitenote_note":"","_monsterinsights_sitenote_category":0,"_uf_show_specific_survey":0,"_uf_disable_surveys":false,"footnotes":""},"categories":[12],"tags":[594],"class_list":["post-6996","post","type-post","status-publish","format-standard","hentry","category-france","tag-fontet"],"_links":{"self":[{"href":"https:\/\/ericante.fr\/index.php?rest_route=\/wp\/v2\/posts\/6996","targetHints":{"allow":["GET"]}}],"collection":[{"href":"https:\/\/ericante.fr\/index.php?rest_route=\/wp\/v2\/posts"}],"about":[{"href":"https:\/\/ericante.fr\/index.php?rest_route=\/wp\/v2\/types\/post"}],"author":[{"embeddable":true,"href":"https:\/\/ericante.fr\/index.php?rest_route=\/wp\/v2\/users\/1"}],"replies":[{"embeddable":true,"href":"https:\/\/ericante.fr\/index.php?rest_route=%2Fwp%2Fv2%2Fcomments&post=6996"}],"version-history":[{"count":5,"href":"https:\/\/ericante.fr\/index.php?rest_route=\/wp\/v2\/posts\/6996\/revisions"}],"predecessor-version":[{"id":7322,"href":"https:\/\/ericante.fr\/index.php?rest_route=\/wp\/v2\/posts\/6996\/revisions\/7322"}],"wp:attachment":[{"href":"https:\/\/ericante.fr\/index.php?rest_route=%2Fwp%2Fv2%2Fmedia&parent=6996"}],"wp:term":[{"taxonomy":"category","embeddable":true,"href":"https:\/\/ericante.fr\/index.php?rest_route=%2Fwp%2Fv2%2Fcategories&post=6996"},{"taxonomy":"post_tag","embeddable":true,"href":"https:\/\/ericante.fr\/index.php?rest_route=%2Fwp%2Fv2%2Ftags&post=6996"}],"curies":[{"name":"wp","href":"https:\/\/api.w.org\/{rel}","templated":true}]}}