{"id":6994,"date":"2023-09-20T17:51:05","date_gmt":"2023-09-20T16:51:05","guid":{"rendered":"https:\/\/ericante.fr\/?p=6994"},"modified":"2023-09-21T08:07:37","modified_gmt":"2023-09-21T07:07:37","slug":"du-mas-dagenais-au-pont-des-sables-le-samedi-6-mai-2023","status":"publish","type":"post","link":"https:\/\/ericante.fr\/?p=6994","title":{"rendered":"Du Mas d&rsquo;Agenais au Pont des Sables le samedi 6 mai 2023"},"content":{"rendered":"<p style=\"text-align: justify;\">Nous appareillons du Mas d&rsquo;Agenais un peu apr\u00e8s 9 heures et demi et sommes, comme le plus souvent, seuls sur le canal mais cela ne vas pas durer&#8230;<\/p>\n<p><a href=\"https:\/\/ericante.fr\/?attachment_id=7248\"><img loading=\"lazy\" decoding=\"async\" class=\" wp-image-7248 aligncenter\" src=\"https:\/\/ericante.fr\/wp-content\/uploads\/2023\/09\/2023-5-6-Seuls-sur-le-canal-300x225.jpeg\" alt=\"\" width=\"498\" height=\"373\" srcset=\"https:\/\/ericante.fr\/wp-content\/uploads\/2023\/09\/2023-5-6-Seuls-sur-le-canal-300x225.jpeg 300w, https:\/\/ericante.fr\/wp-content\/uploads\/2023\/09\/2023-5-6-Seuls-sur-le-canal-768x576.jpeg 768w, https:\/\/ericante.fr\/wp-content\/uploads\/2023\/09\/2023-5-6-Seuls-sur-le-canal.jpeg 850w\" sizes=\"auto, (max-width: 498px) 100vw, 498px\" \/><\/a><\/p>\n<p style=\"text-align: justify;\">De nombreuses embarcations sont amarr\u00e9es le long des berges, des p\u00e9niches, des voiliers d\u00e9m\u00e2t\u00e9s, de grosses vedettes hollandaises et de plus petites, ainsi que des bateaux de location<\/p>\n<p><a href=\"https:\/\/ericante.fr\/?attachment_id=7252\"><img loading=\"lazy\" decoding=\"async\" class=\"alignnone size-medium wp-image-7252\" src=\"https:\/\/ericante.fr\/wp-content\/uploads\/2023\/09\/2023-5-6-Peniches-le-long-du-canal-300x225.jpeg\" alt=\"\" width=\"300\" height=\"225\" srcset=\"https:\/\/ericante.fr\/wp-content\/uploads\/2023\/09\/2023-5-6-Peniches-le-long-du-canal-300x225.jpeg 300w, https:\/\/ericante.fr\/wp-content\/uploads\/2023\/09\/2023-5-6-Peniches-le-long-du-canal-768x576.jpeg 768w, https:\/\/ericante.fr\/wp-content\/uploads\/2023\/09\/2023-5-6-Peniches-le-long-du-canal.jpeg 850w\" sizes=\"auto, (max-width: 300px) 100vw, 300px\" \/><\/a>&nbsp;<\/p>\n<p>&nbsp; &nbsp; &nbsp; &nbsp; &nbsp; &nbsp; &nbsp; &nbsp; &nbsp; &nbsp; &nbsp;&nbsp;<a href=\"https:\/\/ericante.fr\/?attachment_id=7253\"><img loading=\"lazy\" decoding=\"async\" class=\"alignnone size-medium wp-image-7253\" src=\"https:\/\/ericante.fr\/wp-content\/uploads\/2023\/09\/2023-5-6-voiliers-le-long-du-canal-300x225.jpeg\" alt=\"\" width=\"300\" height=\"225\" srcset=\"https:\/\/ericante.fr\/wp-content\/uploads\/2023\/09\/2023-5-6-voiliers-le-long-du-canal-300x225.jpeg 300w, https:\/\/ericante.fr\/wp-content\/uploads\/2023\/09\/2023-5-6-voiliers-le-long-du-canal-768x576.jpeg 768w, https:\/\/ericante.fr\/wp-content\/uploads\/2023\/09\/2023-5-6-voiliers-le-long-du-canal.jpeg 850w\" sizes=\"auto, (max-width: 300px) 100vw, 300px\" \/><\/a><\/p>\n<p><a href=\"https:\/\/ericante.fr\/?attachment_id=7249\"><img loading=\"lazy\" decoding=\"async\" class=\"size-medium wp-image-7249 aligncenter\" src=\"https:\/\/ericante.fr\/wp-content\/uploads\/2023\/09\/2023-5-6-Vedette-hollandaise-300x225.jpeg\" alt=\"\" width=\"300\" height=\"225\" srcset=\"https:\/\/ericante.fr\/wp-content\/uploads\/2023\/09\/2023-5-6-Vedette-hollandaise-300x225.jpeg 300w, https:\/\/ericante.fr\/wp-content\/uploads\/2023\/09\/2023-5-6-Vedette-hollandaise-768x576.jpeg 768w, https:\/\/ericante.fr\/wp-content\/uploads\/2023\/09\/2023-5-6-Vedette-hollandaise.jpeg 1024w\" sizes=\"auto, (max-width: 300px) 100vw, 300px\" \/><\/a><\/p>\n<p><a href=\"https:\/\/ericante.fr\/?attachment_id=7262\"><img loading=\"lazy\" decoding=\"async\" class=\"size-medium wp-image-7262 alignright\" src=\"https:\/\/ericante.fr\/wp-content\/uploads\/2023\/09\/2023-5-6-Petite-vedette-et-bateau-de-loc-300x225.jpeg\" alt=\"\" width=\"300\" height=\"225\" srcset=\"https:\/\/ericante.fr\/wp-content\/uploads\/2023\/09\/2023-5-6-Petite-vedette-et-bateau-de-loc-300x225.jpeg 300w, https:\/\/ericante.fr\/wp-content\/uploads\/2023\/09\/2023-5-6-Petite-vedette-et-bateau-de-loc-768x576.jpeg 768w, https:\/\/ericante.fr\/wp-content\/uploads\/2023\/09\/2023-5-6-Petite-vedette-et-bateau-de-loc.jpeg 850w\" sizes=\"auto, (max-width: 300px) 100vw, 300px\" \/><\/a><\/p>\n<p>&nbsp;<\/p>\n<p>&nbsp;<\/p>\n<p>&nbsp;<\/p>\n<p>&nbsp;<\/p>\n<p>&nbsp;<\/p>\n<p>&nbsp;<\/p>\n<p>Nous croisons quelques bateaux \u00e0 rames ou \u00e0 moteur<\/p>\n<p><a href=\"https:\/\/ericante.fr\/?attachment_id=7254\"><img loading=\"lazy\" decoding=\"async\" class=\"alignnone wp-image-7254\" src=\"https:\/\/ericante.fr\/wp-content\/uploads\/2023\/09\/2023-5-6-rameur-sur-le-canal-300x225.jpeg\" alt=\"\" width=\"312\" height=\"234\" srcset=\"https:\/\/ericante.fr\/wp-content\/uploads\/2023\/09\/2023-5-6-rameur-sur-le-canal-300x225.jpeg 300w, https:\/\/ericante.fr\/wp-content\/uploads\/2023\/09\/2023-5-6-rameur-sur-le-canal-768x576.jpeg 768w, https:\/\/ericante.fr\/wp-content\/uploads\/2023\/09\/2023-5-6-rameur-sur-le-canal.jpeg 850w\" sizes=\"auto, (max-width: 312px) 100vw, 312px\" \/><\/a> <a href=\"https:\/\/ericante.fr\/?attachment_id=7268\"><img loading=\"lazy\" decoding=\"async\" class=\"alignnone wp-image-7268\" src=\"https:\/\/ericante.fr\/wp-content\/uploads\/2023\/09\/2023-5-7-Croisement-300x225.jpeg\" alt=\"\" width=\"314\" height=\"235\" srcset=\"https:\/\/ericante.fr\/wp-content\/uploads\/2023\/09\/2023-5-7-Croisement-300x225.jpeg 300w, https:\/\/ericante.fr\/wp-content\/uploads\/2023\/09\/2023-5-7-Croisement-768x576.jpeg 768w, https:\/\/ericante.fr\/wp-content\/uploads\/2023\/09\/2023-5-7-Croisement.jpeg 850w\" sizes=\"auto, (max-width: 314px) 100vw, 314px\" \/><\/a><\/p>\n<p>Et sur les berges des cyclistes, souvent en famille, des camping-cars et des p\u00eacheurs<\/p>\n<p><a href=\"https:\/\/ericante.fr\/?attachment_id=7250\"><img loading=\"lazy\" decoding=\"async\" class=\"alignnone wp-image-7250\" src=\"https:\/\/ericante.fr\/wp-content\/uploads\/2023\/09\/2023-5-6-Cyclistes-sur-le-bord-du-canal-300x225.jpeg\" alt=\"\" width=\"309\" height=\"232\" srcset=\"https:\/\/ericante.fr\/wp-content\/uploads\/2023\/09\/2023-5-6-Cyclistes-sur-le-bord-du-canal-300x225.jpeg 300w, https:\/\/ericante.fr\/wp-content\/uploads\/2023\/09\/2023-5-6-Cyclistes-sur-le-bord-du-canal-768x576.jpeg 768w, https:\/\/ericante.fr\/wp-content\/uploads\/2023\/09\/2023-5-6-Cyclistes-sur-le-bord-du-canal.jpeg 850w\" sizes=\"auto, (max-width: 309px) 100vw, 309px\" \/><\/a> <a href=\"https:\/\/ericante.fr\/?attachment_id=7255\"><img loading=\"lazy\" decoding=\"async\" class=\"alignnone wp-image-7255\" src=\"https:\/\/ericante.fr\/wp-content\/uploads\/2023\/09\/2023-5-6-Camping-cars-le-long-du-canal-300x225.jpeg\" alt=\"\" width=\"311\" height=\"233\" srcset=\"https:\/\/ericante.fr\/wp-content\/uploads\/2023\/09\/2023-5-6-Camping-cars-le-long-du-canal-300x225.jpeg 300w, https:\/\/ericante.fr\/wp-content\/uploads\/2023\/09\/2023-5-6-Camping-cars-le-long-du-canal-768x576.jpeg 768w, https:\/\/ericante.fr\/wp-content\/uploads\/2023\/09\/2023-5-6-Camping-cars-le-long-du-canal.jpeg 850w\" sizes=\"auto, (max-width: 311px) 100vw, 311px\" \/><\/a>Apr\u00e8s toutes ces rencontres, nous arrivons, avant midi, au pont des sables o\u00f9 nous retrouvons Dom et Dan accompagn\u00e9s d&rsquo;un de leurs petits enfants. Nous partageons un verre de vin de leur r\u00e9gion.<\/p>\n<p><a href=\"https:\/\/ericante.fr\/?attachment_id=7251\"><img loading=\"lazy\" decoding=\"async\" class=\" wp-image-7251 aligncenter\" src=\"https:\/\/ericante.fr\/wp-content\/uploads\/2023\/09\/2023-5-6-Dom-et-Dan-300x225.jpeg\" alt=\"\" width=\"443\" height=\"332\" srcset=\"https:\/\/ericante.fr\/wp-content\/uploads\/2023\/09\/2023-5-6-Dom-et-Dan-300x225.jpeg 300w, https:\/\/ericante.fr\/wp-content\/uploads\/2023\/09\/2023-5-6-Dom-et-Dan-768x576.jpeg 768w, https:\/\/ericante.fr\/wp-content\/uploads\/2023\/09\/2023-5-6-Dom-et-Dan.jpeg 850w\" sizes=\"auto, (max-width: 443px) 100vw, 443px\" \/><\/a><\/p>\n<p>&nbsp;<\/p>\n<p>Le port du Pont des Sables offre une escale confortable avec toutes les commodit\u00e9s, il y a une zone d&rsquo;hivernage et un petit chantier. Marmande est \u00e0 3 kilom\u00e8tres mais le temps est incertain et nous pr\u00e9f\u00e9rons passer l&rsquo;apr\u00e8s midi \u00e0 bord.<\/p>\n","protected":false},"excerpt":{"rendered":"<p>Nous appareillons du Mas d&rsquo;Agenais un peu apr\u00e8s 9 heures et demi et sommes, comme le plus souvent, seuls sur le canal mais cela ne vas pas durer&#8230; De nombreuses embarcations sont amarr\u00e9es le long des berges, des p\u00e9niches, des &hellip; <a href=\"https:\/\/ericante.fr\/?p=6994\">Continuer la lecture <span class=\"meta-nav\">&rarr;<\/span><\/a><\/p>\n","protected":false},"author":1,"featured_media":0,"comment_status":"open","ping_status":"open","sticky":false,"template":"","format":"standard","meta":{"_monsterinsights_skip_tracking":false,"_monsterinsights_sitenote_active":false,"_monsterinsights_sitenote_note":"","_monsterinsights_sitenote_category":0,"_uf_show_specific_survey":0,"_uf_disable_surveys":false,"footnotes":""},"categories":[12],"tags":[617],"class_list":["post-6994","post","type-post","status-publish","format-standard","hentry","category-france","tag-pont-des-sables"],"_links":{"self":[{"href":"https:\/\/ericante.fr\/index.php?rest_route=\/wp\/v2\/posts\/6994","targetHints":{"allow":["GET"]}}],"collection":[{"href":"https:\/\/ericante.fr\/index.php?rest_route=\/wp\/v2\/posts"}],"about":[{"href":"https:\/\/ericante.fr\/index.php?rest_route=\/wp\/v2\/types\/post"}],"author":[{"embeddable":true,"href":"https:\/\/ericante.fr\/index.php?rest_route=\/wp\/v2\/users\/1"}],"replies":[{"embeddable":true,"href":"https:\/\/ericante.fr\/index.php?rest_route=%2Fwp%2Fv2%2Fcomments&post=6994"}],"version-history":[{"count":5,"href":"https:\/\/ericante.fr\/index.php?rest_route=\/wp\/v2\/posts\/6994\/revisions"}],"predecessor-version":[{"id":7298,"href":"https:\/\/ericante.fr\/index.php?rest_route=\/wp\/v2\/posts\/6994\/revisions\/7298"}],"wp:attachment":[{"href":"https:\/\/ericante.fr\/index.php?rest_route=%2Fwp%2Fv2%2Fmedia&parent=6994"}],"wp:term":[{"taxonomy":"category","embeddable":true,"href":"https:\/\/ericante.fr\/index.php?rest_route=%2Fwp%2Fv2%2Fcategories&post=6994"},{"taxonomy":"post_tag","embeddable":true,"href":"https:\/\/ericante.fr\/index.php?rest_route=%2Fwp%2Fv2%2Ftags&post=6994"}],"curies":[{"name":"wp","href":"https:\/\/api.w.org\/{rel}","templated":true}]}}