{"id":6988,"date":"2023-09-15T07:09:22","date_gmt":"2023-09-15T06:09:22","guid":{"rendered":"https:\/\/ericante.fr\/?p=6988"},"modified":"2023-09-15T07:09:22","modified_gmt":"2023-09-15T06:09:22","slug":"de-vianne-a-villeton-le-mardi-2-mai-2023","status":"publish","type":"post","link":"https:\/\/ericante.fr\/?p=6988","title":{"rendered":"de Vianne \u00e0 Villeton le mardi 2 mai 2023"},"content":{"rendered":"<p><a href=\"https:\/\/ericante.fr\/?attachment_id=7202\"><img loading=\"lazy\" decoding=\"async\" class=\" wp-image-7202 aligncenter\" src=\"https:\/\/ericante.fr\/wp-content\/uploads\/2023\/09\/2023-5-2-Depart-de-Vianne-300x243.jpeg\" alt=\"\" width=\"344\" height=\"279\" srcset=\"https:\/\/ericante.fr\/wp-content\/uploads\/2023\/09\/2023-5-2-Depart-de-Vianne-300x243.jpeg 300w, https:\/\/ericante.fr\/wp-content\/uploads\/2023\/09\/2023-5-2-Depart-de-Vianne-768x623.jpeg 768w, https:\/\/ericante.fr\/wp-content\/uploads\/2023\/09\/2023-5-2-Depart-de-Vianne.jpeg 850w\" sizes=\"auto, (max-width: 344px) 100vw, 344px\" \/><\/a><\/p>\n<p>D\u00e9part de Vianne et de son quai accueillant par tr\u00e8s beau temps \u00e0 9h45.<\/p>\n<p><a href=\"https:\/\/ericante.fr\/?attachment_id=7223\"><img loading=\"lazy\" decoding=\"async\" class=\"alignnone wp-image-7223\" src=\"https:\/\/ericante.fr\/wp-content\/uploads\/2023\/09\/2023-5-2-chateau-de-Trenquelleon-300x191.jpg\" alt=\"\" width=\"419\" height=\"267\" srcset=\"https:\/\/ericante.fr\/wp-content\/uploads\/2023\/09\/2023-5-2-chateau-de-Trenquelleon-300x191.jpg 300w, https:\/\/ericante.fr\/wp-content\/uploads\/2023\/09\/2023-5-2-chateau-de-Trenquelleon-768x489.jpg 768w, https:\/\/ericante.fr\/wp-content\/uploads\/2023\/09\/2023-5-2-chateau-de-Trenquelleon.jpg 850w\" sizes=\"auto, (max-width: 419px) 100vw, 419px\" \/><\/a><\/p>\n<p style=\"text-align: justify;\">Une heure plus tard le pignon du ch\u00e2teau de Trenquelleon appara\u00eet dominant la Ba\u00efse. Construit au XVIII si\u00e8cle \u00e9l\u00e9gant par sa fa\u00e7ade il se visite. Mais nous poursuivons notre descente de la Ba\u00efse pour reprendre notre route vers la canal lat\u00e9ral de la Garonne atteint d\u00e8s 12h30 apr\u00e8s le passage des 2 \u00e9cluses&nbsp;<\/p>\n<p><a href=\"https:\/\/ericante.fr\/?attachment_id=7203\"><img loading=\"lazy\" decoding=\"async\" class=\"wp-image-7203 aligncenter\" src=\"https:\/\/ericante.fr\/wp-content\/uploads\/2023\/09\/2023-5-2-Capitainerie-de-Buzet-300x225.jpeg\" alt=\"\" width=\"507\" height=\"380\" srcset=\"https:\/\/ericante.fr\/wp-content\/uploads\/2023\/09\/2023-5-2-Capitainerie-de-Buzet-300x225.jpeg 300w, https:\/\/ericante.fr\/wp-content\/uploads\/2023\/09\/2023-5-2-Capitainerie-de-Buzet-768x576.jpeg 768w, https:\/\/ericante.fr\/wp-content\/uploads\/2023\/09\/2023-5-2-Capitainerie-de-Buzet.jpeg 850w\" sizes=\"auto, (max-width: 507px) 100vw, 507px\" \/><\/a><\/p>\n<p>Apr\u00e8s la double \u00e9cluse passage devant la capitainerie de Buzet sans s&rsquo;arr\u00eater<\/p>\n<p><a href=\"https:\/\/ericante.fr\/?attachment_id=7204\"><img loading=\"lazy\" decoding=\"async\" class=\"wp-image-7204 alignnone\" src=\"https:\/\/ericante.fr\/wp-content\/uploads\/2023\/09\/2023-5-2-retour-sur-le-canal-lateral-300x225.jpeg\" alt=\"\" width=\"493\" height=\"370\" srcset=\"https:\/\/ericante.fr\/wp-content\/uploads\/2023\/09\/2023-5-2-retour-sur-le-canal-lateral-300x225.jpeg 300w, https:\/\/ericante.fr\/wp-content\/uploads\/2023\/09\/2023-5-2-retour-sur-le-canal-lateral-768x576.jpeg 768w, https:\/\/ericante.fr\/wp-content\/uploads\/2023\/09\/2023-5-2-retour-sur-le-canal-lateral.jpeg 850w\" sizes=\"auto, (max-width: 493px) 100vw, 493px\" \/><\/a><\/p>\n<p style=\"text-align: justify;\">Le canal lat\u00e9ral de la Garonne ombrag\u00e9 par de majestueux platanes nous m\u00e8ne \u00e0 Damazan. Tr\u00e8s joli petit port, occup\u00e9 par des p\u00e9nichettes s\u00e9dentaires aux capitaines peu complaisants.<\/p>\n<p><a href=\"https:\/\/ericante.fr\/?attachment_id=7234\"><img loading=\"lazy\" decoding=\"async\" class=\"alignnone wp-image-7234\" src=\"https:\/\/ericante.fr\/wp-content\/uploads\/2023\/09\/2023-5-5-damazan-300x225.jpeg\" alt=\"\" width=\"511\" height=\"383\" srcset=\"https:\/\/ericante.fr\/wp-content\/uploads\/2023\/09\/2023-5-5-damazan-300x225.jpeg 300w, https:\/\/ericante.fr\/wp-content\/uploads\/2023\/09\/2023-5-5-damazan-768x576.jpeg 768w, https:\/\/ericante.fr\/wp-content\/uploads\/2023\/09\/2023-5-5-damazan.jpeg 850w\" sizes=\"auto, (max-width: 511px) 100vw, 511px\" \/><\/a><\/p>\n<p style=\"text-align: justify;\">Nous y d\u00e9jeunons et repartons vers Villeton o\u00f9 plusieurs bateaux d\u00e9j\u00e0 c\u00f4toy\u00e9s se retrouvent. Les bornes d&rsquo;\u00e9lectricit\u00e9 et d&rsquo;eau fonctionnent avec des jetons pour un temps donn\u00e9, 2h pour l&rsquo;\u00e9lectricit\u00e9.<\/p>\n<p style=\"text-align: justify;\">Dan et Dom nous propose de visiter un mus\u00e9e des gens de la terre et du canal, cr\u00e9\u00e9 par une petite association de paysans retrait\u00e9s. Ils ont construits divers ateliers d\u00e9di\u00e9s aux anciens outils et m\u00e9tiers de la terre. Ce mus\u00e9e nous rappelle la duret\u00e9 du travail tr\u00e8s physique d&rsquo;autrefois.&nbsp;<\/p>\n<p><a href=\"https:\/\/ericante.fr\/?attachment_id=7206\"><img loading=\"lazy\" decoding=\"async\" class=\"alignnone size-medium wp-image-7206\" src=\"https:\/\/ericante.fr\/wp-content\/uploads\/2023\/09\/2023-5-2-Musee-de-Villeton-300x225.jpeg\" alt=\"\" width=\"300\" height=\"225\" srcset=\"https:\/\/ericante.fr\/wp-content\/uploads\/2023\/09\/2023-5-2-Musee-de-Villeton-300x225.jpeg 300w, https:\/\/ericante.fr\/wp-content\/uploads\/2023\/09\/2023-5-2-Musee-de-Villeton-768x576.jpeg 768w, https:\/\/ericante.fr\/wp-content\/uploads\/2023\/09\/2023-5-2-Musee-de-Villeton.jpeg 850w\" sizes=\"auto, (max-width: 300px) 100vw, 300px\" \/><\/a>&nbsp; <a href=\"https:\/\/ericante.fr\/?attachment_id=7205\"><img loading=\"lazy\" decoding=\"async\" class=\"alignnone size-medium wp-image-7205\" src=\"https:\/\/ericante.fr\/wp-content\/uploads\/2023\/09\/2023-5-2-musee-du-sabot-300x225.jpeg\" alt=\"\" width=\"300\" height=\"225\" srcset=\"https:\/\/ericante.fr\/wp-content\/uploads\/2023\/09\/2023-5-2-musee-du-sabot-300x225.jpeg 300w, https:\/\/ericante.fr\/wp-content\/uploads\/2023\/09\/2023-5-2-musee-du-sabot-768x576.jpeg 768w, https:\/\/ericante.fr\/wp-content\/uploads\/2023\/09\/2023-5-2-musee-du-sabot.jpeg 1024w\" sizes=\"auto, (max-width: 300px) 100vw, 300px\" \/><\/a><\/p>\n<p>Le mus\u00e9e du terroir, avec l&rsquo;atelier du sabotier<\/p>\n<p style=\"text-align: justify;\">Le restaurant chez Oscar propose des plats \u00e0 emporter , nous y mangeons ce soir l\u00e0 une cuisine portugaise familiale servi par son propri\u00e9taire Oscar bien entendu portugais.<\/p>\n<p>&nbsp;<\/p>\n<p>&nbsp;<\/p>\n<p>&nbsp;<\/p>\n","protected":false},"excerpt":{"rendered":"<p>D\u00e9part de Vianne et de son quai accueillant par tr\u00e8s beau temps \u00e0 9h45. Une heure plus tard le pignon du ch\u00e2teau de Trenquelleon appara\u00eet dominant la Ba\u00efse. Construit au XVIII si\u00e8cle \u00e9l\u00e9gant par sa fa\u00e7ade il se visite. Mais &hellip; <a href=\"https:\/\/ericante.fr\/?p=6988\">Continuer la lecture <span class=\"meta-nav\">&rarr;<\/span><\/a><\/p>\n","protected":false},"author":1,"featured_media":0,"comment_status":"open","ping_status":"open","sticky":false,"template":"","format":"standard","meta":{"_monsterinsights_skip_tracking":false,"_monsterinsights_sitenote_active":false,"_monsterinsights_sitenote_note":"","_monsterinsights_sitenote_category":0,"_uf_show_specific_survey":0,"_uf_disable_surveys":false,"footnotes":""},"categories":[12],"tags":[590],"class_list":["post-6988","post","type-post","status-publish","format-standard","hentry","category-france","tag-villeton"],"_links":{"self":[{"href":"https:\/\/ericante.fr\/index.php?rest_route=\/wp\/v2\/posts\/6988","targetHints":{"allow":["GET"]}}],"collection":[{"href":"https:\/\/ericante.fr\/index.php?rest_route=\/wp\/v2\/posts"}],"about":[{"href":"https:\/\/ericante.fr\/index.php?rest_route=\/wp\/v2\/types\/post"}],"author":[{"embeddable":true,"href":"https:\/\/ericante.fr\/index.php?rest_route=\/wp\/v2\/users\/1"}],"replies":[{"embeddable":true,"href":"https:\/\/ericante.fr\/index.php?rest_route=%2Fwp%2Fv2%2Fcomments&post=6988"}],"version-history":[{"count":5,"href":"https:\/\/ericante.fr\/index.php?rest_route=\/wp\/v2\/posts\/6988\/revisions"}],"predecessor-version":[{"id":7239,"href":"https:\/\/ericante.fr\/index.php?rest_route=\/wp\/v2\/posts\/6988\/revisions\/7239"}],"wp:attachment":[{"href":"https:\/\/ericante.fr\/index.php?rest_route=%2Fwp%2Fv2%2Fmedia&parent=6988"}],"wp:term":[{"taxonomy":"category","embeddable":true,"href":"https:\/\/ericante.fr\/index.php?rest_route=%2Fwp%2Fv2%2Fcategories&post=6988"},{"taxonomy":"post_tag","embeddable":true,"href":"https:\/\/ericante.fr\/index.php?rest_route=%2Fwp%2Fv2%2Ftags&post=6988"}],"curies":[{"name":"wp","href":"https:\/\/api.w.org\/{rel}","templated":true}]}}