{"id":6984,"date":"2023-09-10T20:06:59","date_gmt":"2023-09-10T19:06:59","guid":{"rendered":"https:\/\/ericante.fr\/?p=6984"},"modified":"2023-09-10T21:54:48","modified_gmt":"2023-09-10T20:54:48","slug":"de-nerac-a-lavardac-le-samedi-29-avril-2023","status":"publish","type":"post","link":"https:\/\/ericante.fr\/?p=6984","title":{"rendered":"de N\u00e9rac \u00e0 Lavardac le samedi 29 avril 2023"},"content":{"rendered":"<p>D\u00e9part doux de Nerac \u00e0 10h pour la descente de la Ba\u00efse.<\/p>\n<p><a href=\"https:\/\/ericante.fr\/?attachment_id=7166\"><img loading=\"lazy\" decoding=\"async\" class=\"alignnone wp-image-7166 aligncenter\" src=\"https:\/\/ericante.fr\/wp-content\/uploads\/2023\/07\/2023-8-29-depart-de-Nerac-1-300x225.jpeg\" alt=\"\" width=\"399\" height=\"299\" srcset=\"https:\/\/ericante.fr\/wp-content\/uploads\/2023\/07\/2023-8-29-depart-de-Nerac-1-300x225.jpeg 300w, https:\/\/ericante.fr\/wp-content\/uploads\/2023\/07\/2023-8-29-depart-de-Nerac-1-768x576.jpeg 768w, https:\/\/ericante.fr\/wp-content\/uploads\/2023\/07\/2023-8-29-depart-de-Nerac-1.jpeg 850w\" sizes=\"auto, (max-width: 399px) 100vw, 399px\" \/><\/a><\/p>\n<p>L&rsquo;\u00e9cluse de Sorbet nous r\u00e9serve de d\u00e9licieuses surprises:<\/p>\n<p style=\"text-align: justify;\">Le fils de l&rsquo;ancienne \u00e9clusi\u00e8re, octog\u00e9naire accueillant, nous pr\u00e9sente sa maison natale qu&rsquo;il met \u00e0 regret en vente. Ses enfants viennent de p\u00eacher un \u00e9norme silure de plus d&rsquo;un m\u00e8tre de long. Ce poisson carnassier vivait pr\u00e8s du barrage. Ce f\u00e9roce poisson mange des poissons, des canards, poules d&rsquo;eau et \u00e0 l&rsquo;occasion des petits chiens qui ont l&rsquo;audace d&rsquo;aller se baigner.<\/p>\n<p><a href=\"https:\/\/ericante.fr\/?attachment_id=7167\"><img loading=\"lazy\" decoding=\"async\" class=\"alignnone size-medium wp-image-7167\" src=\"https:\/\/ericante.fr\/wp-content\/uploads\/2023\/07\/2023-4-29-la-maison-eclusiere-de-sorbet-300x225.jpeg\" alt=\"\" width=\"300\" height=\"225\" srcset=\"https:\/\/ericante.fr\/wp-content\/uploads\/2023\/07\/2023-4-29-la-maison-eclusiere-de-sorbet-300x225.jpeg 300w, https:\/\/ericante.fr\/wp-content\/uploads\/2023\/07\/2023-4-29-la-maison-eclusiere-de-sorbet-768x576.jpeg 768w, https:\/\/ericante.fr\/wp-content\/uploads\/2023\/07\/2023-4-29-la-maison-eclusiere-de-sorbet.jpeg 850w\" sizes=\"auto, (max-width: 300px) 100vw, 300px\" \/><\/a>&nbsp; &nbsp; &nbsp; &nbsp; &nbsp; <a href=\"https:\/\/ericante.fr\/?attachment_id=7168\"><img loading=\"lazy\" decoding=\"async\" class=\"alignnone size-medium wp-image-7168\" src=\"https:\/\/ericante.fr\/wp-content\/uploads\/2023\/07\/2023-4-29-interieur-de-la-maison-eclusiere-de-sorbet-300x225.jpeg\" alt=\"\" width=\"300\" height=\"225\" srcset=\"https:\/\/ericante.fr\/wp-content\/uploads\/2023\/07\/2023-4-29-interieur-de-la-maison-eclusiere-de-sorbet-300x225.jpeg 300w, https:\/\/ericante.fr\/wp-content\/uploads\/2023\/07\/2023-4-29-interieur-de-la-maison-eclusiere-de-sorbet-768x576.jpeg 768w, https:\/\/ericante.fr\/wp-content\/uploads\/2023\/07\/2023-4-29-interieur-de-la-maison-eclusiere-de-sorbet.jpeg 850w\" sizes=\"auto, (max-width: 300px) 100vw, 300px\" \/><\/a><\/p>\n<p>&nbsp;<\/p>\n<p><a href=\"https:\/\/ericante.fr\/?attachment_id=7165\"><img loading=\"lazy\" decoding=\"async\" class=\"alignnone wp-image-7165\" src=\"https:\/\/ericante.fr\/wp-content\/uploads\/2023\/07\/2023-4-29.jpeg-Ancien-eclusier-de-Sorbet-225x300.jpeg\" alt=\"\" width=\"258\" height=\"344\" srcset=\"https:\/\/ericante.fr\/wp-content\/uploads\/2023\/07\/2023-4-29.jpeg-Ancien-eclusier-de-Sorbet-225x300.jpeg 225w, https:\/\/ericante.fr\/wp-content\/uploads\/2023\/07\/2023-4-29.jpeg-Ancien-eclusier-de-Sorbet.jpeg 768w\" sizes=\"auto, (max-width: 258px) 100vw, 258px\" \/><\/a>&nbsp; &nbsp; &nbsp; &nbsp; &nbsp; &nbsp; &nbsp; &nbsp; &nbsp; &nbsp; &nbsp; &nbsp; &nbsp; &nbsp; &nbsp;<a href=\"https:\/\/ericante.fr\/?attachment_id=7186\"><img loading=\"lazy\" decoding=\"async\" class=\"alignnone wp-image-7186\" src=\"https:\/\/ericante.fr\/wp-content\/uploads\/2023\/09\/2023-4-29-Silure-225x300.jpeg\" alt=\"\" width=\"262\" height=\"349\" srcset=\"https:\/\/ericante.fr\/wp-content\/uploads\/2023\/09\/2023-4-29-Silure-225x300.jpeg 225w, https:\/\/ericante.fr\/wp-content\/uploads\/2023\/09\/2023-4-29-Silure.jpeg 638w\" sizes=\"auto, (max-width: 262px) 100vw, 262px\" \/><\/a><\/p>\n<p style=\"text-align: justify;\">A midi et demi, MegaWatt est amarr\u00e9 au quai de Lavardac. Petite d\u00e9ception, les boitiers \u00e9lectriques n&rsquo;ont pas \u00e9t\u00e9 r\u00e9par\u00e9s depuis les crues hivernales. Le village, facile d&rsquo;acc\u00e8s \u00e0 pied, surplombe notre quai et contient une boulangerie, coiffeur et quelques autres commerces.<\/p>\n<p><a href=\"https:\/\/ericante.fr\/?attachment_id=7170\"><img loading=\"lazy\" decoding=\"async\" class=\"alignnone wp-image-7170\" src=\"https:\/\/ericante.fr\/wp-content\/uploads\/2023\/07\/2023-4-29-lavardac-300x225.jpeg\" alt=\"\" width=\"394\" height=\"296\" srcset=\"https:\/\/ericante.fr\/wp-content\/uploads\/2023\/07\/2023-4-29-lavardac-300x225.jpeg 300w, https:\/\/ericante.fr\/wp-content\/uploads\/2023\/07\/2023-4-29-lavardac-768x576.jpeg 768w, https:\/\/ericante.fr\/wp-content\/uploads\/2023\/07\/2023-4-29-lavardac.jpeg 850w\" sizes=\"auto, (max-width: 394px) 100vw, 394px\" \/><\/a> <a href=\"https:\/\/ericante.fr\/?attachment_id=7171\"><img loading=\"lazy\" decoding=\"async\" class=\"alignnone wp-image-7171\" src=\"https:\/\/ericante.fr\/wp-content\/uploads\/2023\/07\/2023-4-29-le-quai-de-lavardac-225x300.jpeg\" alt=\"\" width=\"221\" height=\"295\" srcset=\"https:\/\/ericante.fr\/wp-content\/uploads\/2023\/07\/2023-4-29-le-quai-de-lavardac-225x300.jpeg 225w, https:\/\/ericante.fr\/wp-content\/uploads\/2023\/07\/2023-4-29-le-quai-de-lavardac.jpeg 768w\" sizes=\"auto, (max-width: 221px) 100vw, 221px\" \/><\/a><\/p>\n<p style=\"text-align: justify;\">Depuis ce quai, nous allons visiter le moulin des Tours dit de Barbaste, plus grand moulin fortifi\u00e9 de France. Une visite int\u00e9ressante pr\u00e9sente son histoire sur 800 ans. Henri de Navarre, futur Henri IV, en a \u00e9t\u00e9 le propri\u00e9taire meunier. Des artistes, cr\u00e9ateurs d&rsquo;objets insolites, occupent une partie du moulin.&nbsp;<\/p>\n<p><a href=\"https:\/\/ericante.fr\/?attachment_id=7172\"><img loading=\"lazy\" decoding=\"async\" class=\"wp-image-7172 alignleft\" src=\"https:\/\/ericante.fr\/wp-content\/uploads\/2023\/07\/2023-4-29-le-moulin-des-tours-300x225.jpeg\" alt=\"\" width=\"391\" height=\"294\" srcset=\"https:\/\/ericante.fr\/wp-content\/uploads\/2023\/07\/2023-4-29-le-moulin-des-tours-300x225.jpeg 300w, https:\/\/ericante.fr\/wp-content\/uploads\/2023\/07\/2023-4-29-le-moulin-des-tours-768x576.jpeg 768w, https:\/\/ericante.fr\/wp-content\/uploads\/2023\/07\/2023-4-29-le-moulin-des-tours.jpeg 850w\" sizes=\"auto, (max-width: 391px) 100vw, 391px\" \/><\/a><\/p>\n<p><a href=\"https:\/\/ericante.fr\/?attachment_id=7191\"><img loading=\"lazy\" decoding=\"async\" class=\"alignnone wp-image-7191\" src=\"https:\/\/ericante.fr\/wp-content\/uploads\/2023\/09\/2023-4-29-Musee-de-Lavardac-225x300.jpeg\" alt=\"\" width=\"216\" height=\"288\" srcset=\"https:\/\/ericante.fr\/wp-content\/uploads\/2023\/09\/2023-4-29-Musee-de-Lavardac-225x300.jpeg 225w, https:\/\/ericante.fr\/wp-content\/uploads\/2023\/09\/2023-4-29-Musee-de-Lavardac.jpeg 638w\" sizes=\"auto, (max-width: 216px) 100vw, 216px\" \/><\/a><\/p>\n","protected":false},"excerpt":{"rendered":"<p>D\u00e9part doux de Nerac \u00e0 10h pour la descente de la Ba\u00efse. L&rsquo;\u00e9cluse de Sorbet nous r\u00e9serve de d\u00e9licieuses surprises: Le fils de l&rsquo;ancienne \u00e9clusi\u00e8re, octog\u00e9naire accueillant, nous pr\u00e9sente sa maison natale qu&rsquo;il met \u00e0 regret en vente. Ses enfants &hellip; <a href=\"https:\/\/ericante.fr\/?p=6984\">Continuer la lecture <span class=\"meta-nav\">&rarr;<\/span><\/a><\/p>\n","protected":false},"author":1,"featured_media":0,"comment_status":"open","ping_status":"open","sticky":false,"template":"","format":"standard","meta":{"_monsterinsights_skip_tracking":false,"_monsterinsights_sitenote_active":false,"_monsterinsights_sitenote_note":"","_monsterinsights_sitenote_category":0,"_uf_show_specific_survey":0,"_uf_disable_surveys":false,"footnotes":""},"categories":[12,1],"tags":[610,611],"class_list":["post-6984","post","type-post","status-publish","format-standard","hentry","category-france","category-non-classe","tag-lavardac","tag-moulin-des-tours"],"_links":{"self":[{"href":"https:\/\/ericante.fr\/index.php?rest_route=\/wp\/v2\/posts\/6984","targetHints":{"allow":["GET"]}}],"collection":[{"href":"https:\/\/ericante.fr\/index.php?rest_route=\/wp\/v2\/posts"}],"about":[{"href":"https:\/\/ericante.fr\/index.php?rest_route=\/wp\/v2\/types\/post"}],"author":[{"embeddable":true,"href":"https:\/\/ericante.fr\/index.php?rest_route=\/wp\/v2\/users\/1"}],"replies":[{"embeddable":true,"href":"https:\/\/ericante.fr\/index.php?rest_route=%2Fwp%2Fv2%2Fcomments&post=6984"}],"version-history":[{"count":5,"href":"https:\/\/ericante.fr\/index.php?rest_route=\/wp\/v2\/posts\/6984\/revisions"}],"predecessor-version":[{"id":7201,"href":"https:\/\/ericante.fr\/index.php?rest_route=\/wp\/v2\/posts\/6984\/revisions\/7201"}],"wp:attachment":[{"href":"https:\/\/ericante.fr\/index.php?rest_route=%2Fwp%2Fv2%2Fmedia&parent=6984"}],"wp:term":[{"taxonomy":"category","embeddable":true,"href":"https:\/\/ericante.fr\/index.php?rest_route=%2Fwp%2Fv2%2Fcategories&post=6984"},{"taxonomy":"post_tag","embeddable":true,"href":"https:\/\/ericante.fr\/index.php?rest_route=%2Fwp%2Fv2%2Ftags&post=6984"}],"curies":[{"name":"wp","href":"https:\/\/api.w.org\/{rel}","templated":true}]}}