{"id":6975,"date":"2023-08-14T09:50:35","date_gmt":"2023-08-14T08:50:35","guid":{"rendered":"https:\/\/ericante.fr\/?p=6975"},"modified":"2023-08-14T10:20:54","modified_gmt":"2023-08-14T09:20:54","slug":"de-buzet-a-vianne-le-lundi-25-avril-2023","status":"publish","type":"post","link":"https:\/\/ericante.fr\/?p=6975","title":{"rendered":"de Buzet \u00e0 Vianne le lundi 25 avril 2023"},"content":{"rendered":"<p style=\"text-align: justify;\">&nbsp;<\/p>\n<p><a href=\"https:\/\/ericante.fr\/?attachment_id=7095\"><img loading=\"lazy\" decoding=\"async\" class=\"alignnone size-medium wp-image-7095\" src=\"https:\/\/ericante.fr\/wp-content\/uploads\/2023\/08\/2023-4-25-depart-de-Buzet-300x225.jpeg\" alt=\"\" width=\"300\" height=\"225\" srcset=\"https:\/\/ericante.fr\/wp-content\/uploads\/2023\/08\/2023-4-25-depart-de-Buzet-300x225.jpeg 300w, https:\/\/ericante.fr\/wp-content\/uploads\/2023\/08\/2023-4-25-depart-de-Buzet-768x576.jpeg 768w, https:\/\/ericante.fr\/wp-content\/uploads\/2023\/08\/2023-4-25-depart-de-Buzet.jpeg 850w\" sizes=\"auto, (max-width: 300px) 100vw, 300px\" \/><\/a> <a href=\"https:\/\/ericante.fr\/?attachment_id=7096\"><img loading=\"lazy\" decoding=\"async\" class=\"alignnone size-medium wp-image-7096\" src=\"https:\/\/ericante.fr\/wp-content\/uploads\/2023\/08\/2023-4-25-le-Lot-est-ferme-300x225.jpeg\" alt=\"\" width=\"300\" height=\"225\" srcset=\"https:\/\/ericante.fr\/wp-content\/uploads\/2023\/08\/2023-4-25-le-Lot-est-ferme-300x225.jpeg 300w, https:\/\/ericante.fr\/wp-content\/uploads\/2023\/08\/2023-4-25-le-Lot-est-ferme-768x576.jpeg 768w, https:\/\/ericante.fr\/wp-content\/uploads\/2023\/08\/2023-4-25-le-Lot-est-ferme.jpeg 1024w\" sizes=\"auto, (max-width: 300px) 100vw, 300px\" \/><\/a><\/p>\n<p>&nbsp; &nbsp; &nbsp; &nbsp; &nbsp;D\u00e9part de Buzet &nbsp; &nbsp; &nbsp; &nbsp; &nbsp; &nbsp; &nbsp; &nbsp; &nbsp; &nbsp; Le Lot ferm\u00e9 \u00e0 la navigation<\/p>\n<p style=\"text-align: justify;\">Nous quittons, apr\u00e8s une douche \u00e0 bord, le port de Buzet \u00e0 12h. Une double \u00e9cluse manoeuvr\u00e9e par un \u00e9clusier qui nous vend de d\u00e9licieuses fraises au passage nous conduit sur la belle rivi\u00e8re canalis\u00e9e de Ba\u00efse. L&rsquo;acc\u00e8s au Lot est actuellement ferm\u00e9. Un bateau d&rsquo;entretien de la Ba\u00efse est en pause d\u00e9jeuner lorsque nous passons.&nbsp;<\/p>\n<p><a href=\"https:\/\/ericante.fr\/?attachment_id=7097\"><img loading=\"lazy\" decoding=\"async\" class=\"alignnone size-medium wp-image-7097\" src=\"https:\/\/ericante.fr\/wp-content\/uploads\/2023\/08\/2023-4-25-La-Baise-sous-la-pluie-300x225.jpeg\" alt=\"\" width=\"300\" height=\"225\" srcset=\"https:\/\/ericante.fr\/wp-content\/uploads\/2023\/08\/2023-4-25-La-Baise-sous-la-pluie-300x225.jpeg 300w, https:\/\/ericante.fr\/wp-content\/uploads\/2023\/08\/2023-4-25-La-Baise-sous-la-pluie-768x576.jpeg 768w, https:\/\/ericante.fr\/wp-content\/uploads\/2023\/08\/2023-4-25-La-Baise-sous-la-pluie.jpeg 850w\" sizes=\"auto, (max-width: 300px) 100vw, 300px\" \/><\/a> <a href=\"https:\/\/ericante.fr\/?attachment_id=7100\"><img loading=\"lazy\" decoding=\"async\" class=\"alignnone size-medium wp-image-7100\" src=\"https:\/\/ericante.fr\/wp-content\/uploads\/2023\/08\/2023-4-25-Ici-les-ecluses-fonctionnent-avec-une-commande-sur-le-quai-300x225.jpeg\" alt=\"\" width=\"300\" height=\"225\" srcset=\"https:\/\/ericante.fr\/wp-content\/uploads\/2023\/08\/2023-4-25-Ici-les-ecluses-fonctionnent-avec-une-commande-sur-le-quai-300x225.jpeg 300w, https:\/\/ericante.fr\/wp-content\/uploads\/2023\/08\/2023-4-25-Ici-les-ecluses-fonctionnent-avec-une-commande-sur-le-quai-768x576.jpeg 768w, https:\/\/ericante.fr\/wp-content\/uploads\/2023\/08\/2023-4-25-Ici-les-ecluses-fonctionnent-avec-une-commande-sur-le-quai.jpeg 850w\" sizes=\"auto, (max-width: 300px) 100vw, 300px\" \/><\/a><\/p>\n<p>&nbsp; &nbsp; &nbsp; Pont de la Ba\u00efse sous la pluie &nbsp; &nbsp; &nbsp; &nbsp; &nbsp; &nbsp; Ecluse semi automatique<\/p>\n<p style=\"text-align: justify;\">La pluie nous accompagne. Les \u00e9cluses de cette rivi\u00e8re demandent agilit\u00e9 et prudence \u00e0 la copitaine. elle doit descendre sur un ponton parfois branlant ou le quai moussu et glissant pour actionner l&rsquo;ouverture. Mais quel bonheur de d\u00e9couvrir le village fortifi\u00e9e et accueillant de Vianne! La halte gratuite avec eau et \u00e9lectricit\u00e9 est limit\u00e9e \u00e0 48H<\/p>\n<p><a href=\"https:\/\/ericante.fr\/?attachment_id=7106\"><img loading=\"lazy\" decoding=\"async\" class=\"alignnone size-medium wp-image-7106\" src=\"https:\/\/ericante.fr\/wp-content\/uploads\/2023\/08\/2023-4-25-le-long-ponton-de-Vianne-300x225.jpeg\" alt=\"\" width=\"300\" height=\"225\" srcset=\"https:\/\/ericante.fr\/wp-content\/uploads\/2023\/08\/2023-4-25-le-long-ponton-de-Vianne-300x225.jpeg 300w, https:\/\/ericante.fr\/wp-content\/uploads\/2023\/08\/2023-4-25-le-long-ponton-de-Vianne-768x576.jpeg 768w, https:\/\/ericante.fr\/wp-content\/uploads\/2023\/08\/2023-4-25-le-long-ponton-de-Vianne.jpeg 850w\" sizes=\"auto, (max-width: 300px) 100vw, 300px\" \/><\/a><a href=\"https:\/\/ericante.fr\/?attachment_id=7098\"><img loading=\"lazy\" decoding=\"async\" class=\"alignnone size-medium wp-image-7098\" src=\"https:\/\/ericante.fr\/wp-content\/uploads\/2023\/08\/2023-4-25-entree-du-village-fortife-de-Vianne-300x225.jpeg\" alt=\"\" width=\"300\" height=\"225\" srcset=\"https:\/\/ericante.fr\/wp-content\/uploads\/2023\/08\/2023-4-25-entree-du-village-fortife-de-Vianne-300x225.jpeg 300w, https:\/\/ericante.fr\/wp-content\/uploads\/2023\/08\/2023-4-25-entree-du-village-fortife-de-Vianne-768x576.jpeg 768w, https:\/\/ericante.fr\/wp-content\/uploads\/2023\/08\/2023-4-25-entree-du-village-fortife-de-Vianne.jpeg 850w\" sizes=\"auto, (max-width: 300px) 100vw, 300px\" \/><\/a>&nbsp;<\/p>\n<p>&nbsp; &nbsp; Le long ponton de Vianne &nbsp; &nbsp; Entr\u00e9e du village fortifi\u00e9 de Vianne<\/p>\n<p>&nbsp;<\/p>\n<p>Mais quel bonheur de d\u00e9couvrir le village fortifi\u00e9e et accueillant de Vianne! La halte gratuite avec eau et \u00e9lectricit\u00e9 est limit\u00e9e \u00e0 48H<\/p>\n<p>i<a href=\"https:\/\/ericante.fr\/?attachment_id=7121\"><img loading=\"lazy\" decoding=\"async\" class=\"alignnone wp-image-7121\" src=\"https:\/\/ericante.fr\/wp-content\/uploads\/2023\/08\/2023-4-25-Ante-a-Vianne-225x300.jpeg\" alt=\"\" width=\"282\" height=\"376\" srcset=\"https:\/\/ericante.fr\/wp-content\/uploads\/2023\/08\/2023-4-25-Ante-a-Vianne-225x300.jpeg 225w, https:\/\/ericante.fr\/wp-content\/uploads\/2023\/08\/2023-4-25-Ante-a-Vianne.jpeg 638w\" sizes=\"auto, (max-width: 282px) 100vw, 282px\" \/><\/a>&nbsp; &nbsp; &nbsp;<a href=\"https:\/\/ericante.fr\/?attachment_id=7099\"><img loading=\"lazy\" decoding=\"async\" class=\"alignnone wp-image-7099\" src=\"https:\/\/ericante.fr\/wp-content\/uploads\/2023\/08\/2023-4-25-un-habitant-de-Vianne-225x300.jpeg\" alt=\"\" width=\"289\" height=\"385\" srcset=\"https:\/\/ericante.fr\/wp-content\/uploads\/2023\/08\/2023-4-25-un-habitant-de-Vianne-225x300.jpeg 225w, https:\/\/ericante.fr\/wp-content\/uploads\/2023\/08\/2023-4-25-un-habitant-de-Vianne.jpeg 638w\" sizes=\"auto, (max-width: 289px) 100vw, 289px\" \/><\/a>&nbsp;<\/p>\n<p>&nbsp; &nbsp;Ant\u00e9 sur la place centrale de Vianne &nbsp; &nbsp; &nbsp; &nbsp; &nbsp; &nbsp; &nbsp; &nbsp; &nbsp; &nbsp; &nbsp; &nbsp; &nbsp; Habitant de Vianne<\/p>\n<p><a href=\"https:\/\/ericante.fr\/?attachment_id=7119\"><img loading=\"lazy\" decoding=\"async\" class=\" wp-image-7119 aligncenter\" src=\"https:\/\/ericante.fr\/wp-content\/uploads\/2023\/08\/2023-4-25-Vianne--300x225.jpeg\" alt=\"\" width=\"344\" height=\"258\" srcset=\"https:\/\/ericante.fr\/wp-content\/uploads\/2023\/08\/2023-4-25-Vianne--300x225.jpeg 300w, https:\/\/ericante.fr\/wp-content\/uploads\/2023\/08\/2023-4-25-Vianne--768x576.jpeg 768w, https:\/\/ericante.fr\/wp-content\/uploads\/2023\/08\/2023-4-25-Vianne-.jpeg 850w\" sizes=\"auto, (max-width: 344px) 100vw, 344px\" \/><\/a><\/p>\n<p style=\"text-align: center;\">Eric devant une maison viannaise &nbsp; &nbsp; &nbsp; &nbsp;<\/p>\n","protected":false},"excerpt":{"rendered":"<p>&nbsp; &nbsp; &nbsp; &nbsp; &nbsp; &nbsp;D\u00e9part de Buzet &nbsp; &nbsp; &nbsp; &nbsp; &nbsp; &nbsp; &nbsp; &nbsp; &nbsp; &nbsp; Le Lot ferm\u00e9 \u00e0 la navigation Nous quittons, apr\u00e8s une douche \u00e0 bord, le port de Buzet \u00e0 12h. Une double \u00e9cluse &hellip; <a href=\"https:\/\/ericante.fr\/?p=6975\">Continuer la lecture <span class=\"meta-nav\">&rarr;<\/span><\/a><\/p>\n","protected":false},"author":1,"featured_media":0,"comment_status":"open","ping_status":"open","sticky":false,"template":"","format":"standard","meta":{"_monsterinsights_skip_tracking":false,"_monsterinsights_sitenote_active":false,"_monsterinsights_sitenote_note":"","_monsterinsights_sitenote_category":0,"_uf_show_specific_survey":0,"_uf_disable_surveys":false,"footnotes":""},"categories":[12],"tags":[588,589],"class_list":["post-6975","post","type-post","status-publish","format-standard","hentry","category-france","tag-buzet","tag-vianne"],"_links":{"self":[{"href":"https:\/\/ericante.fr\/index.php?rest_route=\/wp\/v2\/posts\/6975","targetHints":{"allow":["GET"]}}],"collection":[{"href":"https:\/\/ericante.fr\/index.php?rest_route=\/wp\/v2\/posts"}],"about":[{"href":"https:\/\/ericante.fr\/index.php?rest_route=\/wp\/v2\/types\/post"}],"author":[{"embeddable":true,"href":"https:\/\/ericante.fr\/index.php?rest_route=\/wp\/v2\/users\/1"}],"replies":[{"embeddable":true,"href":"https:\/\/ericante.fr\/index.php?rest_route=%2Fwp%2Fv2%2Fcomments&post=6975"}],"version-history":[{"count":6,"href":"https:\/\/ericante.fr\/index.php?rest_route=\/wp\/v2\/posts\/6975\/revisions"}],"predecessor-version":[{"id":7135,"href":"https:\/\/ericante.fr\/index.php?rest_route=\/wp\/v2\/posts\/6975\/revisions\/7135"}],"wp:attachment":[{"href":"https:\/\/ericante.fr\/index.php?rest_route=%2Fwp%2Fv2%2Fmedia&parent=6975"}],"wp:term":[{"taxonomy":"category","embeddable":true,"href":"https:\/\/ericante.fr\/index.php?rest_route=%2Fwp%2Fv2%2Fcategories&post=6975"},{"taxonomy":"post_tag","embeddable":true,"href":"https:\/\/ericante.fr\/index.php?rest_route=%2Fwp%2Fv2%2Ftags&post=6975"}],"curies":[{"name":"wp","href":"https:\/\/api.w.org\/{rel}","templated":true}]}}