{"id":5547,"date":"2018-05-04T17:44:32","date_gmt":"2018-05-04T16:44:32","guid":{"rendered":"http:\/\/ericante.fr\/?p=5547"},"modified":"2018-05-04T22:09:42","modified_gmt":"2018-05-04T21:09:42","slug":"barbate-du-lundi-23-au-mardi-24-avril-2018","status":"publish","type":"post","link":"https:\/\/ericante.fr\/?p=5547","title":{"rendered":"Barbate du lundi 23 au mardi 24 avril 2018"},"content":{"rendered":"<p style=\"text-align: justify;\">Ce matin le vent d&rsquo;ouest s&rsquo;est calm\u00e9 et une petite brise vient du sud. Le vent du sud s&rsquo;accompagne d&rsquo;une brume jaun\u00e2tre et \u00e0 son lever le soleil est terne.<\/p>\n<p>&nbsp; &nbsp;<a href=\"https:\/\/ericante.fr\/?attachment_id=5560\"><img loading=\"lazy\" decoding=\"async\" class=\"alignnone size-medium wp-image-5560\" src=\"https:\/\/ericante.fr\/wp-content\/uploads\/2018\/05\/1-Estepona-300x225.jpg\" alt=\"\" width=\"300\" height=\"225\" srcset=\"https:\/\/ericante.fr\/wp-content\/uploads\/2018\/05\/1-Estepona-300x225.jpg 300w, https:\/\/ericante.fr\/wp-content\/uploads\/2018\/05\/1-Estepona-768x576.jpg 768w, https:\/\/ericante.fr\/wp-content\/uploads\/2018\/05\/1-Estepona.jpg 1000w\" sizes=\"auto, (max-width: 300px) 100vw, 300px\" \/><\/a>&nbsp;<a href=\"https:\/\/ericante.fr\/?attachment_id=5559\"><img loading=\"lazy\" decoding=\"async\" class=\"alignnone size-medium wp-image-5559\" src=\"https:\/\/ericante.fr\/wp-content\/uploads\/2018\/05\/2-Estepona-300x225.jpg\" alt=\"\" width=\"300\" height=\"225\" srcset=\"https:\/\/ericante.fr\/wp-content\/uploads\/2018\/05\/2-Estepona-300x225.jpg 300w, https:\/\/ericante.fr\/wp-content\/uploads\/2018\/05\/2-Estepona-768x576.jpg 768w, https:\/\/ericante.fr\/wp-content\/uploads\/2018\/05\/2-Estepona.jpg 1000w\" sizes=\"auto, (max-width: 300px) 100vw, 300px\" \/><\/a><\/p>\n<p style=\"text-align: justify;\">La visibilit\u00e9 est faible et il faudra attendre plusieurs heures avant de revoir le rocher de Gibraltar toujours coiff\u00e9 de son nuage blanc.<\/p>\n<p><a href=\"https:\/\/ericante.fr\/?attachment_id=5558\"><img loading=\"lazy\" decoding=\"async\" class=\"size-medium wp-image-5558 aligncenter\" src=\"https:\/\/ericante.fr\/wp-content\/uploads\/2018\/05\/3-Gibraltar-300x225.jpg\" alt=\"\" width=\"300\" height=\"225\" srcset=\"https:\/\/ericante.fr\/wp-content\/uploads\/2018\/05\/3-Gibraltar-300x225.jpg 300w, https:\/\/ericante.fr\/wp-content\/uploads\/2018\/05\/3-Gibraltar-768x576.jpg 768w, https:\/\/ericante.fr\/wp-content\/uploads\/2018\/05\/3-Gibraltar.jpg 1000w\" sizes=\"auto, (max-width: 300px) 100vw, 300px\" \/><\/a><\/p>\n<p style=\"text-align: justify;\">Une fois doubl\u00e9e la Punta Europa, au sud du rocher, le vent s&rsquo;oriente \u00e0 l&rsquo;Est. Le temps est beau, la mer agit\u00e9e et le trafic des cargos intense.<\/p>\n<p><a href=\"https:\/\/ericante.fr\/?attachment_id=5557\"><img loading=\"lazy\" decoding=\"async\" class=\"alignnone size-medium wp-image-5557\" src=\"https:\/\/ericante.fr\/wp-content\/uploads\/2018\/05\/4-punta-Europa-300x179.jpg\" alt=\"\" width=\"300\" height=\"179\" srcset=\"https:\/\/ericante.fr\/wp-content\/uploads\/2018\/05\/4-punta-Europa-300x179.jpg 300w, https:\/\/ericante.fr\/wp-content\/uploads\/2018\/05\/4-punta-Europa-768x458.jpg 768w, https:\/\/ericante.fr\/wp-content\/uploads\/2018\/05\/4-punta-Europa.jpg 1000w\" sizes=\"auto, (max-width: 300px) 100vw, 300px\" \/><\/a>&nbsp;<a href=\"https:\/\/ericante.fr\/?attachment_id=5556\"><img loading=\"lazy\" decoding=\"async\" class=\"alignnone wp-image-5556\" src=\"https:\/\/ericante.fr\/wp-content\/uploads\/2018\/05\/5-punta-Europa-300x168.jpg\" alt=\"\" width=\"320\" height=\"179\" srcset=\"https:\/\/ericante.fr\/wp-content\/uploads\/2018\/05\/5-punta-Europa-300x168.jpg 300w, https:\/\/ericante.fr\/wp-content\/uploads\/2018\/05\/5-punta-Europa-768x429.jpg 768w, https:\/\/ericante.fr\/wp-content\/uploads\/2018\/05\/5-punta-Europa.jpg 1000w\" sizes=\"auto, (max-width: 320px) 100vw, 320px\" \/><\/a><\/p>\n<p>&nbsp;&nbsp;<a href=\"https:\/\/ericante.fr\/?attachment_id=5553\"><img loading=\"lazy\" decoding=\"async\" class=\"alignnone size-medium wp-image-5553\" src=\"https:\/\/ericante.fr\/wp-content\/uploads\/2018\/05\/7-Gibraltar-300x225.jpg\" alt=\"\" width=\"300\" height=\"225\" srcset=\"https:\/\/ericante.fr\/wp-content\/uploads\/2018\/05\/7-Gibraltar-300x225.jpg 300w, https:\/\/ericante.fr\/wp-content\/uploads\/2018\/05\/7-Gibraltar-768x576.jpg 768w, https:\/\/ericante.fr\/wp-content\/uploads\/2018\/05\/7-Gibraltar.jpg 1000w\" sizes=\"auto, (max-width: 300px) 100vw, 300px\" \/><\/a>&nbsp;<a href=\"https:\/\/ericante.fr\/?attachment_id=5555\"><img loading=\"lazy\" decoding=\"async\" class=\"alignnone size-medium wp-image-5555\" src=\"https:\/\/ericante.fr\/wp-content\/uploads\/2018\/05\/6-Gibraltar-300x225.jpg\" alt=\"\" width=\"300\" height=\"225\" srcset=\"https:\/\/ericante.fr\/wp-content\/uploads\/2018\/05\/6-Gibraltar-300x225.jpg 300w, https:\/\/ericante.fr\/wp-content\/uploads\/2018\/05\/6-Gibraltar-768x576.jpg 768w, https:\/\/ericante.fr\/wp-content\/uploads\/2018\/05\/6-Gibraltar.jpg 1000w\" sizes=\"auto, (max-width: 300px) 100vw, 300px\" \/><\/a><\/p>\n<p style=\"text-align: justify;\">Nous naviguons avec GV \u00e0 deux ris et moteur jusqu&rsquo;\u00e0 Tarifa, le point le plus sud de l&rsquo;Espagne, que nous passons \u00e0 15 heures sur une mer devenue tr\u00e8s agit\u00e9e. Ici commence la remont\u00e9e vers le nord. Le vent est toujours d&rsquo;Est de 22\/24 n\u0153uds avec de rafales \u00e0 plus de 30. Nous avan\u00e7ons vite sous g\u00e9nois seul et la mer d&rsquo;arri\u00e8re demande beaucoup de travail \u00e0 L\u00e9on, notre pilote automatique.<\/p>\n<p><a href=\"https:\/\/ericante.fr\/?attachment_id=5552\"><img loading=\"lazy\" decoding=\"async\" class=\"alignnone wp-image-5552\" src=\"https:\/\/ericante.fr\/wp-content\/uploads\/2018\/05\/9-tarifa-300x225.jpg\" alt=\"\" width=\"289\" height=\"218\"><\/a>&nbsp;<a href=\"https:\/\/ericante.fr\/?attachment_id=5554\"><img loading=\"lazy\" decoding=\"async\" class=\"alignnone wp-image-5554\" src=\"https:\/\/ericante.fr\/wp-content\/uploads\/2018\/05\/8-Tarifa-300x195.jpg\" alt=\"\" width=\"332\" height=\"216\" srcset=\"https:\/\/ericante.fr\/wp-content\/uploads\/2018\/05\/8-Tarifa-300x195.jpg 300w, https:\/\/ericante.fr\/wp-content\/uploads\/2018\/05\/8-Tarifa-768x500.jpg 768w, https:\/\/ericante.fr\/wp-content\/uploads\/2018\/05\/8-Tarifa.jpg 1000w\" sizes=\"auto, (max-width: 332px) 100vw, 332px\" \/><\/a><\/p>\n<p style=\"text-align: justify;\">Le vent s&rsquo;att\u00e9nue en fin d&rsquo;apr\u00e8s midi pour \u00eatre presque nul en entrant dans la marina de Barbate. Une premi\u00e8re photo de l&rsquo;Ericante est prise par un bateau de p\u00eacheurs professionnels qui entre en m\u00eame temps que nous dans le port. Bien qu&rsquo;il soit 19h 30 nous sommes bien accueillis par un pontonnier qui nous aide \u00e0 nous amarrer o\u00f9 nous voulons.&nbsp;<\/p>\n<p><a href=\"https:\/\/ericante.fr\/?attachment_id=5551\"><img loading=\"lazy\" decoding=\"async\" class=\"size-medium wp-image-5551 aligncenter\" src=\"https:\/\/ericante.fr\/wp-content\/uploads\/2018\/05\/10-Barbate-300x225.jpg\" alt=\"\" width=\"300\" height=\"225\" srcset=\"https:\/\/ericante.fr\/wp-content\/uploads\/2018\/05\/10-Barbate-300x225.jpg 300w, https:\/\/ericante.fr\/wp-content\/uploads\/2018\/05\/10-Barbate-768x576.jpg 768w, https:\/\/ericante.fr\/wp-content\/uploads\/2018\/05\/10-Barbate.jpg 1000w\" sizes=\"auto, (max-width: 300px) 100vw, 300px\" \/><\/a><\/p>\n<p style=\"text-align: justify;\">La marina de Barbate est une petite marina tr\u00e8s propre, presque vide et il n&rsquo;y a pratiquement rien autour, m\u00eame pas un bistrot&nbsp;! Mais beaucoup de marcheurs sportifs.<\/p>\n","protected":false},"excerpt":{"rendered":"<p>Ce matin le vent d&rsquo;ouest s&rsquo;est calm\u00e9 et une petite brise vient du sud. Le vent du sud s&rsquo;accompagne d&rsquo;une brume jaun\u00e2tre et \u00e0 son lever le soleil est terne. &nbsp; &nbsp;&nbsp; La visibilit\u00e9 est faible et il faudra attendre &hellip; <a href=\"https:\/\/ericante.fr\/?p=5547\">Continuer la lecture <span class=\"meta-nav\">&rarr;<\/span><\/a><\/p>\n","protected":false},"author":1,"featured_media":0,"comment_status":"open","ping_status":"open","sticky":false,"template":"","format":"standard","meta":{"_monsterinsights_skip_tracking":false,"_monsterinsights_sitenote_active":false,"_monsterinsights_sitenote_note":"","_monsterinsights_sitenote_category":0,"_uf_show_specific_survey":0,"_uf_disable_surveys":false,"footnotes":""},"categories":[105],"tags":[526,149],"class_list":["post-5547","post","type-post","status-publish","format-standard","hentry","category-espagne","tag-barbate","tag-gibraltar"],"_links":{"self":[{"href":"https:\/\/ericante.fr\/index.php?rest_route=\/wp\/v2\/posts\/5547","targetHints":{"allow":["GET"]}}],"collection":[{"href":"https:\/\/ericante.fr\/index.php?rest_route=\/wp\/v2\/posts"}],"about":[{"href":"https:\/\/ericante.fr\/index.php?rest_route=\/wp\/v2\/types\/post"}],"author":[{"embeddable":true,"href":"https:\/\/ericante.fr\/index.php?rest_route=\/wp\/v2\/users\/1"}],"replies":[{"embeddable":true,"href":"https:\/\/ericante.fr\/index.php?rest_route=%2Fwp%2Fv2%2Fcomments&post=5547"}],"version-history":[{"count":4,"href":"https:\/\/ericante.fr\/index.php?rest_route=\/wp\/v2\/posts\/5547\/revisions"}],"predecessor-version":[{"id":5566,"href":"https:\/\/ericante.fr\/index.php?rest_route=\/wp\/v2\/posts\/5547\/revisions\/5566"}],"wp:attachment":[{"href":"https:\/\/ericante.fr\/index.php?rest_route=%2Fwp%2Fv2%2Fmedia&parent=5547"}],"wp:term":[{"taxonomy":"category","embeddable":true,"href":"https:\/\/ericante.fr\/index.php?rest_route=%2Fwp%2Fv2%2Fcategories&post=5547"},{"taxonomy":"post_tag","embeddable":true,"href":"https:\/\/ericante.fr\/index.php?rest_route=%2Fwp%2Fv2%2Ftags&post=5547"}],"curies":[{"name":"wp","href":"https:\/\/api.w.org\/{rel}","templated":true}]}}