{"id":5154,"date":"2017-10-18T15:08:51","date_gmt":"2017-10-18T14:08:51","guid":{"rendered":"http:\/\/ericante.fr\/?p=5154"},"modified":"2017-10-18T16:58:28","modified_gmt":"2017-10-18T15:58:28","slug":"llafranc-du-samedi-30-septembre-au-lundi-2-octobre-2017","status":"publish","type":"post","link":"https:\/\/ericante.fr\/?p=5154","title":{"rendered":"Llafranc, du samedi 30 septembre au lundi 2 octobre 2017"},"content":{"rendered":"<p style=\"text-align: justify;\"><a href=\"https:\/\/ericante.fr\/?attachment_id=5161\"><img loading=\"lazy\" decoding=\"async\" class=\" wp-image-5161 alignleft\" src=\"https:\/\/ericante.fr\/wp-content\/uploads\/2017\/10\/Llafranc-1-225x300.jpg\" alt=\"\" width=\"98\" height=\"131\" srcset=\"https:\/\/ericante.fr\/wp-content\/uploads\/2017\/10\/Llafranc-1-225x300.jpg 225w, https:\/\/ericante.fr\/wp-content\/uploads\/2017\/10\/Llafranc-1.jpg 750w\" sizes=\"auto, (max-width: 98px) 100vw, 98px\" \/><\/a>Le temps est gris il y a peu de vent, nous mettons le cap sur une des <span style=\"font-family: 'Times New Roman', serif;\">\u00ab\u00a0<\/span>cala<span style=\"font-family: 'Times New Roman', serif;\">\u00a0\u00bb <\/span>du cap n\u00e8gre. A 16h une violente pluie se met \u00e0 tomber sans vent. Nous constatons que la nouvelle capote fuit abondamment au niveau d&rsquo;une des fermetures \u00e9clairs.<\/p>\n<p>&nbsp;<\/p>\n<p style=\"text-align: justify;\">A 18h 30, il ne pleut plus et nous mouillons dans la cala Tamarasu. Mais cette cala est \u00e9troite, il y a d\u00e9j\u00e0 des bateaux sur corps morts et nous n&rsquo;avons pas un rayon d&rsquo;\u00e9vitage suffisant. Nous reprenons la route jusqu&rsquo;\u00e0 la cala Llafranc devant le port du m\u00eame nom. Mouillage, juste avant la nuit,&nbsp; par 6 m sur fond de sable et beaucoup de place autour de nous. Beaucoup de bou\u00e9es d&rsquo;amarrage pour de petits bateaux , mais peu de bateaux, on sent que la saison est termin\u00e9e.<\/p>\n<p><a href=\"https:\/\/ericante.fr\/?attachment_id=5160\"><img loading=\"lazy\" decoding=\"async\" class=\"alignnone wp-image-5160\" src=\"https:\/\/ericante.fr\/wp-content\/uploads\/2017\/10\/Llafranc-2-300x127.jpg\" alt=\"\" width=\"403\" height=\"170\" srcset=\"https:\/\/ericante.fr\/wp-content\/uploads\/2017\/10\/Llafranc-2-300x127.jpg 300w, https:\/\/ericante.fr\/wp-content\/uploads\/2017\/10\/Llafranc-2-768x326.jpg 768w, https:\/\/ericante.fr\/wp-content\/uploads\/2017\/10\/Llafranc-2.jpg 1000w\" sizes=\"auto, (max-width: 403px) 100vw, 403px\" \/><\/a>&nbsp;<a href=\"https:\/\/ericante.fr\/?attachment_id=5159\"><img loading=\"lazy\" decoding=\"async\" class=\"alignnone wp-image-5159\" src=\"https:\/\/ericante.fr\/wp-content\/uploads\/2017\/10\/Llafranc-3-300x225.jpg\" alt=\"\" width=\"227\" height=\"171\" srcset=\"https:\/\/ericante.fr\/wp-content\/uploads\/2017\/10\/Llafranc-3-300x225.jpg 300w, https:\/\/ericante.fr\/wp-content\/uploads\/2017\/10\/Llafranc-3-768x576.jpg 768w, https:\/\/ericante.fr\/wp-content\/uploads\/2017\/10\/Llafranc-3.jpg 1000w\" sizes=\"auto, (max-width: 227px) 100vw, 227px\" \/><\/a><\/p>\n<p style=\"text-align: justify;\">Le lendemain nous d\u00e9barquons sur la plage. Le village n&rsquo;est pas bien grand et le port r\u00e9serv\u00e9 \u00e0 de petites embarcations est tr\u00e8s propre. Il y a un sentier c\u00f4tier bien am\u00e9nag\u00e9 qui conduit jusqu&rsquo;\u00e0 la plage suivante et m\u00eame au del\u00e0.&nbsp;<\/p>\n<p style=\"text-align: justify;\"><a href=\"https:\/\/ericante.fr\/?attachment_id=5158\"><img loading=\"lazy\" decoding=\"async\" class=\"alignnone size-medium wp-image-5158\" src=\"https:\/\/ericante.fr\/wp-content\/uploads\/2017\/10\/Llafranc-5-300x225.jpg\" alt=\"\" width=\"300\" height=\"225\" srcset=\"https:\/\/ericante.fr\/wp-content\/uploads\/2017\/10\/Llafranc-5-300x225.jpg 300w, https:\/\/ericante.fr\/wp-content\/uploads\/2017\/10\/Llafranc-5-768x576.jpg 768w, https:\/\/ericante.fr\/wp-content\/uploads\/2017\/10\/Llafranc-5.jpg 1000w\" sizes=\"auto, (max-width: 300px) 100vw, 300px\" \/><\/a>&nbsp;<a href=\"https:\/\/ericante.fr\/?attachment_id=5157\"><img loading=\"lazy\" decoding=\"async\" class=\"alignnone size-medium wp-image-5157\" src=\"https:\/\/ericante.fr\/wp-content\/uploads\/2017\/10\/Llafranc-4-300x225.jpg\" alt=\"\" width=\"300\" height=\"225\" srcset=\"https:\/\/ericante.fr\/wp-content\/uploads\/2017\/10\/Llafranc-4-300x225.jpg 300w, https:\/\/ericante.fr\/wp-content\/uploads\/2017\/10\/Llafranc-4-768x576.jpg 768w, https:\/\/ericante.fr\/wp-content\/uploads\/2017\/10\/Llafranc-4.jpg 1000w\" sizes=\"auto, (max-width: 300px) 100vw, 300px\" \/><\/a>Aujourd&rsquo;hui a lieu un r\u00e9f\u00e9rendum sur l&rsquo;ind\u00e9pendance de la catalogne, ce r\u00e9f\u00e9rendum a \u00e9t\u00e9 interdit par le gouvernement espagnol. Il y a beaucoup de drapeaux catalans aux balcons et d&rsquo;affiche pr\u00f4nant le\u00a0\u00bbsi\u00a0\u00bb<\/p>\n<p><img loading=\"lazy\" decoding=\"async\" class=\"size-medium wp-image-5167 aligncenter\" src=\"https:\/\/ericante.fr\/wp-content\/uploads\/2017\/10\/Llafranc-7-300x251.jpg\" alt=\"\" width=\"300\" height=\"251\" srcset=\"https:\/\/ericante.fr\/wp-content\/uploads\/2017\/10\/Llafranc-7-300x251.jpg 300w, https:\/\/ericante.fr\/wp-content\/uploads\/2017\/10\/Llafranc-7-768x643.jpg 768w, https:\/\/ericante.fr\/wp-content\/uploads\/2017\/10\/Llafranc-7.jpg 1000w\" sizes=\"auto, (max-width: 300px) 100vw, 300px\" \/><\/p>\n","protected":false},"excerpt":{"rendered":"<p>Le temps est gris il y a peu de vent, nous mettons le cap sur une des \u00ab\u00a0cala\u00a0\u00bb du cap n\u00e8gre. A 16h une violente pluie se met \u00e0 tomber sans vent. Nous constatons que la nouvelle capote fuit abondamment &hellip; <a href=\"https:\/\/ericante.fr\/?p=5154\">Continuer la lecture <span class=\"meta-nav\">&rarr;<\/span><\/a><\/p>\n","protected":false},"author":1,"featured_media":0,"comment_status":"open","ping_status":"open","sticky":false,"template":"","format":"standard","meta":{"_monsterinsights_skip_tracking":false,"_monsterinsights_sitenote_active":false,"_monsterinsights_sitenote_note":"","_monsterinsights_sitenote_category":0,"_uf_show_specific_survey":0,"_uf_disable_surveys":false,"footnotes":""},"categories":[105],"tags":[503],"class_list":["post-5154","post","type-post","status-publish","format-standard","hentry","category-espagne","tag-llafranc"],"_links":{"self":[{"href":"https:\/\/ericante.fr\/index.php?rest_route=\/wp\/v2\/posts\/5154","targetHints":{"allow":["GET"]}}],"collection":[{"href":"https:\/\/ericante.fr\/index.php?rest_route=\/wp\/v2\/posts"}],"about":[{"href":"https:\/\/ericante.fr\/index.php?rest_route=\/wp\/v2\/types\/post"}],"author":[{"embeddable":true,"href":"https:\/\/ericante.fr\/index.php?rest_route=\/wp\/v2\/users\/1"}],"replies":[{"embeddable":true,"href":"https:\/\/ericante.fr\/index.php?rest_route=%2Fwp%2Fv2%2Fcomments&post=5154"}],"version-history":[{"count":5,"href":"https:\/\/ericante.fr\/index.php?rest_route=\/wp\/v2\/posts\/5154\/revisions"}],"predecessor-version":[{"id":5168,"href":"https:\/\/ericante.fr\/index.php?rest_route=\/wp\/v2\/posts\/5154\/revisions\/5168"}],"wp:attachment":[{"href":"https:\/\/ericante.fr\/index.php?rest_route=%2Fwp%2Fv2%2Fmedia&parent=5154"}],"wp:term":[{"taxonomy":"category","embeddable":true,"href":"https:\/\/ericante.fr\/index.php?rest_route=%2Fwp%2Fv2%2Fcategories&post=5154"},{"taxonomy":"post_tag","embeddable":true,"href":"https:\/\/ericante.fr\/index.php?rest_route=%2Fwp%2Fv2%2Ftags&post=5154"}],"curies":[{"name":"wp","href":"https:\/\/api.w.org\/{rel}","templated":true}]}}