{"id":4883,"date":"2017-08-21T11:01:02","date_gmt":"2017-08-21T10:01:02","guid":{"rendered":"http:\/\/ericante.fr\/?p=4883"},"modified":"2017-09-04T05:06:59","modified_gmt":"2017-09-04T04:06:59","slug":"villefranche-sur-mer-du-mardi-22-au-vendredi-26-mai-2017","status":"publish","type":"post","link":"https:\/\/ericante.fr\/?p=4883","title":{"rendered":"Villefranche sur Mer, du mardi 22 au vendredi 26 mai 2017"},"content":{"rendered":"<p style=\"text-align: justify;\"><a href=\"https:\/\/ericante.fr\/?attachment_id=4978\"><img loading=\"lazy\" decoding=\"async\" class=\"size-medium wp-image-4978 aligncenter\" src=\"https:\/\/ericante.fr\/wp-content\/uploads\/2017\/08\/Villefranche-1-300x225.jpg\" alt=\"\" width=\"300\" height=\"225\" srcset=\"https:\/\/ericante.fr\/wp-content\/uploads\/2017\/08\/Villefranche-1-300x225.jpg 300w, https:\/\/ericante.fr\/wp-content\/uploads\/2017\/08\/Villefranche-1-768x576.jpg 768w, https:\/\/ericante.fr\/wp-content\/uploads\/2017\/08\/Villefranche-1.jpg 1000w\" sizes=\"auto, (max-width: 300px) 100vw, 300px\" \/><\/a>Cap sur la France. Nous partons de bon heure pour rejoindre le territoire national. A 7h la temp\u00e9rature ext\u00e9rieure est de 20\u00b0, un petit vent de nord nous permet d&rsquo;avancer \u00e0 3 n\u0153uds \u00e0 la voile. Au cours de la matin\u00e9e, le vent diminue et c&rsquo;est \u00e0 2 n\u0153uds que nous passons devant San Remo. Il y a dans la baie plusieurs grands bateaux dont le voilier Sea Cloud II que nous avions d\u00e9j\u00e0 vu \u00e0 Monopoli en Adriatique.<\/p>\n<p><a href=\"https:\/\/ericante.fr\/?attachment_id=4977\"><img loading=\"lazy\" decoding=\"async\" class=\"size-medium wp-image-4977 aligncenter\" src=\"https:\/\/ericante.fr\/wp-content\/uploads\/2017\/08\/Viilefranche-2-300x179.jpg\" alt=\"\" width=\"300\" height=\"179\" srcset=\"https:\/\/ericante.fr\/wp-content\/uploads\/2017\/08\/Viilefranche-2-300x179.jpg 300w, https:\/\/ericante.fr\/wp-content\/uploads\/2017\/08\/Viilefranche-2-768x457.jpg 768w, https:\/\/ericante.fr\/wp-content\/uploads\/2017\/08\/Viilefranche-2.jpg 1000w\" sizes=\"auto, (max-width: 300px) 100vw, 300px\" \/><\/a><\/p>\n<p style=\"text-align: justify;\">Les gardes c\u00f4tes de San Remo nous interpellent \u00e0 la VHF. Sur la carte nous ne sommes pas en zone interdite, par contre il est not\u00e9 <span style=\"font-family: 'Times New Roman', serif;\">\u00ab\u00a0<\/span><span style=\"font-family: 'Times New Roman', serif;\">crawling forbidden<\/span><span style=\"font-family: 'Times New Roman', serif;\">\u00ab\u00a0. Dictionnaire: crawling signifie ramper&nbsp;? Nous croyons comprendre que nous n&rsquo;allons pas assez vite et les gardes c\u00f4tes pensent que nous trainons volontairement. Le vent \u00e9tant compl\u00e8tement tomb\u00e9, nous mettons un petit coup de moteur pour passer la fronti\u00e8re.<\/span><\/p>\n<p><a href=\"https:\/\/ericante.fr\/?attachment_id=4976\"><img loading=\"lazy\" decoding=\"async\" class=\"alignnone wp-image-4976\" src=\"https:\/\/ericante.fr\/wp-content\/uploads\/2017\/08\/Villefranche-3--300x225.jpg\" alt=\"\" width=\"289\" height=\"218\" srcset=\"https:\/\/ericante.fr\/wp-content\/uploads\/2017\/08\/Villefranche-3--300x225.jpg 300w, https:\/\/ericante.fr\/wp-content\/uploads\/2017\/08\/Villefranche-3--768x576.jpg 768w, https:\/\/ericante.fr\/wp-content\/uploads\/2017\/08\/Villefranche-3-.jpg 1000w\" sizes=\"auto, (max-width: 289px) 100vw, 289px\" \/><\/a>&nbsp;&nbsp;<a href=\"https:\/\/ericante.fr\/?attachment_id=4975\"><img loading=\"lazy\" decoding=\"async\" class=\"alignnone wp-image-4975\" src=\"https:\/\/ericante.fr\/wp-content\/uploads\/2017\/08\/Villefranche-4--300x199.jpg\" alt=\"\" width=\"329\" height=\"218\" srcset=\"https:\/\/ericante.fr\/wp-content\/uploads\/2017\/08\/Villefranche-4--300x199.jpg 300w, https:\/\/ericante.fr\/wp-content\/uploads\/2017\/08\/Villefranche-4--768x510.jpg 768w, https:\/\/ericante.fr\/wp-content\/uploads\/2017\/08\/Villefranche-4-.jpg 1000w\" sizes=\"auto, (max-width: 329px) 100vw, 329px\" \/><\/a><\/p>\n<p style=\"text-align: justify;\"><span style=\"font-family: 'Times New Roman', serif;\">Devant Menton, un vent d&rsquo;est l\u00e9ger se l\u00e8ve et c&rsquo;est sous gennaker que nous passons devant Monaco. Les poissons fran\u00e7ais ne sont pas plus attir\u00e9s par nos hame\u00e7ons que les poissons italiens, et nous relevons les lignes devant le cap Ferrat sans n&rsquo;avoir rien pris. A 15h, nous entrons dans la baie de Villefranche, elle est barr\u00e9e par un gros paquebot, qu&rsquo;il nous faut contourner pour atteindre la zone de mouillage.<\/span><\/p>\n<p>&nbsp; &nbsp;<a href=\"https:\/\/ericante.fr\/?attachment_id=4974\"><img loading=\"lazy\" decoding=\"async\" class=\"alignnone size-medium wp-image-4974\" src=\"https:\/\/ericante.fr\/wp-content\/uploads\/2017\/08\/Villefranche-5-300x225.jpg\" alt=\"\" width=\"300\" height=\"225\" srcset=\"https:\/\/ericante.fr\/wp-content\/uploads\/2017\/08\/Villefranche-5-300x225.jpg 300w, https:\/\/ericante.fr\/wp-content\/uploads\/2017\/08\/Villefranche-5-768x576.jpg 768w, https:\/\/ericante.fr\/wp-content\/uploads\/2017\/08\/Villefranche-5.jpg 1000w\" sizes=\"auto, (max-width: 300px) 100vw, 300px\" \/><\/a>&nbsp;&nbsp;<a href=\"https:\/\/ericante.fr\/?attachment_id=4973\"><img loading=\"lazy\" decoding=\"async\" class=\"alignnone size-medium wp-image-4973\" src=\"https:\/\/ericante.fr\/wp-content\/uploads\/2017\/08\/Villefranche-6-300x225.jpg\" alt=\"\" width=\"300\" height=\"225\" srcset=\"https:\/\/ericante.fr\/wp-content\/uploads\/2017\/08\/Villefranche-6-300x225.jpg 300w, https:\/\/ericante.fr\/wp-content\/uploads\/2017\/08\/Villefranche-6-768x576.jpg 768w, https:\/\/ericante.fr\/wp-content\/uploads\/2017\/08\/Villefranche-6.jpg 1024w\" sizes=\"auto, (max-width: 300px) 100vw, 300px\" \/><\/a><\/p>\n<p>Le mouillage est bien abrit\u00e9, l&rsquo;eau atteint presque les 20\u00b0 et il n&rsquo;y a pas de m\u00e9duse en vue<\/p>\n<p>&nbsp; &nbsp;<a href=\"https:\/\/ericante.fr\/?attachment_id=4971\"><img loading=\"lazy\" decoding=\"async\" class=\"alignnone wp-image-4971\" src=\"https:\/\/ericante.fr\/wp-content\/uploads\/2017\/08\/Villefranche-8-300x158.jpg\" alt=\"\" width=\"343\" height=\"181\" srcset=\"https:\/\/ericante.fr\/wp-content\/uploads\/2017\/08\/Villefranche-8-300x158.jpg 300w, https:\/\/ericante.fr\/wp-content\/uploads\/2017\/08\/Villefranche-8-768x405.jpg 768w, https:\/\/ericante.fr\/wp-content\/uploads\/2017\/08\/Villefranche-8.jpg 991w\" sizes=\"auto, (max-width: 343px) 100vw, 343px\" \/><\/a>&nbsp;<a href=\"https:\/\/ericante.fr\/?attachment_id=4972\"><img loading=\"lazy\" decoding=\"async\" class=\"alignnone wp-image-4972\" src=\"https:\/\/ericante.fr\/wp-content\/uploads\/2017\/08\/Villefranche-7-300x225.jpg\" alt=\"\" width=\"241\" height=\"180\" srcset=\"https:\/\/ericante.fr\/wp-content\/uploads\/2017\/08\/Villefranche-7-300x225.jpg 300w, https:\/\/ericante.fr\/wp-content\/uploads\/2017\/08\/Villefranche-7-768x576.jpg 768w, https:\/\/ericante.fr\/wp-content\/uploads\/2017\/08\/Villefranche-7.jpg 1000w\" sizes=\"auto, (max-width: 241px) 100vw, 241px\" \/><\/a><\/p>\n<p style=\"text-align: justify;\"><span style=\"font-family: 'Times New Roman', serif;\">Lors de cette premi\u00e8re escale en France continentale, nous avons trouv\u00e9 la France telle que nous l&rsquo;aimons. En cette fin de mois de mai, il fait beau, pas trop chaud, les commer\u00e7ants sont aimables sans \u00eatre obs\u00e9quieux. Les prix ne sont pas exorbitants.<\/span><\/p>\n<p>&nbsp;<a href=\"https:\/\/ericante.fr\/?attachment_id=4988\"><img loading=\"lazy\" decoding=\"async\" class=\"size-medium wp-image-4988 aligncenter\" src=\"https:\/\/ericante.fr\/wp-content\/uploads\/2017\/08\/Villefranche-23-300x227.jpg\" alt=\"\" width=\"300\" height=\"227\" srcset=\"https:\/\/ericante.fr\/wp-content\/uploads\/2017\/08\/Villefranche-23-300x227.jpg 300w, https:\/\/ericante.fr\/wp-content\/uploads\/2017\/08\/Villefranche-23-768x580.jpg 768w, https:\/\/ericante.fr\/wp-content\/uploads\/2017\/08\/Villefranche-23.jpg 850w\" sizes=\"auto, (max-width: 300px) 100vw, 300px\" \/><\/a><\/p>\n<p style=\"text-align: justify;\"><span style=\"font-family: 'Times New Roman', serif;\">Nous avons appr\u00e9ciez les glaces de ce glacier install\u00e9 dans une petite rue. Il nous a racont\u00e9 son parcours, il est install\u00e9 depuis 2 ans, les glaces sont fabriqu\u00e9es \u00e0 Annecy et l&rsquo;\u00e9t\u00e9 il va, de temps en temps, livrer des glaces sur de grosses vedettes mouill\u00e9es en rade. La ville est fleurie et nous sommes encore proche de l&rsquo;Italie.<\/span><\/p>\n<p><a href=\"https:\/\/ericante.fr\/?attachment_id=4984\"><img loading=\"lazy\" decoding=\"async\" class=\"alignnone wp-image-4984\" src=\"https:\/\/ericante.fr\/wp-content\/uploads\/2017\/08\/Villefranche-26-300x225.jpg\" alt=\"\" width=\"331\" height=\"248\" srcset=\"https:\/\/ericante.fr\/wp-content\/uploads\/2017\/08\/Villefranche-26-300x225.jpg 300w, https:\/\/ericante.fr\/wp-content\/uploads\/2017\/08\/Villefranche-26-768x576.jpg 768w, https:\/\/ericante.fr\/wp-content\/uploads\/2017\/08\/Villefranche-26.jpg 1000w\" sizes=\"auto, (max-width: 331px) 100vw, 331px\" \/><\/a>&nbsp;<a href=\"https:\/\/ericante.fr\/?attachment_id=4983\"><img loading=\"lazy\" decoding=\"async\" class=\"alignnone wp-image-4983\" src=\"https:\/\/ericante.fr\/wp-content\/uploads\/2017\/08\/Villefranche-28-300x251.jpg\" alt=\"\" width=\"293\" height=\"245\" srcset=\"https:\/\/ericante.fr\/wp-content\/uploads\/2017\/08\/Villefranche-28-300x251.jpg 300w, https:\/\/ericante.fr\/wp-content\/uploads\/2017\/08\/Villefranche-28-768x641.jpg 768w, https:\/\/ericante.fr\/wp-content\/uploads\/2017\/08\/Villefranche-28.jpg 1000w\" sizes=\"auto, (max-width: 293px) 100vw, 293px\" \/><\/a><\/p>\n<p style=\"text-align: justify;\"><span style=\"font-family: 'Times New Roman', serif;\">La rue obscure fait parti de ce qu&rsquo;il faut voir \u00e0 Villefranche. Le petit port accueille quelques voiliers et surtout des petits bateaux de p\u00eache.<\/span><\/p>\n<p><a href=\"https:\/\/ericante.fr\/?attachment_id=4986\"><img loading=\"lazy\" decoding=\"async\" class=\"alignnone size-medium wp-image-4986\" src=\"https:\/\/ericante.fr\/wp-content\/uploads\/2017\/08\/Villefranche-27-300x225.jpg\" alt=\"\" width=\"300\" height=\"225\" srcset=\"https:\/\/ericante.fr\/wp-content\/uploads\/2017\/08\/Villefranche-27-300x225.jpg 300w, https:\/\/ericante.fr\/wp-content\/uploads\/2017\/08\/Villefranche-27-768x576.jpg 768w, https:\/\/ericante.fr\/wp-content\/uploads\/2017\/08\/Villefranche-27.jpg 1000w\" sizes=\"auto, (max-width: 300px) 100vw, 300px\" \/><\/a>&nbsp;<a href=\"https:\/\/ericante.fr\/?attachment_id=4982\"><img loading=\"lazy\" decoding=\"async\" class=\"alignnone wp-image-4982\" src=\"https:\/\/ericante.fr\/wp-content\/uploads\/2017\/08\/Villefranche-29-300x215.jpg\" alt=\"\" width=\"316\" height=\"226\" srcset=\"https:\/\/ericante.fr\/wp-content\/uploads\/2017\/08\/Villefranche-29-300x215.jpg 300w, https:\/\/ericante.fr\/wp-content\/uploads\/2017\/08\/Villefranche-29-768x549.jpg 768w, https:\/\/ericante.fr\/wp-content\/uploads\/2017\/08\/Villefranche-29.jpg 1000w\" sizes=\"auto, (max-width: 316px) 100vw, 316px\" \/><\/a><\/p>\n<p style=\"text-align: justify;\"><span style=\"font-family: 'Times New Roman', serif;\">Donnant sur le port, la chapelle des p\u00eacheurs a \u00e9t\u00e9 enti\u00e8rement d\u00e9cor\u00e9e par Jean Cocteau.<\/span><\/p>\n<p>&nbsp; &nbsp; &nbsp; &nbsp; &nbsp;&nbsp;<a href=\"https:\/\/ericante.fr\/?attachment_id=4985\"><img loading=\"lazy\" decoding=\"async\" class=\"alignnone size-medium wp-image-4985\" src=\"https:\/\/ericante.fr\/wp-content\/uploads\/2017\/08\/Villefranche25-208x300.jpg\" alt=\"\" width=\"208\" height=\"300\" srcset=\"https:\/\/ericante.fr\/wp-content\/uploads\/2017\/08\/Villefranche25-208x300.jpg 208w, https:\/\/ericante.fr\/wp-content\/uploads\/2017\/08\/Villefranche25.jpg 709w\" sizes=\"auto, (max-width: 208px) 100vw, 208px\" \/><\/a>&nbsp;<a href=\"https:\/\/ericante.fr\/?attachment_id=4987\"><img loading=\"lazy\" decoding=\"async\" class=\"alignnone wp-image-4987\" src=\"https:\/\/ericante.fr\/wp-content\/uploads\/2017\/08\/Villefranche-24-300x262.jpg\" alt=\"\" width=\"344\" height=\"300\" srcset=\"https:\/\/ericante.fr\/wp-content\/uploads\/2017\/08\/Villefranche-24-300x262.jpg 300w, https:\/\/ericante.fr\/wp-content\/uploads\/2017\/08\/Villefranche-24-768x670.jpg 768w, https:\/\/ericante.fr\/wp-content\/uploads\/2017\/08\/Villefranche-24.jpg 1000w\" sizes=\"auto, (max-width: 344px) 100vw, 344px\" \/><\/a><\/p>\n<p style=\"text-align: justify;\"><span style=\"font-family: 'Times New Roman', serif;\">Au centre de la ville, la citadelle est occup\u00e9e par la mairie et 4 mus\u00e9es enti\u00e8rement gratuits. Les sculptures de Volti nous ont \u00e9mus. Cet artiste de Villefranche a, dans toutes ses \u0153uvres, conjugu\u00e9 la beaut\u00e9, la f\u00e9minit\u00e9 et les rondeurs, le th\u00e8me de la maternit\u00e9 y est omnipr\u00e9sent.<\/span><\/p>\n<p><a href=\"https:\/\/ericante.fr\/?attachment_id=4990\"><img loading=\"lazy\" decoding=\"async\" class=\"size-medium wp-image-4990 aligncenter\" src=\"https:\/\/ericante.fr\/wp-content\/uploads\/2017\/08\/Villefranche-21-300x276.jpg\" alt=\"\" width=\"300\" height=\"276\" srcset=\"https:\/\/ericante.fr\/wp-content\/uploads\/2017\/08\/Villefranche-21-300x276.jpg 300w, https:\/\/ericante.fr\/wp-content\/uploads\/2017\/08\/Villefranche-21-768x706.jpg 768w, https:\/\/ericante.fr\/wp-content\/uploads\/2017\/08\/Villefranche-21.jpg 1000w\" sizes=\"auto, (max-width: 300px) 100vw, 300px\" \/><\/a><\/p>\n<p><a href=\"https:\/\/ericante.fr\/?attachment_id=4989\"><img loading=\"lazy\" decoding=\"async\" class=\" wp-image-4989 aligncenter\" src=\"https:\/\/ericante.fr\/wp-content\/uploads\/2017\/08\/Villefranche-22-300x174.jpg\" alt=\"\" width=\"345\" height=\"200\" srcset=\"https:\/\/ericante.fr\/wp-content\/uploads\/2017\/08\/Villefranche-22-300x174.jpg 300w, https:\/\/ericante.fr\/wp-content\/uploads\/2017\/08\/Villefranche-22-768x445.jpg 768w, https:\/\/ericante.fr\/wp-content\/uploads\/2017\/08\/Villefranche-22.jpg 1000w\" sizes=\"auto, (max-width: 345px) 100vw, 345px\" \/><\/a><\/p>\n","protected":false},"excerpt":{"rendered":"<p>Cap sur la France. Nous partons de bon heure pour rejoindre le territoire national. A 7h la temp\u00e9rature ext\u00e9rieure est de 20\u00b0, un petit vent de nord nous permet d&rsquo;avancer \u00e0 3 n\u0153uds \u00e0 la voile. Au cours de la &hellip; <a href=\"https:\/\/ericante.fr\/?p=4883\">Continuer la lecture <span class=\"meta-nav\">&rarr;<\/span><\/a><\/p>\n","protected":false},"author":1,"featured_media":0,"comment_status":"open","ping_status":"closed","sticky":false,"template":"","format":"standard","meta":{"_monsterinsights_skip_tracking":false,"_uf_show_specific_survey":0,"_uf_disable_surveys":false,"footnotes":""},"categories":[12],"tags":[495,493,492,494,481],"class_list":["post-4883","post","type-post","status-publish","format-standard","hentry","category-france","tag-cap-ferrat","tag-menton","tag-monaco","tag-san-remo","tag-ville-franche-sur-mer"],"_links":{"self":[{"href":"https:\/\/ericante.fr\/index.php?rest_route=\/wp\/v2\/posts\/4883","targetHints":{"allow":["GET"]}}],"collection":[{"href":"https:\/\/ericante.fr\/index.php?rest_route=\/wp\/v2\/posts"}],"about":[{"href":"https:\/\/ericante.fr\/index.php?rest_route=\/wp\/v2\/types\/post"}],"author":[{"embeddable":true,"href":"https:\/\/ericante.fr\/index.php?rest_route=\/wp\/v2\/users\/1"}],"replies":[{"embeddable":true,"href":"https:\/\/ericante.fr\/index.php?rest_route=%2Fwp%2Fv2%2Fcomments&post=4883"}],"version-history":[{"count":5,"href":"https:\/\/ericante.fr\/index.php?rest_route=\/wp\/v2\/posts\/4883\/revisions"}],"predecessor-version":[{"id":5104,"href":"https:\/\/ericante.fr\/index.php?rest_route=\/wp\/v2\/posts\/4883\/revisions\/5104"}],"wp:attachment":[{"href":"https:\/\/ericante.fr\/index.php?rest_route=%2Fwp%2Fv2%2Fmedia&parent=4883"}],"wp:term":[{"taxonomy":"category","embeddable":true,"href":"https:\/\/ericante.fr\/index.php?rest_route=%2Fwp%2Fv2%2Fcategories&post=4883"},{"taxonomy":"post_tag","embeddable":true,"href":"https:\/\/ericante.fr\/index.php?rest_route=%2Fwp%2Fv2%2Ftags&post=4883"}],"curies":[{"name":"wp","href":"https:\/\/api.w.org\/{rel}","templated":true}]}}