{"id":4734,"date":"2017-05-20T20:29:34","date_gmt":"2017-05-20T19:29:34","guid":{"rendered":"http:\/\/ericante.fr\/?p=4734"},"modified":"2017-05-20T20:29:34","modified_gmt":"2017-05-20T19:29:34","slug":"macinaggio-corse-du-vendredi-5-au-lundi-8-mai-2017","status":"publish","type":"post","link":"https:\/\/ericante.fr\/?p=4734","title":{"rendered":"Macinaggio, Corse, du vendredi 5 au lundi 8 mai 2017"},"content":{"rendered":"<p style=\"text-align: justify;\">Le vendredi 5 mai, \u00e0 8 h, nous quittons l&rsquo;Italie et mettons le cap sur la France. Initialement nous avions pr\u00e9vu d&rsquo;aller \u00e0 Bastia, mais les deux ports de Bastia nous ont \u00e9t\u00e9 d\u00e9conseill\u00e9s par plusieurs plaisanciers. La consultation des avis sur internet confirme la mauvaise r\u00e9putation des ports de Bastia, par contre la marina de Macinaggio, \u00e0 l&rsquo;est du cap Corse, est tout \u00e0 fait convenable, ce sera donc notre destination.<\/p>\n<p style=\"text-align: justify;\">Apr\u00e8s un d\u00e9but de matin\u00e9e sans vent nous pouvons, \u00e0 partir de 11h, envoyer le gennaker et faire la plus grande partie de cette \u00e9tape de 40 miles \u00e0 la voile.<\/p>\n<p style=\"text-align: justify;\">Arriv\u00e9s \u00e0 17h nous avons une r\u00e9ponse imm\u00e9diate \u00e0 la VHF canal 9. La secr\u00e9taire nous indique une place le long d&rsquo;un quai. Contrairement \u00e0 l&rsquo;Italie ici il faut se d\u00e9brouiller seul et comme le vent vient du quai et qu&rsquo;il y a des bateaux, arri\u00e8re au quai, devant de derri\u00e8re la place libre, la man\u0153uvre n&rsquo;est pas simple.<\/p>\n<p style=\"text-align: justify;\"><a href=\"https:\/\/ericante.fr\/wp-content\/uploads\/2017\/05\/Corse-1.jpg\"><img loading=\"lazy\" decoding=\"async\" class=\" wp-image-4736 aligncenter\" src=\"https:\/\/ericante.fr\/wp-content\/uploads\/2017\/05\/Corse-1-300x196.jpg\" alt=\"\" width=\"334\" height=\"218\" srcset=\"https:\/\/ericante.fr\/wp-content\/uploads\/2017\/05\/Corse-1-300x196.jpg 300w, https:\/\/ericante.fr\/wp-content\/uploads\/2017\/05\/Corse-1-768x503.jpg 768w, https:\/\/ericante.fr\/wp-content\/uploads\/2017\/05\/Corse-1.jpg 1024w\" sizes=\"auto, (max-width: 334px) 100vw, 334px\" \/><\/a><\/p>\n<p style=\"text-align: justify;\">Ericante a retrouv\u00e9 la France qu&rsquo;il avait quitt\u00e9 en octobre 2013.<\/p>\n<p style=\"text-align: justify;\">La nuit le vent d&rsquo;est force 4 \u00e0 5 nous \u00e9loigne du quai. Le samedi matin je vais chercher des croissants chauds \u00e0 la boulangerie situ\u00e9e au bout du quai. Ensuite nous allons faire des courses au supermarch\u00e9. Le patron nous annonce que le soir le vent va tourner \u00e0 l&rsquo;ouest et sera fort, quand on lui dit que nous serons prot\u00e9g\u00e9s par la montagne situ\u00e9e \u00e0 l&rsquo;ouest, il nous explique qu&rsquo;au contraire le vent se renforce dans la vall\u00e9e.<\/p>\n<p style=\"text-align: justify;\"><a href=\"https:\/\/ericante.fr\/wp-content\/uploads\/2017\/05\/Corse-2.jpg\"><img loading=\"lazy\" decoding=\"async\" class=\"size-medium wp-image-4737 aligncenter\" src=\"https:\/\/ericante.fr\/wp-content\/uploads\/2017\/05\/Corse-2-300x191.jpg\" alt=\"\" width=\"300\" height=\"191\" srcset=\"https:\/\/ericante.fr\/wp-content\/uploads\/2017\/05\/Corse-2-300x191.jpg 300w, https:\/\/ericante.fr\/wp-content\/uploads\/2017\/05\/Corse-2-768x489.jpg 768w, https:\/\/ericante.fr\/wp-content\/uploads\/2017\/05\/Corse-2.jpg 1024w\" sizes=\"auto, (max-width: 300px) 100vw, 300px\" \/><\/a><\/p>\n<p style=\"text-align: justify;\">A 16h le marin du port vient nous conseiller de changer de place car, dit-il, dans le cas contraire nous serons \u00e9cras\u00e9s contre le quai en pierre. Nous suivons son conseil et d\u00e8s le d\u00e9but de soir\u00e9e le vent d&rsquo;ouest souffle \u00e0 force 8 avec des rafales \u00e0 10. Le vent \u00e9loigne le bateau du quai, le bruit est impressionnant et la gite atteint les 10\u00b0 dans les rafales. Mauvaise nuit.<\/p>\n<p style=\"text-align: justify;\"><a href=\"https:\/\/ericante.fr\/wp-content\/uploads\/2017\/05\/Corse-3.jpg\"><img loading=\"lazy\" decoding=\"async\" class=\" wp-image-4738 aligncenter\" src=\"https:\/\/ericante.fr\/wp-content\/uploads\/2017\/05\/Corse-3-300x168.jpg\" alt=\"\" width=\"386\" height=\"216\" srcset=\"https:\/\/ericante.fr\/wp-content\/uploads\/2017\/05\/Corse-3-300x168.jpg 300w, https:\/\/ericante.fr\/wp-content\/uploads\/2017\/05\/Corse-3-768x430.jpg 768w, https:\/\/ericante.fr\/wp-content\/uploads\/2017\/05\/Corse-3.jpg 1024w\" sizes=\"auto, (max-width: 386px) 100vw, 386px\" \/><\/a><\/p>\n<p style=\"text-align: justify;\">Dimanche le vent d&rsquo;ouest souffle encore force 6 \u00e0 7, il fait beau et nous allons par le sentier des douaniers jusqu&rsquo;au Cap Corse d&rsquo;o\u00f9 nous photographions le phare de la Giraglia. Ce phare est la marque de parcours mythique des courses croisi\u00e8res en M\u00e9diterran\u00e9e, l&rsquo;\u00e9quivalent du Fasnet en manche. La balade est magnifique avec des criques et des plages \u00e0 l&rsquo;eau turquoise d&rsquo;un cot\u00e9 et le maquis de l&rsquo;autre.<\/p>\n<p style=\"text-align: justify;\"><a href=\"https:\/\/ericante.fr\/wp-content\/uploads\/2017\/05\/Corse-4.jpg\"><img loading=\"lazy\" decoding=\"async\" class=\"alignnone  wp-image-4739\" src=\"https:\/\/ericante.fr\/wp-content\/uploads\/2017\/05\/Corse-4-300x225.jpg\" alt=\"\" width=\"279\" height=\"209\"><\/a>&nbsp;<a href=\"https:\/\/ericante.fr\/wp-content\/uploads\/2017\/05\/Corse-6.jpg\"><img loading=\"lazy\" decoding=\"async\" class=\"alignnone  wp-image-4741\" src=\"https:\/\/ericante.fr\/wp-content\/uploads\/2017\/05\/Corse-6-300x178.jpg\" alt=\"\" width=\"352\" height=\"209\" srcset=\"https:\/\/ericante.fr\/wp-content\/uploads\/2017\/05\/Corse-6-300x178.jpg 300w, https:\/\/ericante.fr\/wp-content\/uploads\/2017\/05\/Corse-6-768x454.jpg 768w, https:\/\/ericante.fr\/wp-content\/uploads\/2017\/05\/Corse-6.jpg 1024w\" sizes=\"auto, (max-width: 352px) 100vw, 352px\" \/><\/a><\/p>\n<p style=\"text-align: justify;\"><a href=\"https:\/\/ericante.fr\/wp-content\/uploads\/2017\/05\/Corse-5.jpg\"><img loading=\"lazy\" decoding=\"async\" class=\"alignnone  wp-image-4740\" src=\"https:\/\/ericante.fr\/wp-content\/uploads\/2017\/05\/Corse-5-300x203.jpg\" alt=\"\" width=\"302\" height=\"204\" srcset=\"https:\/\/ericante.fr\/wp-content\/uploads\/2017\/05\/Corse-5-300x203.jpg 300w, https:\/\/ericante.fr\/wp-content\/uploads\/2017\/05\/Corse-5-768x519.jpg 768w, https:\/\/ericante.fr\/wp-content\/uploads\/2017\/05\/Corse-5.jpg 1024w\" sizes=\"auto, (max-width: 302px) 100vw, 302px\" \/><\/a>&nbsp;<a href=\"https:\/\/ericante.fr\/wp-content\/uploads\/2017\/05\/Corse-7.jpg\"><img loading=\"lazy\" decoding=\"async\" class=\"alignnone  wp-image-4742\" src=\"https:\/\/ericante.fr\/wp-content\/uploads\/2017\/05\/Corse-7-300x186.jpg\" alt=\"\" width=\"332\" height=\"206\" srcset=\"https:\/\/ericante.fr\/wp-content\/uploads\/2017\/05\/Corse-7-300x186.jpg 300w, https:\/\/ericante.fr\/wp-content\/uploads\/2017\/05\/Corse-7-768x477.jpg 768w, https:\/\/ericante.fr\/wp-content\/uploads\/2017\/05\/Corse-7.jpg 1024w\" sizes=\"auto, (max-width: 332px) 100vw, 332px\" \/><\/a><\/p>\n<p style=\"text-align: justify;\">L&rsquo;ambiance dans ce petit village fran\u00e7ais est tranquille et plut\u00f4t bon enfant. Par contre au port il y a peu de bateaux de passage et les autochtones ne nous adressent pas la parole.<\/p>\n<p style=\"text-align: justify;\">Le lundi matin le vent et la mer se sont calm\u00e9s et en quittant le quai nous touchons la vase molle du port. Relevage de la d\u00e9rive et \u00e7a passe.<\/p>\n","protected":false},"excerpt":{"rendered":"<p>Le vendredi 5 mai, \u00e0 8 h, nous quittons l&rsquo;Italie et mettons le cap sur la France. Initialement nous avions pr\u00e9vu d&rsquo;aller \u00e0 Bastia, mais les deux ports de Bastia nous ont \u00e9t\u00e9 d\u00e9conseill\u00e9s par plusieurs plaisanciers. La consultation des &hellip; <a href=\"https:\/\/ericante.fr\/?p=4734\">Continuer la lecture <span class=\"meta-nav\">&rarr;<\/span><\/a><\/p>\n","protected":false},"author":1,"featured_media":0,"comment_status":"open","ping_status":"open","sticky":false,"template":"","format":"standard","meta":{"_monsterinsights_skip_tracking":false,"_uf_show_specific_survey":0,"_uf_disable_surveys":false,"footnotes":""},"categories":[232],"tags":[468,467,466],"class_list":["post-4734","post","type-post","status-publish","format-standard","hentry","category-italie","tag-cap-corse","tag-corse","tag-macinaggio"],"_links":{"self":[{"href":"https:\/\/ericante.fr\/index.php?rest_route=\/wp\/v2\/posts\/4734","targetHints":{"allow":["GET"]}}],"collection":[{"href":"https:\/\/ericante.fr\/index.php?rest_route=\/wp\/v2\/posts"}],"about":[{"href":"https:\/\/ericante.fr\/index.php?rest_route=\/wp\/v2\/types\/post"}],"author":[{"embeddable":true,"href":"https:\/\/ericante.fr\/index.php?rest_route=\/wp\/v2\/users\/1"}],"replies":[{"embeddable":true,"href":"https:\/\/ericante.fr\/index.php?rest_route=%2Fwp%2Fv2%2Fcomments&post=4734"}],"version-history":[{"count":2,"href":"https:\/\/ericante.fr\/index.php?rest_route=\/wp\/v2\/posts\/4734\/revisions"}],"predecessor-version":[{"id":4743,"href":"https:\/\/ericante.fr\/index.php?rest_route=\/wp\/v2\/posts\/4734\/revisions\/4743"}],"wp:attachment":[{"href":"https:\/\/ericante.fr\/index.php?rest_route=%2Fwp%2Fv2%2Fmedia&parent=4734"}],"wp:term":[{"taxonomy":"category","embeddable":true,"href":"https:\/\/ericante.fr\/index.php?rest_route=%2Fwp%2Fv2%2Fcategories&post=4734"},{"taxonomy":"post_tag","embeddable":true,"href":"https:\/\/ericante.fr\/index.php?rest_route=%2Fwp%2Fv2%2Ftags&post=4734"}],"curies":[{"name":"wp","href":"https:\/\/api.w.org\/{rel}","templated":true}]}}