{"id":467,"date":"2012-07-06T07:44:28","date_gmt":"2012-07-06T06:44:28","guid":{"rendered":"http:\/\/ericante.fr\/?p=467"},"modified":"2015-08-16T07:55:08","modified_gmt":"2015-08-16T06:55:08","slug":"barcelone-du-vendredi-29-juin-au-jeudi-5-juillet-2012","status":"publish","type":"post","link":"https:\/\/ericante.fr\/?p=467","title":{"rendered":"Barcelone, du vendredi 29 juin au jeudi 5 juillet 2012"},"content":{"rendered":"<p style=\"text-align: justify;\">D\u00e9part de Vilanova \u00e0 11h30 en direction de Barcelone. L&rsquo;avanc\u00e9e est longue et laborieuse avec des bords et du moteur pour finir tout de m\u00eame un vent de travers sur une mer agit\u00e9e devant la plage et le port de Barcelone. Heureusement des petits faits \u00e9maillent le voyage. A 15h, les passages r\u00e9guliers des trains sous les tunnels et sur les ponts de la c\u00f4te nous annoncent l&rsquo;approche de la grande Barcelone.<\/p>\n<p><img loading=\"lazy\" decoding=\"async\" class=\"lazy\" title=\"\" src=\"http:\/\/dev.stw.fr\/sites\/default\/files\/833\/images\/873459556.3.JPG\" alt=\"29-6-12 16h09 en route vers Barcelone petit train tunel et pont (5).JPG\" width=\"669\" height=\"216\" \/><\/p>\n<p style=\"text-align: justify;\"><img loading=\"lazy\" decoding=\"async\" class=\"lazy alignleft\" title=\"\" src=\"http:\/\/dev.stw.fr\/sites\/default\/files\/833\/images\/4085048907.JPG\" alt=\"29-6-12 17h08 passage du 2\u00e8me m\u00e9ridien Est peu avant Barcelone Eric.JPG\" width=\"406\" height=\"572\" \/>Entre de petits travaux de matelotage le capitaine constate que le 2\u00e8me m\u00e9ridien Est est pass\u00e9 pour la 1\u00e8re fois par l&rsquo;Ericante. La c\u00e9r\u00e9monie habituelle a lieu \u00e0 17h.<\/p>\n<p>&nbsp;<\/p>\n<p>&nbsp;<\/p>\n<p>&nbsp;<\/p>\n<p>&nbsp;<\/p>\n<p>&nbsp;<\/p>\n<p>&nbsp;<\/p>\n<p>&nbsp;<\/p>\n<p>&nbsp;<\/p>\n<p>&nbsp;<\/p>\n<p style=\"text-align: justify;\">A 18h les avions de toutes les compagnies a\u00e9riennes survolent le m\u00e2t. Enfin les tours jumelles du port Olympic et sa baleine dor\u00e9e nous indiquent l&rsquo;entr\u00e9e de la passe. Arriv\u00e9e au grand ponton d&rsquo;accueil, formalit\u00e9s \u00e0 la capitainerie et amarrage m\u00e9diterran\u00e9en \u00e0 la place indiqu\u00e9e \u00e0 20h.<\/p>\n<p><img loading=\"lazy\" decoding=\"async\" class=\"lazy\" title=\"\" src=\"http:\/\/dev.stw.fr\/sites\/default\/files\/833\/images\/2936721807.2.JPG\" alt=\"29-6-12 19h47 arriv\u00e9e \u00e0 Barcelone sous voile port Olympic et le brick \u00e0 touristes retrouv\u00e9e.JPG\" width=\"670\" height=\"177\" \/><\/p>\n<p style=\"text-align: justify;\">7 jours dont une journ\u00e9e enti\u00e8re sous une pluie diluvienne, suffisent \u00e0 peine \u00e0 satisfaire notre curiosit\u00e9 pour cette ville tellement vivante et si bien am\u00e9nag\u00e9e pour les v\u00e9los, rollers et pi\u00e9tons. Le port Olympic est bord\u00e9 de restaurants de tous types et de deux magasins d&rsquo;\u00e9quipements pour bateaux. <img decoding=\"async\" class=\"lazy alignright\" title=\"\" src=\"http:\/\/dev.stw.fr\/sites\/default\/files\/833\/images\/908026086.2.jpg\" alt=\"Barcelone nouvelle cath\u00e9drale.jpg\" \/>Il est entre les deux grandes plages de Barcelone. Un centre commercial dot\u00e9 d&rsquo;un supermarch\u00e9 et d&rsquo;un pressing est \u00e0 5&prime; \u00e0 pied. Nos visites ont \u00e9t\u00e9 par ordre chronologique\u00a0: le port du centre ville et le retour par la c\u00f4te \u00e0 pied \u00e0 bord, le vieux centre ville avec ses rues \u00e9troites, ses magasins attrayants parfaitement int\u00e9gr\u00e9s dans les maisons restaur\u00e9es et la vieille cath\u00e9drale avec son parvis anim\u00e9 par des jongleurs m\u00eemes et vendeurs \u00e0 la sauvette, les ar\u00e8nes, la c\u00e9l\u00e8bre et fantastique Sagrada familial de l&rsquo;architecte Gaudi, la Rambla et les badauds cosmopolites, les jardins de Gaudi surplombant la ville, le parc de l&rsquo;exposition universelle de 1888, la visite du grand march\u00e9 de bazar n\u00e9cessit\u00e9 par le vol d&rsquo;un de nos v\u00e9los (rang\u00e9 sans antivol durant \u00bc pr\u00e8s du bateau) et le nouveau quartier nord ultra moderne appel\u00e9 le forum.<\/p>\n<p><img decoding=\"async\" class=\"lazy\" title=\"\" src=\"http:\/\/dev.stw.fr\/sites\/default\/files\/833\/images\/2827113164.2.jpg\" alt=\"barcelone ancienne cath\u00e9drale.jpg\" \/><\/p>\n<p style=\"text-align: justify;\">Cette ville ouverte sur la M\u00e9diterran\u00e9e, par son architecture urbaine et les personnes crois\u00e9es, nous a donn\u00e9 un sentiment de libert\u00e9 et de grande tol\u00e9rance.<br \/>\nMais, nous ne le savons pas encore, les beaut\u00e9s de la costa Brava nous attendent.<\/p>\n","protected":false},"excerpt":{"rendered":"<p>D\u00e9part de Vilanova \u00e0 11h30 en direction de Barcelone. L&rsquo;avanc\u00e9e est longue et laborieuse avec des bords et du moteur pour finir tout de m\u00eame un vent de travers sur une mer agit\u00e9e devant la plage et le port de &hellip; <a href=\"https:\/\/ericante.fr\/?p=467\">Continuer la lecture <span class=\"meta-nav\">&rarr;<\/span><\/a><\/p>\n","protected":false},"author":1,"featured_media":0,"comment_status":"open","ping_status":"open","sticky":false,"template":"","format":"standard","meta":{"_monsterinsights_skip_tracking":false,"_uf_show_specific_survey":0,"_uf_disable_surveys":false,"footnotes":""},"categories":[105],"tags":[174],"class_list":["post-467","post","type-post","status-publish","format-standard","hentry","category-espagne","tag-barcelone"],"_links":{"self":[{"href":"https:\/\/ericante.fr\/index.php?rest_route=\/wp\/v2\/posts\/467","targetHints":{"allow":["GET"]}}],"collection":[{"href":"https:\/\/ericante.fr\/index.php?rest_route=\/wp\/v2\/posts"}],"about":[{"href":"https:\/\/ericante.fr\/index.php?rest_route=\/wp\/v2\/types\/post"}],"author":[{"embeddable":true,"href":"https:\/\/ericante.fr\/index.php?rest_route=\/wp\/v2\/users\/1"}],"replies":[{"embeddable":true,"href":"https:\/\/ericante.fr\/index.php?rest_route=%2Fwp%2Fv2%2Fcomments&post=467"}],"version-history":[{"count":3,"href":"https:\/\/ericante.fr\/index.php?rest_route=\/wp\/v2\/posts\/467\/revisions"}],"predecessor-version":[{"id":470,"href":"https:\/\/ericante.fr\/index.php?rest_route=\/wp\/v2\/posts\/467\/revisions\/470"}],"wp:attachment":[{"href":"https:\/\/ericante.fr\/index.php?rest_route=%2Fwp%2Fv2%2Fmedia&parent=467"}],"wp:term":[{"taxonomy":"category","embeddable":true,"href":"https:\/\/ericante.fr\/index.php?rest_route=%2Fwp%2Fv2%2Fcategories&post=467"},{"taxonomy":"post_tag","embeddable":true,"href":"https:\/\/ericante.fr\/index.php?rest_route=%2Fwp%2Fv2%2Ftags&post=467"}],"curies":[{"name":"wp","href":"https:\/\/api.w.org\/{rel}","templated":true}]}}