{"id":450,"date":"2012-06-21T14:04:22","date_gmt":"2012-06-21T13:04:22","guid":{"rendered":"http:\/\/ericante.fr\/?p=450"},"modified":"2015-08-14T14:04:44","modified_gmt":"2015-08-14T13:04:44","slug":"cullera-du-lundi-18-au-mercredi-20-juin-2012","status":"publish","type":"post","link":"https:\/\/ericante.fr\/?p=450","title":{"rendered":"Cullera, du lundi 18 au mercredi 20 juin 2012"},"content":{"rendered":"<p style=\"text-align: justify;\">D\u00e9part \u00e0 8h le matin vers le cabo de la Nao, face aux \u00eeles Bal\u00e9ares, que nous passons sous GV et moteur.<\/p>\n<p><img loading=\"lazy\" decoding=\"async\" class=\"lazy aligncenter\" title=\"\" src=\"http:\/\/dev.stw.fr\/sites\/default\/files\/833\/images\/686003231.4.JPG\" alt=\"18-6-12 10h07 Cabo Nao.JPG\" width=\"516\" height=\"349\" \/><\/p>\n<p style=\"text-align: justify;\">Le vent se l\u00e8ve \u00e0 11h, nous coupons le moteur et d\u00e9roulons le g\u00e9nois et \u00e0 13h c&rsquo;est au tour du gennaker. A 15h des nuages lourds d&rsquo;orage approchent et la vitesse du bateau passe de 4,5, 6 puis 7 n\u0153uds . A 18 h \u00e0 5 milles de notre destination: le port de Cullera, le vent tombe et il fait tr\u00e8s lourd. La remont\u00e9e du rio Jucar est belle, la rive sud est pr\u00e9serv\u00e9e des grands h\u00f4tels qui longent la plage nord de la rivi\u00e8re.<\/p>\n<p><img decoding=\"async\" class=\"lazy\" title=\"\" src=\"http:\/\/dev.stw.fr\/sites\/default\/files\/833\/images\/2430223596.jpg\" alt=\"18-6-12 arriv\u00e9e cullera.jpg\" \/><\/p>\n","protected":false},"excerpt":{"rendered":"<p>D\u00e9part \u00e0 8h le matin vers le cabo de la Nao, face aux \u00eeles Bal\u00e9ares, que nous passons sous GV et moteur. Le vent se l\u00e8ve \u00e0 11h, nous coupons le moteur et d\u00e9roulons le g\u00e9nois et \u00e0 13h c&rsquo;est &hellip; <a href=\"https:\/\/ericante.fr\/?p=450\">Continuer la lecture <span class=\"meta-nav\">&rarr;<\/span><\/a><\/p>\n","protected":false},"author":1,"featured_media":0,"comment_status":"open","ping_status":"open","sticky":false,"template":"","format":"standard","meta":{"_monsterinsights_skip_tracking":false,"_monsterinsights_sitenote_active":false,"_monsterinsights_sitenote_note":"","_monsterinsights_sitenote_category":0,"_uf_show_specific_survey":0,"_uf_disable_surveys":false,"footnotes":""},"categories":[105],"tags":[165,166,167],"class_list":["post-450","post","type-post","status-publish","format-standard","hentry","category-espagne","tag-cabo-de-la-noa","tag-cullera","tag-rio-jucar"],"_links":{"self":[{"href":"https:\/\/ericante.fr\/index.php?rest_route=\/wp\/v2\/posts\/450","targetHints":{"allow":["GET"]}}],"collection":[{"href":"https:\/\/ericante.fr\/index.php?rest_route=\/wp\/v2\/posts"}],"about":[{"href":"https:\/\/ericante.fr\/index.php?rest_route=\/wp\/v2\/types\/post"}],"author":[{"embeddable":true,"href":"https:\/\/ericante.fr\/index.php?rest_route=\/wp\/v2\/users\/1"}],"replies":[{"embeddable":true,"href":"https:\/\/ericante.fr\/index.php?rest_route=%2Fwp%2Fv2%2Fcomments&post=450"}],"version-history":[{"count":2,"href":"https:\/\/ericante.fr\/index.php?rest_route=\/wp\/v2\/posts\/450\/revisions"}],"predecessor-version":[{"id":452,"href":"https:\/\/ericante.fr\/index.php?rest_route=\/wp\/v2\/posts\/450\/revisions\/452"}],"wp:attachment":[{"href":"https:\/\/ericante.fr\/index.php?rest_route=%2Fwp%2Fv2%2Fmedia&parent=450"}],"wp:term":[{"taxonomy":"category","embeddable":true,"href":"https:\/\/ericante.fr\/index.php?rest_route=%2Fwp%2Fv2%2Fcategories&post=450"},{"taxonomy":"post_tag","embeddable":true,"href":"https:\/\/ericante.fr\/index.php?rest_route=%2Fwp%2Fv2%2Ftags&post=450"}],"curies":[{"name":"wp","href":"https:\/\/api.w.org\/{rel}","templated":true}]}}