{"id":447,"date":"2012-06-19T13:59:00","date_gmt":"2012-06-19T12:59:00","guid":{"rendered":"http:\/\/ericante.fr\/?p=447"},"modified":"2015-08-14T13:59:29","modified_gmt":"2015-08-14T12:59:29","slug":"morayra-du-dimanche-17-au-lundi-18-juin-2012","status":"publish","type":"post","link":"https:\/\/ericante.fr\/?p=447","title":{"rendered":"Morayra, du dimanche 17 au lundi 18 juin 2012"},"content":{"rendered":"<p style=\"text-align: justify;\">La costa Blanca est surprenante et surnaturelle. La veille Benidorm nous offrait une vision d&rsquo;un monde futuriste et le lendemain \u00e0 moins de 5 miles des falaises arides jaillissent des sources.<\/p>\n<p><img loading=\"lazy\" decoding=\"async\" class=\"lazy\" title=\"\" src=\"http:\/\/dev.stw.fr\/sites\/default\/files\/833\/images\/1414006381.2.JPG\" alt=\"17-6-12 8h59 sources et cascades de la costa Blanca.JPG\" width=\"641\" height=\"274\" \/><\/p>\n<p style=\"text-align: justify;\">En 7h et quelques bords nous parcourons les 15Miles pour atteindre l&rsquo;anse de Morayra.<br \/>\nA 15h l&rsquo;Ericante sous voile pose son ancre par 5 m\u00e8tres de fond de sable dans ce mouillage bond\u00e9 en ce dimanche apr\u00e8s-midi. L&rsquo;eau est tr\u00e8s claire et les sars \u00e9voluent sans crainte sous le bateau. Nous allons les saluer dans ces eaux rafra\u00eechissantes. D\u00e8s 18h les bateaux rejoignent le port tout proche \u00e0 l&rsquo;Ouest de la baie. La soir\u00e9e est apaisante.<\/p>\n<p><img loading=\"lazy\" decoding=\"async\" class=\"lazy\" title=\"\" src=\"http:\/\/dev.stw.fr\/sites\/default\/files\/833\/images\/1057820686.JPG\" alt=\"17-6-12 14h4 entr\u00e9e sous voile mouillage ensenada de Morayra.JPG\" width=\"640\" height=\"436\" \/><\/p>\n","protected":false},"excerpt":{"rendered":"<p>La costa Blanca est surprenante et surnaturelle. La veille Benidorm nous offrait une vision d&rsquo;un monde futuriste et le lendemain \u00e0 moins de 5 miles des falaises arides jaillissent des sources. En 7h et quelques bords nous parcourons les 15Miles &hellip; <a href=\"https:\/\/ericante.fr\/?p=447\">Continuer la lecture <span class=\"meta-nav\">&rarr;<\/span><\/a><\/p>\n","protected":false},"author":1,"featured_media":0,"comment_status":"open","ping_status":"open","sticky":false,"template":"","format":"standard","meta":{"_monsterinsights_skip_tracking":false,"_monsterinsights_sitenote_active":false,"_monsterinsights_sitenote_note":"","_monsterinsights_sitenote_category":0,"_uf_show_specific_survey":0,"_uf_disable_surveys":false,"footnotes":""},"categories":[105],"tags":[164],"class_list":["post-447","post","type-post","status-publish","format-standard","hentry","category-espagne","tag-morayra"],"_links":{"self":[{"href":"https:\/\/ericante.fr\/index.php?rest_route=\/wp\/v2\/posts\/447","targetHints":{"allow":["GET"]}}],"collection":[{"href":"https:\/\/ericante.fr\/index.php?rest_route=\/wp\/v2\/posts"}],"about":[{"href":"https:\/\/ericante.fr\/index.php?rest_route=\/wp\/v2\/types\/post"}],"author":[{"embeddable":true,"href":"https:\/\/ericante.fr\/index.php?rest_route=\/wp\/v2\/users\/1"}],"replies":[{"embeddable":true,"href":"https:\/\/ericante.fr\/index.php?rest_route=%2Fwp%2Fv2%2Fcomments&post=447"}],"version-history":[{"count":2,"href":"https:\/\/ericante.fr\/index.php?rest_route=\/wp\/v2\/posts\/447\/revisions"}],"predecessor-version":[{"id":449,"href":"https:\/\/ericante.fr\/index.php?rest_route=\/wp\/v2\/posts\/447\/revisions\/449"}],"wp:attachment":[{"href":"https:\/\/ericante.fr\/index.php?rest_route=%2Fwp%2Fv2%2Fmedia&parent=447"}],"wp:term":[{"taxonomy":"category","embeddable":true,"href":"https:\/\/ericante.fr\/index.php?rest_route=%2Fwp%2Fv2%2Fcategories&post=447"},{"taxonomy":"post_tag","embeddable":true,"href":"https:\/\/ericante.fr\/index.php?rest_route=%2Fwp%2Fv2%2Ftags&post=447"}],"curies":[{"name":"wp","href":"https:\/\/api.w.org\/{rel}","templated":true}]}}