{"id":445,"date":"2012-06-18T13:59:40","date_gmt":"2012-06-18T12:59:40","guid":{"rendered":"http:\/\/ericante.fr\/?p=445"},"modified":"2015-08-14T14:00:02","modified_gmt":"2015-08-14T13:00:02","slug":"benidorm-du-samedi-16-au-dimanche-17-juin-2012","status":"publish","type":"post","link":"https:\/\/ericante.fr\/?p=445","title":{"rendered":"Benidorm, du samedi 16 au dimanche 17 juin 2012"},"content":{"rendered":"<p style=\"text-align: justify;\">D\u00e9part du mouillage \u00e0 8h45 sans vent GV et moteur vers Calpe ou Morayra 2 mouillages possibles au NE. Le bruit des moteurs, la chaleur et la nuit pr\u00e9c\u00e9dente inconfortable sont propices au sommeil du Pacha.<\/p>\n<p><img decoding=\"async\" class=\"lazy aligncenter\" title=\"\" src=\"http:\/\/dev.stw.fr\/sites\/default\/files\/833\/images\/1980032375.JPG\" alt=\"16-6-12 9h28 sieste matinale apr\u00e8s la nuit sur ancre de Roig.JPG\" \/><\/p>\n<p style=\"text-align: justify;\">Enfin, \u00e0 13h30 le vent de SSE pr\u00e9vu par la m\u00e9t\u00e9o se l\u00e8ve, le gennaker se gonfle. A 15h30 le vent est inf\u00e9rieur \u00e0 4N, nous optons pour un mouillage plus proche, la partie Nord de la baie de Benidorm. Nous y arrivons \u00e0 18h30.<br \/>\nC&rsquo;est la costa Blanca fa\u00e7on monde du futur dans la s\u00e9rie BD fantastique. L&rsquo;images parle d&rsquo;elle-m\u00eame.<\/p>\n<p><img loading=\"lazy\" decoding=\"async\" class=\"lazy aligncenter\" title=\"\" src=\"http:\/\/dev.stw.fr\/sites\/default\/files\/833\/images\/2193098318.JPG\" alt=\"17-6-12 7h35 Benidorm au petit matin.JPG\" width=\"511\" height=\"332\" \/><\/p>\n<p>&nbsp;<\/p>\n","protected":false},"excerpt":{"rendered":"<p>D\u00e9part du mouillage \u00e0 8h45 sans vent GV et moteur vers Calpe ou Morayra 2 mouillages possibles au NE. Le bruit des moteurs, la chaleur et la nuit pr\u00e9c\u00e9dente inconfortable sont propices au sommeil du Pacha. Enfin, \u00e0 13h30 le &hellip; <a href=\"https:\/\/ericante.fr\/?p=445\">Continuer la lecture <span class=\"meta-nav\">&rarr;<\/span><\/a><\/p>\n","protected":false},"author":1,"featured_media":0,"comment_status":"open","ping_status":"open","sticky":false,"template":"","format":"standard","meta":{"_monsterinsights_skip_tracking":false,"_monsterinsights_sitenote_active":false,"_monsterinsights_sitenote_note":"","_monsterinsights_sitenote_category":0,"_uf_show_specific_survey":0,"_uf_disable_surveys":false,"footnotes":""},"categories":[105],"tags":[163],"class_list":["post-445","post","type-post","status-publish","format-standard","hentry","category-espagne","tag-benidorm"],"_links":{"self":[{"href":"https:\/\/ericante.fr\/index.php?rest_route=\/wp\/v2\/posts\/445","targetHints":{"allow":["GET"]}}],"collection":[{"href":"https:\/\/ericante.fr\/index.php?rest_route=\/wp\/v2\/posts"}],"about":[{"href":"https:\/\/ericante.fr\/index.php?rest_route=\/wp\/v2\/types\/post"}],"author":[{"embeddable":true,"href":"https:\/\/ericante.fr\/index.php?rest_route=\/wp\/v2\/users\/1"}],"replies":[{"embeddable":true,"href":"https:\/\/ericante.fr\/index.php?rest_route=%2Fwp%2Fv2%2Fcomments&post=445"}],"version-history":[{"count":1,"href":"https:\/\/ericante.fr\/index.php?rest_route=\/wp\/v2\/posts\/445\/revisions"}],"predecessor-version":[{"id":446,"href":"https:\/\/ericante.fr\/index.php?rest_route=\/wp\/v2\/posts\/445\/revisions\/446"}],"wp:attachment":[{"href":"https:\/\/ericante.fr\/index.php?rest_route=%2Fwp%2Fv2%2Fmedia&parent=445"}],"wp:term":[{"taxonomy":"category","embeddable":true,"href":"https:\/\/ericante.fr\/index.php?rest_route=%2Fwp%2Fv2%2Fcategories&post=445"},{"taxonomy":"post_tag","embeddable":true,"href":"https:\/\/ericante.fr\/index.php?rest_route=%2Fwp%2Fv2%2Ftags&post=445"}],"curies":[{"name":"wp","href":"https:\/\/api.w.org\/{rel}","templated":true}]}}