{"id":442,"date":"2012-06-17T13:50:40","date_gmt":"2012-06-17T12:50:40","guid":{"rendered":"http:\/\/ericante.fr\/?p=442"},"modified":"2015-08-14T13:51:10","modified_gmt":"2015-08-14T12:51:10","slug":"cabo-roig-du-vendredi-15-au-samedi-16-mai-2012","status":"publish","type":"post","link":"https:\/\/ericante.fr\/?p=442","title":{"rendered":"Cabo Roig, du vendredi 15 au samedi 16 mai 2012"},"content":{"rendered":"<p style=\"text-align: justify;\">17A 18h apr\u00e8s notre belle promenade autour del Mar Minor nous laissons nos amis belges sur leur voilier Jeep II \u00e0 San Pedro del Pinatar. Nous suivons leur conseil et allons poser l&rsquo;ancre devant la petite marina du cap Roig. La houle et les bruits de discoth\u00e8que en font un mouillage moyennement confortable. Mais nous avons avanc\u00e9 et le mouillage ne co\u00fbte rien. Car depuis San Pedro les prix des ports sont tr\u00e8s \u00e9lev\u00e9s et les mouillages sur sable sont bienvenus.<\/p>\n<p><img loading=\"lazy\" decoding=\"async\" class=\"lazy\" title=\"\" src=\"http:\/\/dev.stw.fr\/sites\/default\/files\/833\/images\/2254909214.JPG\" alt=\"15-6-12 20h02 Cabo Roig sur ancre devant le port.JPG\" width=\"647\" height=\"243\" \/><\/p>\n","protected":false},"excerpt":{"rendered":"<p>17A 18h apr\u00e8s notre belle promenade autour del Mar Minor nous laissons nos amis belges sur leur voilier Jeep II \u00e0 San Pedro del Pinatar. Nous suivons leur conseil et allons poser l&rsquo;ancre devant la petite marina du cap Roig. &hellip; <a href=\"https:\/\/ericante.fr\/?p=442\">Continuer la lecture <span class=\"meta-nav\">&rarr;<\/span><\/a><\/p>\n","protected":false},"author":1,"featured_media":0,"comment_status":"open","ping_status":"open","sticky":false,"template":"","format":"standard","meta":{"_monsterinsights_skip_tracking":false,"_monsterinsights_sitenote_active":false,"_monsterinsights_sitenote_note":"","_monsterinsights_sitenote_category":0,"_uf_show_specific_survey":0,"_uf_disable_surveys":false,"footnotes":""},"categories":[105],"tags":[162],"class_list":["post-442","post","type-post","status-publish","format-standard","hentry","category-espagne","tag-cabo-roig"],"_links":{"self":[{"href":"https:\/\/ericante.fr\/index.php?rest_route=\/wp\/v2\/posts\/442","targetHints":{"allow":["GET"]}}],"collection":[{"href":"https:\/\/ericante.fr\/index.php?rest_route=\/wp\/v2\/posts"}],"about":[{"href":"https:\/\/ericante.fr\/index.php?rest_route=\/wp\/v2\/types\/post"}],"author":[{"embeddable":true,"href":"https:\/\/ericante.fr\/index.php?rest_route=\/wp\/v2\/users\/1"}],"replies":[{"embeddable":true,"href":"https:\/\/ericante.fr\/index.php?rest_route=%2Fwp%2Fv2%2Fcomments&post=442"}],"version-history":[{"count":2,"href":"https:\/\/ericante.fr\/index.php?rest_route=\/wp\/v2\/posts\/442\/revisions"}],"predecessor-version":[{"id":444,"href":"https:\/\/ericante.fr\/index.php?rest_route=\/wp\/v2\/posts\/442\/revisions\/444"}],"wp:attachment":[{"href":"https:\/\/ericante.fr\/index.php?rest_route=%2Fwp%2Fv2%2Fmedia&parent=442"}],"wp:term":[{"taxonomy":"category","embeddable":true,"href":"https:\/\/ericante.fr\/index.php?rest_route=%2Fwp%2Fv2%2Fcategories&post=442"},{"taxonomy":"post_tag","embeddable":true,"href":"https:\/\/ericante.fr\/index.php?rest_route=%2Fwp%2Fv2%2Ftags&post=442"}],"curies":[{"name":"wp","href":"https:\/\/api.w.org\/{rel}","templated":true}]}}