{"id":440,"date":"2012-06-16T10:46:37","date_gmt":"2012-06-16T09:46:37","guid":{"rendered":"http:\/\/ericante.fr\/?p=440"},"modified":"2015-08-14T10:47:04","modified_gmt":"2015-08-14T09:47:04","slug":"san-pedro-del-pinatar-du-mercredi-13-au-vendredi-15-juin-2015","status":"publish","type":"post","link":"https:\/\/ericante.fr\/?p=440","title":{"rendered":"San Pedro del Pinatar, du mercredi 13 au vendredi 15 juin 2015"},"content":{"rendered":"<p style=\"text-align: justify;\">Lever d&rsquo;ancre matinal de notre cala sauvage et isol\u00e9e . Nous retrouvons la civilisation sous forme de grands p\u00e9troliers ancr\u00e9s devant les torch\u00e8res de Cartag\u00e8ne. Nous tirons nos bords silencieusement entre eux. Les matelots nous saluent. Rencontres br\u00e8ves mais toujours sympathiques.<\/p>\n<p style=\"text-align: justify;\"><img loading=\"lazy\" decoding=\"async\" class=\"lazy\" title=\"\" src=\"http:\/\/dev.stw.fr\/sites\/default\/files\/833\/images\/3379977313.2.JPG\" alt=\"13-6-12 10h38 Cartag\u00e8ne et sa torch\u00e8re.JPG\" width=\"656\" height=\"208\" \/><\/p>\n<p style=\"text-align: justify;\">A 10h30 l&rsquo;Ericante franchit pour la 1\u00e8re fois le 1er m\u00e9ridien Est, fait important marqu\u00e9 selon le rite \u00e9ricantien.<\/p>\n<p><img loading=\"lazy\" decoding=\"async\" class=\"lazy aligncenter\" title=\"\" src=\"http:\/\/dev.stw.fr\/sites\/default\/files\/833\/images\/3714542315.3.JPG\" alt=\"13-6-12 10h36 passage du premeir m\u00e9ridien est.JPG\" width=\"521\" height=\"370\" \/><\/p>\n<p>A 16h nous passons le cap de Palos, bord \u00e0 bord avec un voilier anglais \u00abGusto\u00bb qui \u00e9tait au mouillage del Hornillo. Nous filons \u00e0 7 n\u0153uds, l&rsquo;anglais aussi mais lui s&rsquo;arr\u00eate au port de Tomas Maestre situ\u00e9 au milieu del Mar Menor.<\/p>\n<p><img loading=\"lazy\" decoding=\"async\" class=\"lazy\" title=\"\" src=\"http:\/\/dev.stw.fr\/sites\/default\/files\/833\/images\/1241233269.2.jpg\" alt=\"13-6-2012 passage cap palos.jpg\" width=\"675\" height=\"241\" \/><\/p>\n<p style=\"text-align: justify;\">Nous continuons notre route en longeant cette manga del Mar Menor, grande lagune de 21 km de long, bord\u00e9e de gratte-ciel qui malgr\u00e9 leurs hauteur ressemblent \u00e0 des ch\u00e2teaux de cartes bien fragiles sur cette bande de sable. A 18h nous amarrons l&rsquo;Ericante sur le quai visiteur ais\u00e9ment accessible. Les marineros du port nous apprennent qu&rsquo;il n&rsquo;y a pas de place visiteur mais nous autorisent \u00e0 y rester 2 nuits. La marina est tr\u00e8s propre avec une piscine bien agr\u00e9able. Un couple belge vient nous saluer et spontan\u00e9ment nous proposent de nous conduire faire des courses le lendemain avec leur voiture dans le village qui est \u00e0 4km. Serge et Denise vivent plusieurs mois par an sur leur voilier Jeep II, bas\u00e9 \u00e0 San Pedro del Pinatar. Ils nous racontent la r\u00e9gion et nous conseillent pour la visite del Mar Minor. Leur gentillesse nous va droit au c\u0153ur et dans ce port peu fr\u00e9quent\u00e9 les navigateurs de passage appr\u00e9cieront leur pr\u00e9sence discr\u00e8te.<br \/>\nPlusieurs aller et retour entre nos bateaux: \u00e9changes de pens\u00e9es aussi rafra\u00eechissantes que les boissons et aussi d\u00e9licieuses que les \u00abpercebes\u00bb (pousse-pied) que nous avons partag\u00e9s. Denise et Serge sont simplement des bienfaisants.<\/p>\n<p><img decoding=\"async\" class=\"lazy\" title=\"\" src=\"http:\/\/dev.stw.fr\/sites\/default\/files\/833\/images\/2897106181.JPG\" alt=\"14-6-12 Denise et serge San Pedro Del Pinatar.JPG\" \/><\/p>\n","protected":false},"excerpt":{"rendered":"<p>Lever d&rsquo;ancre matinal de notre cala sauvage et isol\u00e9e . Nous retrouvons la civilisation sous forme de grands p\u00e9troliers ancr\u00e9s devant les torch\u00e8res de Cartag\u00e8ne. Nous tirons nos bords silencieusement entre eux. Les matelots nous saluent. Rencontres br\u00e8ves mais toujours &hellip; <a href=\"https:\/\/ericante.fr\/?p=440\">Continuer la lecture <span class=\"meta-nav\">&rarr;<\/span><\/a><\/p>\n","protected":false},"author":1,"featured_media":0,"comment_status":"open","ping_status":"open","sticky":false,"template":"","format":"standard","meta":{"_monsterinsights_skip_tracking":false,"_monsterinsights_sitenote_active":false,"_monsterinsights_sitenote_note":"","_monsterinsights_sitenote_category":0,"_uf_show_specific_survey":0,"_uf_disable_surveys":false,"footnotes":""},"categories":[105],"tags":[161,160],"class_list":["post-440","post","type-post","status-publish","format-standard","hentry","category-espagne","tag-mar-minor","tag-san-pedro-del-pinatar"],"_links":{"self":[{"href":"https:\/\/ericante.fr\/index.php?rest_route=\/wp\/v2\/posts\/440","targetHints":{"allow":["GET"]}}],"collection":[{"href":"https:\/\/ericante.fr\/index.php?rest_route=\/wp\/v2\/posts"}],"about":[{"href":"https:\/\/ericante.fr\/index.php?rest_route=\/wp\/v2\/types\/post"}],"author":[{"embeddable":true,"href":"https:\/\/ericante.fr\/index.php?rest_route=\/wp\/v2\/users\/1"}],"replies":[{"embeddable":true,"href":"https:\/\/ericante.fr\/index.php?rest_route=%2Fwp%2Fv2%2Fcomments&post=440"}],"version-history":[{"count":1,"href":"https:\/\/ericante.fr\/index.php?rest_route=\/wp\/v2\/posts\/440\/revisions"}],"predecessor-version":[{"id":441,"href":"https:\/\/ericante.fr\/index.php?rest_route=\/wp\/v2\/posts\/440\/revisions\/441"}],"wp:attachment":[{"href":"https:\/\/ericante.fr\/index.php?rest_route=%2Fwp%2Fv2%2Fmedia&parent=440"}],"wp:term":[{"taxonomy":"category","embeddable":true,"href":"https:\/\/ericante.fr\/index.php?rest_route=%2Fwp%2Fv2%2Fcategories&post=440"},{"taxonomy":"post_tag","embeddable":true,"href":"https:\/\/ericante.fr\/index.php?rest_route=%2Fwp%2Fv2%2Ftags&post=440"}],"curies":[{"name":"wp","href":"https:\/\/api.w.org\/{rel}","templated":true}]}}