{"id":436,"date":"2012-06-14T09:25:06","date_gmt":"2012-06-14T08:25:06","guid":{"rendered":"http:\/\/ericante.fr\/?p=436"},"modified":"2015-08-14T09:26:22","modified_gmt":"2015-08-14T08:26:22","slug":"cala-de-la-salinotra-du-mardi-12-au-mercredi-13-juin-2012","status":"publish","type":"post","link":"https:\/\/ericante.fr\/?p=436","title":{"rendered":"Cala de la Salinotra, du mardi 12 au mercredi 13 juin 2012"},"content":{"rendered":"<p style=\"text-align: justify;\">Nous quittons Puerto del Hornillo \u00e0 11h45 pour la baie de Cartagena o\u00f9 plusieurs lieux de mouillages existent. Un bon vent d&rsquo;Est force 3-4 nous m\u00e8ne au NNE \u00e0 une vitesse qui va de 5 \u00e0 7N.<br \/>\nA l&rsquo;entr\u00e9e dans la baie le vent tombe et nous mouillons par 5 m\u00e8tres sur fond de sable avec 40 m\u00e8tres de cha\u00eene. L&rsquo;endroit est tr\u00e8s sauvage avec un magnifique ch\u00e2teau en surplomb. Nous sommes seuls dans cette grande baie. La houle d&rsquo;Est rend le mouillage tr\u00e8s roulant. Nous rencontrerons souvent ce probl\u00e8me de houle lors de nos nuits sur cette c\u00f4te offrant peu de protection \u00e0 la houle venant d&rsquo;Est.<\/p>\n<p><img loading=\"lazy\" decoding=\"async\" class=\"lazy\" title=\"\" src=\"http:\/\/dev.stw.fr\/sites\/default\/files\/833\/images\/3737131077.JPG\" alt=\"13-6-12 9h02 la cala Salitrona baie de Cartagena.JPG\" width=\"638\" height=\"354\" \/><\/p>\n","protected":false},"excerpt":{"rendered":"<p>Nous quittons Puerto del Hornillo \u00e0 11h45 pour la baie de Cartagena o\u00f9 plusieurs lieux de mouillages existent. Un bon vent d&rsquo;Est force 3-4 nous m\u00e8ne au NNE \u00e0 une vitesse qui va de 5 \u00e0 7N. A l&rsquo;entr\u00e9e dans &hellip; <a href=\"https:\/\/ericante.fr\/?p=436\">Continuer la lecture <span class=\"meta-nav\">&rarr;<\/span><\/a><\/p>\n","protected":false},"author":1,"featured_media":0,"comment_status":"open","ping_status":"open","sticky":false,"template":"","format":"standard","meta":{"_monsterinsights_skip_tracking":false,"_monsterinsights_sitenote_active":false,"_monsterinsights_sitenote_note":"","_monsterinsights_sitenote_category":0,"_uf_show_specific_survey":0,"_uf_disable_surveys":false,"footnotes":""},"categories":[105],"tags":[158,159],"class_list":["post-436","post","type-post","status-publish","format-standard","hentry","category-espagne","tag-cala-de-la-salinotra","tag-carthagene"],"_links":{"self":[{"href":"https:\/\/ericante.fr\/index.php?rest_route=\/wp\/v2\/posts\/436","targetHints":{"allow":["GET"]}}],"collection":[{"href":"https:\/\/ericante.fr\/index.php?rest_route=\/wp\/v2\/posts"}],"about":[{"href":"https:\/\/ericante.fr\/index.php?rest_route=\/wp\/v2\/types\/post"}],"author":[{"embeddable":true,"href":"https:\/\/ericante.fr\/index.php?rest_route=\/wp\/v2\/users\/1"}],"replies":[{"embeddable":true,"href":"https:\/\/ericante.fr\/index.php?rest_route=%2Fwp%2Fv2%2Fcomments&post=436"}],"version-history":[{"count":2,"href":"https:\/\/ericante.fr\/index.php?rest_route=\/wp\/v2\/posts\/436\/revisions"}],"predecessor-version":[{"id":439,"href":"https:\/\/ericante.fr\/index.php?rest_route=\/wp\/v2\/posts\/436\/revisions\/439"}],"wp:attachment":[{"href":"https:\/\/ericante.fr\/index.php?rest_route=%2Fwp%2Fv2%2Fmedia&parent=436"}],"wp:term":[{"taxonomy":"category","embeddable":true,"href":"https:\/\/ericante.fr\/index.php?rest_route=%2Fwp%2Fv2%2Fcategories&post=436"},{"taxonomy":"post_tag","embeddable":true,"href":"https:\/\/ericante.fr\/index.php?rest_route=%2Fwp%2Fv2%2Ftags&post=436"}],"curies":[{"name":"wp","href":"https:\/\/api.w.org\/{rel}","templated":true}]}}