{"id":427,"date":"2012-06-11T09:04:58","date_gmt":"2012-06-11T08:04:58","guid":{"rendered":"http:\/\/ericante.fr\/?p=427"},"modified":"2015-08-14T09:09:48","modified_gmt":"2015-08-14T08:09:48","slug":"puerto-genoves-du-qamedi-9-au-dimanche-10-juin-2012","status":"publish","type":"post","link":"https:\/\/ericante.fr\/?p=427","title":{"rendered":"Puerto Genoves, du samedi 9 au dimanche 10 juin 2012"},"content":{"rendered":"<p style=\"text-align: justify;\">D\u00e9part d&rsquo;Almerimar \u00e0 10h avec un vent d&rsquo;Est faible qui tombe compl\u00e8tement \u00e0 11h. Le vent se l\u00e8ve de nouveau \u00e0 14h de l&rsquo;ouest mais il est tr\u00e8s faible, et, ne permet pas d&rsquo;arr\u00eater le moteur.<br \/>\nNous passons le cabo Gata \u00e0 15 heures et entr\u00e9e dans l&rsquo;anse de Puerto Genoves. Nous mouillons par 3 m\u00e8tres de fond de sable dans un jolie crique bien abrit\u00e9e.<img loading=\"lazy\" decoding=\"async\" class=\"lazy aligncenter\" title=\"\" src=\"http:\/\/dev.stw.fr\/sites\/default\/files\/833\/images\/3931256163.JPG\" alt=\"9-6-12 17h13 Anse de Genoves vol d'oiseaux.JPG\" width=\"554\" height=\"349\" \/><br \/>\nL&rsquo;eau qui \u00e9tait \u00e0 24\u00b0 au large n&rsquo;est plus qu&rsquo;\u00e0 20\u00b0 dans l&rsquo;anse et nous nous contenterons d&rsquo;un bain de pied.<br \/>\nDans l&rsquo;anse de Puerto Genoves nous retrouvons plusieurs voiliers que nous avons d\u00e9j\u00e0 vus\u00a0: D\u00fcvel ok, le voilier allemand vert en alu, Bagherra un voilier anglais ayant un \u00e9metteur AIS (ce qui permet de le suivre jusqu&rsquo;\u00e0 10 miles m\u00eame si on ne le voit pas) et un trimaran Dragon Fly battant pavillon fran\u00e7ais avec 4 hommes \u00e0 bord ressemblant \u00e0 un bateau que nous avions crois\u00e9 l&rsquo;ann\u00e9e derni\u00e8re en Irlande.<\/p>\n<p><img loading=\"lazy\" decoding=\"async\" class=\"lazy alignleft\" title=\"\" src=\"http:\/\/dev.stw.fr\/sites\/default\/files\/833\/images\/3628950927.JPG\" alt=\"10-6-12 9h36 Magic \u00e0 Genoves.JPG\" width=\"624\" height=\"165\" \/><\/p>\n","protected":false},"excerpt":{"rendered":"<p>D\u00e9part d&rsquo;Almerimar \u00e0 10h avec un vent d&rsquo;Est faible qui tombe compl\u00e8tement \u00e0 11h. Le vent se l\u00e8ve de nouveau \u00e0 14h de l&rsquo;ouest mais il est tr\u00e8s faible, et, ne permet pas d&rsquo;arr\u00eater le moteur. Nous passons le cabo &hellip; <a href=\"https:\/\/ericante.fr\/?p=427\">Continuer la lecture <span class=\"meta-nav\">&rarr;<\/span><\/a><\/p>\n","protected":false},"author":1,"featured_media":0,"comment_status":"open","ping_status":"open","sticky":false,"template":"","format":"standard","meta":{"_monsterinsights_skip_tracking":false,"_monsterinsights_sitenote_active":false,"_monsterinsights_sitenote_note":"","_monsterinsights_sitenote_category":0,"_uf_show_specific_survey":0,"_uf_disable_surveys":false,"footnotes":""},"categories":[105],"tags":[155],"class_list":["post-427","post","type-post","status-publish","format-standard","hentry","category-espagne","tag-puertp-genoves"],"_links":{"self":[{"href":"https:\/\/ericante.fr\/index.php?rest_route=\/wp\/v2\/posts\/427","targetHints":{"allow":["GET"]}}],"collection":[{"href":"https:\/\/ericante.fr\/index.php?rest_route=\/wp\/v2\/posts"}],"about":[{"href":"https:\/\/ericante.fr\/index.php?rest_route=\/wp\/v2\/types\/post"}],"author":[{"embeddable":true,"href":"https:\/\/ericante.fr\/index.php?rest_route=\/wp\/v2\/users\/1"}],"replies":[{"embeddable":true,"href":"https:\/\/ericante.fr\/index.php?rest_route=%2Fwp%2Fv2%2Fcomments&post=427"}],"version-history":[{"count":3,"href":"https:\/\/ericante.fr\/index.php?rest_route=\/wp\/v2\/posts\/427\/revisions"}],"predecessor-version":[{"id":430,"href":"https:\/\/ericante.fr\/index.php?rest_route=\/wp\/v2\/posts\/427\/revisions\/430"}],"wp:attachment":[{"href":"https:\/\/ericante.fr\/index.php?rest_route=%2Fwp%2Fv2%2Fmedia&parent=427"}],"wp:term":[{"taxonomy":"category","embeddable":true,"href":"https:\/\/ericante.fr\/index.php?rest_route=%2Fwp%2Fv2%2Fcategories&post=427"},{"taxonomy":"post_tag","embeddable":true,"href":"https:\/\/ericante.fr\/index.php?rest_route=%2Fwp%2Fv2%2Ftags&post=427"}],"curies":[{"name":"wp","href":"https:\/\/api.w.org\/{rel}","templated":true}]}}