{"id":424,"date":"2012-06-10T09:04:50","date_gmt":"2012-06-10T08:04:50","guid":{"rendered":"http:\/\/ericante.fr\/?p=424"},"modified":"2015-08-14T09:10:34","modified_gmt":"2015-08-14T08:10:34","slug":"almerimar-du-jeudi-7-au-samedi-9-juin-2012","status":"publish","type":"post","link":"https:\/\/ericante.fr\/?p=424","title":{"rendered":"Almerimar, du jeudi 7 au samedi 9 juin 2012"},"content":{"rendered":"<p style=\"text-align: justify;\">10<img loading=\"lazy\" decoding=\"async\" class=\"lazy alignleft\" title=\"\" src=\"http:\/\/dev.stw.fr\/sites\/default\/files\/833\/images\/2672590922.jpg\" alt=\"6-6-12 19h27 D\u00fcvel voisin alu.jpg\" width=\"312\" height=\"186\" \/>L&rsquo;Ericante quitte son beau voilier voisin en aluminium vert \u00e0 6h45 pour le port d&rsquo;Almerimar \u00e0 42 M \u00e0 l&rsquo;Est. GV, g\u00e9nois, moteur et radar dans une \u00e9paisse brume matinale qui se l\u00e8ve \u00e0 9 h.<img loading=\"lazy\" decoding=\"async\" class=\" alignright\" src=\"http:\/\/dev.stw.fr\/sites\/default\/files\/833\/images\/3839390905.JPG\" alt=\"7-6-12 10h49 vent arri\u00e8re sous genaker et g\u00e9nois.JPG\" width=\"278\" height=\"208\" \/><br \/>\nEn d\u00e9but d&rsquo;apr\u00e8s midi le vent se l\u00e8ve timidement le g\u00e9nois et gennaker portent, puis se renforce \u00e0 20N \u00e0 l&rsquo;entr\u00e9e dans le port d&rsquo;Almerimar. Pour la 1\u00e8re fois nous prenons une place m\u00e9diterran\u00e9enne avant sur pendilles et arri\u00e8re au quai avec la 1\u00e8re utilisation de notre passerelle.<\/p>\n<p><img loading=\"lazy\" decoding=\"async\" class=\"lazy aligncenter\" title=\"\" src=\"http:\/\/dev.stw.fr\/sites\/default\/files\/833\/images\/2878065031.JPG\" alt=\"8-6-12 Ericante \u00e0 Almeriamar.JPG\" width=\"645\" height=\"378\" \/><\/p>\n<p style=\"text-align: justify;\">Almerimar est une tr\u00e8s grande marina cr\u00e9\u00e9e \u00e0 partir de rien il y a d\u00e9j\u00e0 plus de vingt ans. La capitainerie est magnifique. A l&rsquo;image d&rsquo;une station de montagne les immeubles s&rsquo;int\u00e8grent assez bien dans le paysage autour des trois bassins de plaisance. Deux grandes plages bordent la marina. Quelques bateaux vieillissant stagnent au fond des darses. Beaucoup de bateaux allant vers les Bal\u00e9ares s&rsquo;y sont mis \u00e0 l&rsquo;abri du coup de vent annonc\u00e9.<\/p>\n<p><img loading=\"lazy\" decoding=\"async\" class=\"lazy\" title=\"\" src=\"http:\/\/dev.stw.fr\/sites\/default\/files\/833\/images\/149842495.jpg\" alt=\"9-6-12 Almerimar.jpg\" width=\"663\" height=\"497\" \/><\/p>\n","protected":false},"excerpt":{"rendered":"<p>10L&rsquo;Ericante quitte son beau voilier voisin en aluminium vert \u00e0 6h45 pour le port d&rsquo;Almerimar \u00e0 42 M \u00e0 l&rsquo;Est. GV, g\u00e9nois, moteur et radar dans une \u00e9paisse brume matinale qui se l\u00e8ve \u00e0 9 h. En d\u00e9but d&rsquo;apr\u00e8s midi &hellip; <a href=\"https:\/\/ericante.fr\/?p=424\">Continuer la lecture <span class=\"meta-nav\">&rarr;<\/span><\/a><\/p>\n","protected":false},"author":1,"featured_media":0,"comment_status":"open","ping_status":"open","sticky":false,"template":"","format":"standard","meta":{"_monsterinsights_skip_tracking":false,"_monsterinsights_sitenote_active":false,"_monsterinsights_sitenote_note":"","_monsterinsights_sitenote_category":0,"_uf_show_specific_survey":0,"_uf_disable_surveys":false,"footnotes":""},"categories":[105],"tags":[154],"class_list":["post-424","post","type-post","status-publish","format-standard","hentry","category-espagne","tag-almerimar"],"_links":{"self":[{"href":"https:\/\/ericante.fr\/index.php?rest_route=\/wp\/v2\/posts\/424","targetHints":{"allow":["GET"]}}],"collection":[{"href":"https:\/\/ericante.fr\/index.php?rest_route=\/wp\/v2\/posts"}],"about":[{"href":"https:\/\/ericante.fr\/index.php?rest_route=\/wp\/v2\/types\/post"}],"author":[{"embeddable":true,"href":"https:\/\/ericante.fr\/index.php?rest_route=\/wp\/v2\/users\/1"}],"replies":[{"embeddable":true,"href":"https:\/\/ericante.fr\/index.php?rest_route=%2Fwp%2Fv2%2Fcomments&post=424"}],"version-history":[{"count":3,"href":"https:\/\/ericante.fr\/index.php?rest_route=\/wp\/v2\/posts\/424\/revisions"}],"predecessor-version":[{"id":431,"href":"https:\/\/ericante.fr\/index.php?rest_route=\/wp\/v2\/posts\/424\/revisions\/431"}],"wp:attachment":[{"href":"https:\/\/ericante.fr\/index.php?rest_route=%2Fwp%2Fv2%2Fmedia&parent=424"}],"wp:term":[{"taxonomy":"category","embeddable":true,"href":"https:\/\/ericante.fr\/index.php?rest_route=%2Fwp%2Fv2%2Fcategories&post=424"},{"taxonomy":"post_tag","embeddable":true,"href":"https:\/\/ericante.fr\/index.php?rest_route=%2Fwp%2Fv2%2Ftags&post=424"}],"curies":[{"name":"wp","href":"https:\/\/api.w.org\/{rel}","templated":true}]}}