{"id":420,"date":"2012-06-08T18:56:02","date_gmt":"2012-06-08T17:56:02","guid":{"rendered":"http:\/\/ericante.fr\/?p=420"},"modified":"2016-02-09T09:15:19","modified_gmt":"2016-02-09T08:15:19","slug":"ensenada-de-las-berengueles-du-mercredi-6-au-jeudi-7-juin-2012","status":"publish","type":"post","link":"https:\/\/ericante.fr\/?p=420","title":{"rendered":"Ensenada de las Berengueles, du mercredi 6 au jeudi 7 juin 2012"},"content":{"rendered":"<p style=\"text-align: justify;\">Du 4 au 6 juin 2012 \u2013 Etape de 80 miles de Gibraltar \u00e0 Cala Velez Malaga &#8211;<br \/>\nCala de la Miel et Ensenada de los Berengueles<br \/>\nTh\u00e8mes abord\u00e9s : la navigation de nuit \u2013 La pollution<\/p>\n<p style=\"text-align: justify;\">Nous quittons la marina de la Lin\u00e9a \u00e0 14h30 pour profiter des courants portants vers la M\u00e9diterran\u00e9e. L&rsquo;escale pr\u00e9vue est une anse, cala Sardina derri\u00e8re le Rocher.<img loading=\"lazy\" decoding=\"async\" class=\"lazy alignleft\" title=\"\" src=\"http:\/\/dev.stw.fr\/sites\/default\/files\/833\/images\/3097447121.2.jpg\" alt=\"4-6-12 6h23 le rocher au soleil levant de la marina de Linea.jpg\" width=\"446\" height=\"190\" \/> A la sortie de la baie de Gibraltar o\u00f9 nous avons tir\u00e9 deux bords, les vents nous sont favorables. 25 n\u0153uds de vent (50km) pousse l&rsquo;Ericante \u00e0 la vitesse de 7-8N. Il laisse dans son sillage les c\u00f4tes africaines et Gibraltar. Enthousiasm\u00e9s par ces belles conditions de navigation nous d\u00e9cidons d&rsquo;aller plus loin et de naviguer la nuit. Eric vise un mouillage bien \u00e0 l&rsquo;Est de Malaga<br \/>\n<img loading=\"lazy\" decoding=\"async\" class=\"lazy aligncenter\" title=\"\" src=\"http:\/\/dev.stw.fr\/sites\/default\/files\/833\/images\/3967375681.2.JPG\" alt=\"4-6-12 15h32 l'afrique dans le sillage.JPG\" width=\"634\" height=\"350\" \/>Le bateau est sous GV et g\u00e9nois dans la nuit. Les AIS des cargos n&rsquo;apparaissent plus sur l&rsquo;\u00e9cran, deux bateaux de p\u00eache scintillent \u00e0 l&rsquo;Est. Nous avons sorti les vestes chaudes. Le souffle soyeux des dauphins nous accompagnent jusqu&rsquo;au petit matin. Les quarts de deux heures 30 se succ\u00e8dent. C&rsquo;est le rythme nocturne que nous avons adopt\u00e9s apr\u00e8s quelques essais de 4h puis 3h de quart. Celui qui barre la nuit quelque soit le temps porte le gilet de sauvetage et est reli\u00e9 \u00e0 la ligne de vie. Celui qui dort est dans la couchette pr\u00e8s de la descente. Les r\u00e9veils se font naturellement. Eric chauffe son caf\u00e9 tandis que si la mer est agit\u00e9e je sors rapidement prendre mon \u00bc car, m\u00eame amarin\u00e9e l&rsquo;air vif me ravigote. Beaucoup de couples nous ont dit avoir adopt\u00e9 des rythmes de sommeil assez courts.<br \/>\nLors des longues travers\u00e9es de plusieurs jours il est courant que la somnolence s&rsquo;installe chez le barreur. Les r\u00e9cits de marins semble conforter l&rsquo;id\u00e9e qu&rsquo;un sixi\u00e8me sens alertent le marin de l&rsquo;approche d&rsquo;un danger. Dans l&rsquo;obscurit\u00e9, les collisions avec ofnis font partie des al\u00e9as. A la barre, la nuit j&rsquo;aime chanter. Les \u00e9toiles et la mer, mon seul public, sont indulgentes, et il\u00a0m&rsquo;arrive de prier.<br \/>\nA cinq heures une brume \u00e9paisse tombe, le radar est branch\u00e9. Eric a \u00e9tudi\u00e9 le guide et m&rsquo;explique plusieurs fonctions qui s&rsquo;av\u00e8rent bien utiles. A 7h la Guardia Civil s&rsquo;approche et nous demande par VHF d&rsquo;o\u00f9 l&rsquo;on vient et notre destination. Nous avions vu leur bateau partir patrouiller dans la nuit.<br \/>\nPour eux ce sera sans doute la seule intervention de cette belle nuit m\u00e9diterran\u00e9enne.<br \/>\nA 10h30 nous mouillons l&rsquo;ancre devant la plage de Velez Malaga. Nous sommes devant une barre d&rsquo;immeubles \u00e0 proximit\u00e9 d&rsquo;une ferme marine. Des d\u00e9chets de nourriture en suspension et des plaques grasses souillent la mer. Nous dormons. Sunbeam II, un voilier que nous avons d\u00e9j\u00e0 rencontr\u00e9s a mouill\u00e9 le long de la plage. <img decoding=\"async\" class=\"lazy alignleft\" title=\"\" src=\"http:\/\/dev.stw.fr\/sites\/default\/files\/833\/images\/3234687861.JPG\" alt=\"6-6-12 16h54 Pollution au large de Malaga.JPG\" \/>L&rsquo;apr\u00e8s-midi Eric fait une r\u00e9paration de fortune d&rsquo;une plaque en plastique dans la base de l&rsquo;enrouleur de g\u00e9nois que nous avons d\u00fb affaler en arrivant. A 17h30 nous quittons ce mouillage comme Sunbeam pour la cala de la Miel plus jolie \u00e0 2h30 de l\u00e0. Nous y passons la journ\u00e9e pour r\u00e9cup\u00e9rer de notre nuit de navigation. Mais les suspensions naus\u00e9abondes sont toujours pr\u00e9sentes dans l&rsquo;eau. Tan pis pour le bain, d&rsquo;ailleurs personne ne se baigne sur la plage\u00a0! \u00c0 17h30 nous levons l&rsquo;ancre vers la belle cala de los Berengueles.<\/p>\n<p style=\"text-align: justify;\"><img decoding=\"async\" class=\"lazy alignright\" title=\"\" src=\"http:\/\/dev.stw.fr\/sites\/default\/files\/833\/images\/3741181841.2.JPG\" alt=\"6-6-12 16h55 pollution au large de Malaga.JPG\" \/><br \/>\nEricante se retrouve dans un magma immonde. Des nappes jaun\u00e2tres recouvrent la mer. Une odeur \u00e9c\u0153urante de poissons pourris stagnent sur la surface. Horrifi\u00e9s et r\u00e9volt\u00e9s nous comprenons que ceux sont les fermes marines qui sont la cause de cette pollution. La surp\u00eache a \u00e9t\u00e9 compens\u00e9e par l&rsquo;aquaculture intensive. Les saumons, que nous trouvons en vente dans les supermarch\u00e9s espagnols avec l&rsquo;origine indiqu\u00e9e\u00a0: Malaga, sont nourris avec quoi\u00a0? Est ce la seule solution trouv\u00e9e pour nourrir l&rsquo;\u00eatre humain \u00e0 un co\u00fbt rentable. Les touristes vont-ils venir peupler les barres d&rsquo;immeubles de la Costa del Sol et continuer \u00e0 venir se dorer sur la plage sans pouvoir se baigner\u00a0? Nous esp\u00e9rons que la crise \u00e9conomique ne fera pas oublier que sans une nature pr\u00e9serv\u00e9e l&rsquo;\u00eatre humain ne survivra pas.<\/p>\n<p style=\"text-align: justify;\">En mer nous avons rencontr\u00e9s quelques d\u00e9chets d\u00e9rivant constitu\u00e9s principalement de polystyr\u00e8ne et de bouteilles et sacs plastiques. Les plus grosses concentrations sont dans les ports et les plages o\u00f9 ils \u00e9chouent. L&rsquo;analyse de cette vid\u00e9o intitul\u00e9e \u00ab\u00a0Des \u00eeles de d\u00e9chets\u00a0\u00bb nous a paru particuli\u00e8rement int\u00e9ressante.\u00a0<u><a href=\"http:\/\/www.youtube.com\/watch?v=0gQL1jAa71s\" rel=\"nofollow\">Septi\u00e8me continent<\/a><\/u><\/p>\n<p style=\"text-align: justify;\">\n","protected":false},"excerpt":{"rendered":"<p>Du 4 au 6 juin 2012 \u2013 Etape de 80 miles de Gibraltar \u00e0 Cala Velez Malaga &#8211; Cala de la Miel et Ensenada de los Berengueles Th\u00e8mes abord\u00e9s : la navigation de nuit \u2013 La pollution Nous quittons la &hellip; <a href=\"https:\/\/ericante.fr\/?p=420\">Continuer la lecture <span class=\"meta-nav\">&rarr;<\/span><\/a><\/p>\n","protected":false},"author":1,"featured_media":0,"comment_status":"open","ping_status":"open","sticky":false,"template":"","format":"standard","meta":{"_monsterinsights_skip_tracking":false,"_monsterinsights_sitenote_active":false,"_monsterinsights_sitenote_note":"","_monsterinsights_sitenote_category":0,"_uf_show_specific_survey":0,"_uf_disable_surveys":false,"footnotes":""},"categories":[105],"tags":[151,150,152,149],"class_list":["post-420","post","type-post","status-publish","format-standard","hentry","category-espagne","tag-cala-de-la-miel","tag-cala-velez-malaga","tag-ensenada-de-las-berguenes","tag-gibraltar"],"_links":{"self":[{"href":"https:\/\/ericante.fr\/index.php?rest_route=\/wp\/v2\/posts\/420","targetHints":{"allow":["GET"]}}],"collection":[{"href":"https:\/\/ericante.fr\/index.php?rest_route=\/wp\/v2\/posts"}],"about":[{"href":"https:\/\/ericante.fr\/index.php?rest_route=\/wp\/v2\/types\/post"}],"author":[{"embeddable":true,"href":"https:\/\/ericante.fr\/index.php?rest_route=\/wp\/v2\/users\/1"}],"replies":[{"embeddable":true,"href":"https:\/\/ericante.fr\/index.php?rest_route=%2Fwp%2Fv2%2Fcomments&post=420"}],"version-history":[{"count":8,"href":"https:\/\/ericante.fr\/index.php?rest_route=\/wp\/v2\/posts\/420\/revisions"}],"predecessor-version":[{"id":3077,"href":"https:\/\/ericante.fr\/index.php?rest_route=\/wp\/v2\/posts\/420\/revisions\/3077"}],"wp:attachment":[{"href":"https:\/\/ericante.fr\/index.php?rest_route=%2Fwp%2Fv2%2Fmedia&parent=420"}],"wp:term":[{"taxonomy":"category","embeddable":true,"href":"https:\/\/ericante.fr\/index.php?rest_route=%2Fwp%2Fv2%2Fcategories&post=420"},{"taxonomy":"post_tag","embeddable":true,"href":"https:\/\/ericante.fr\/index.php?rest_route=%2Fwp%2Fv2%2Ftags&post=420"}],"curies":[{"name":"wp","href":"https:\/\/api.w.org\/{rel}","templated":true}]}}