{"id":42,"date":"2011-05-08T12:16:04","date_gmt":"2011-05-08T11:16:04","guid":{"rendered":"http:\/\/ericante.fr\/?p=42"},"modified":"2015-08-02T08:15:27","modified_gmt":"2015-08-02T07:15:27","slug":"1er-mai-2011-depart-de-logonna","status":"publish","type":"post","link":"https:\/\/ericante.fr\/?p=42","title":{"rendered":"1er mai 2011 d\u00e9part de Logonna"},"content":{"rendered":"<p style=\"text-align: justify;\">\u00a0 \u00a0 \u00a0 \u00a0 \u00a0 \u00a0 \u00a0 \u00a0 \u00a0 \u00a0 \u00a0 \u00a0 \u00a0 \u00a0 \u00a0 \u00a0 \u00a0 \u00a0 \u00a0 \u00a0 \u00a0 \u00a0 \u00a0\u00a0<a href=\"https:\/\/ericante.fr\/wp-content\/uploads\/2015\/07\/1-5-dans-le-chenal-du-fourstw.jpg\"><img loading=\"lazy\" decoding=\"async\" class=\"alignnone size-medium wp-image-45\" src=\"https:\/\/ericante.fr\/wp-content\/uploads\/2015\/07\/1-5-dans-le-chenal-du-fourstw-300x225.jpg\" alt=\"1-5 dans le chenal du FourStw\" width=\"300\" height=\"225\" srcset=\"https:\/\/ericante.fr\/wp-content\/uploads\/2015\/07\/1-5-dans-le-chenal-du-fourstw-300x225.jpg 300w, https:\/\/ericante.fr\/wp-content\/uploads\/2015\/07\/1-5-dans-le-chenal-du-fourstw.jpg 1024w\" sizes=\"auto, (max-width: 300px) 100vw, 300px\" \/><\/a><\/p>\n<p style=\"text-align: justify;\">Le 1er mai 2011 \u00e0 8h30 nous larguons les amarres de Logonna vers notre premi\u00e8re \u00e9tape : <strong>Les Scilly<\/strong>.<br \/>\nUn court arr\u00eat au ponton du port du Ch\u00e2teau de Brest pour faire les pleins de gasoil et d&rsquo;eau et c&rsquo;est parti pour une premi\u00e8re travers\u00e9e de 24h. Le d\u00e9part se fait \u00e0 la voile par un vent d&rsquo;Est force 2 et un courant montant pour quitter les c\u00f4tes fran\u00e7aises par le chenal du four.<br \/>\n17h on double Ouessant et \u00e0 21h le vent tombe \u00e0 2 N plein arri\u00e8re. Travers\u00e9e du rail au moteur avec une mer faisant beaucoup rouler le bateau. Au petit matin il pleut et vers 7h le vent se l\u00e8ve secteur Est 12 \u00e0 14 N \u00e0 30 M des Scilly. Grand voile et g\u00e9nois, nous avan\u00e7ons grand largue \u00e0 5-6 N. A 11h30 le vent fra\u00eechit, on prend un ris vitesse 6-7 N, \u00e0 13h vent 25 \u00e0 30 N, 2 ris dans la G.V. + 2\/3 de foc. L&rsquo; Ericante entre \u00e0 toute vitesse dans le sound de St Mary o\u00f9 nous sommes bien accueillis sur une bou\u00e9e par le harbour master.<\/p>\n<p style=\"text-align: justify;\">\u00a0<a href=\"https:\/\/ericante.fr\/wp-content\/uploads\/2015\/07\/3-5-ste-mary-le-port-stw.jpg\"><img loading=\"lazy\" decoding=\"async\" class=\"alignnone  wp-image-46\" src=\"https:\/\/ericante.fr\/wp-content\/uploads\/2015\/07\/3-5-ste-mary-le-port-stw-300x236.jpg\" alt=\"3-5 Ste Mary le port Stw\" width=\"268\" height=\"211\" srcset=\"https:\/\/ericante.fr\/wp-content\/uploads\/2015\/07\/3-5-ste-mary-le-port-stw-300x236.jpg 300w, https:\/\/ericante.fr\/wp-content\/uploads\/2015\/07\/3-5-ste-mary-le-port-stw.jpg 1024w\" sizes=\"auto, (max-width: 268px) 100vw, 268px\" \/><\/a>\u00a0 \u00a0 \u00a0 \u00a0 \u00a0 \u00a0 \u00a0<img loading=\"lazy\" decoding=\"async\" class=\"alignnone  wp-image-47\" src=\"https:\/\/ericante.fr\/wp-content\/uploads\/2015\/07\/4-5-ste-mary-vue-de-la-forteresse-stw-300x199.jpg\" alt=\"4-5 Ste Mary vue de la forteresse Stw\" width=\"316\" height=\"209\" srcset=\"https:\/\/ericante.fr\/wp-content\/uploads\/2015\/07\/4-5-ste-mary-vue-de-la-forteresse-stw-300x199.jpg 300w, https:\/\/ericante.fr\/wp-content\/uploads\/2015\/07\/4-5-ste-mary-vue-de-la-forteresse-stw.jpg 1024w\" sizes=\"auto, (max-width: 316px) 100vw, 316px\" \/><\/p>\n","protected":false},"excerpt":{"rendered":"<p>\u00a0 \u00a0 \u00a0 \u00a0 \u00a0 \u00a0 \u00a0 \u00a0 \u00a0 \u00a0 \u00a0 \u00a0 \u00a0 \u00a0 \u00a0 \u00a0 \u00a0 \u00a0 \u00a0 \u00a0 \u00a0 \u00a0 \u00a0\u00a0 Le 1er mai 2011 \u00e0 8h30 nous larguons les amarres de Logonna vers notre premi\u00e8re \u00e9tape : &hellip; <a href=\"https:\/\/ericante.fr\/?p=42\">Continuer la lecture <span class=\"meta-nav\">&rarr;<\/span><\/a><\/p>\n","protected":false},"author":1,"featured_media":0,"comment_status":"open","ping_status":"open","sticky":false,"template":"","format":"standard","meta":{"_monsterinsights_skip_tracking":false,"_monsterinsights_sitenote_active":false,"_monsterinsights_sitenote_note":"","_monsterinsights_sitenote_category":0,"_uf_show_specific_survey":0,"_uf_disable_surveys":false,"footnotes":""},"categories":[10],"tags":[19,28,27],"class_list":["post-42","post","type-post","status-publish","format-standard","hentry","category-royaume-uni","tag-logonna-daoulas","tag-sainte-mary","tag-scilly"],"_links":{"self":[{"href":"https:\/\/ericante.fr\/index.php?rest_route=\/wp\/v2\/posts\/42","targetHints":{"allow":["GET"]}}],"collection":[{"href":"https:\/\/ericante.fr\/index.php?rest_route=\/wp\/v2\/posts"}],"about":[{"href":"https:\/\/ericante.fr\/index.php?rest_route=\/wp\/v2\/types\/post"}],"author":[{"embeddable":true,"href":"https:\/\/ericante.fr\/index.php?rest_route=\/wp\/v2\/users\/1"}],"replies":[{"embeddable":true,"href":"https:\/\/ericante.fr\/index.php?rest_route=%2Fwp%2Fv2%2Fcomments&post=42"}],"version-history":[{"count":7,"href":"https:\/\/ericante.fr\/index.php?rest_route=\/wp\/v2\/posts\/42\/revisions"}],"predecessor-version":[{"id":155,"href":"https:\/\/ericante.fr\/index.php?rest_route=\/wp\/v2\/posts\/42\/revisions\/155"}],"wp:attachment":[{"href":"https:\/\/ericante.fr\/index.php?rest_route=%2Fwp%2Fv2%2Fmedia&parent=42"}],"wp:term":[{"taxonomy":"category","embeddable":true,"href":"https:\/\/ericante.fr\/index.php?rest_route=%2Fwp%2Fv2%2Fcategories&post=42"},{"taxonomy":"post_tag","embeddable":true,"href":"https:\/\/ericante.fr\/index.php?rest_route=%2Fwp%2Fv2%2Ftags&post=42"}],"curies":[{"name":"wp","href":"https:\/\/api.w.org\/{rel}","templated":true}]}}