{"id":343,"date":"2012-04-23T17:06:08","date_gmt":"2012-04-23T16:06:08","guid":{"rendered":"http:\/\/ericante.fr\/?p=343"},"modified":"2015-08-11T05:55:34","modified_gmt":"2015-08-11T04:55:34","slug":"aveiro-du-vendredi-20-au-dimanche-22-avril-2012","status":"publish","type":"post","link":"https:\/\/ericante.fr\/?p=343","title":{"rendered":"Aveiro, du vendredi 20 au dimanche 22 avril 2012"},"content":{"rendered":"<p>&nbsp;<\/p>\n<p style=\"text-align: justify;\">A 9h15, la secr\u00e9taire de la Marina de Leix\u00f6es r\u00e9ussit \u00e0 joindre le port d&rsquo;Aveiro pour conna\u00eetre l&rsquo;\u00e9tat de la barre d&rsquo;entr\u00e9e qui est r\u00e9put\u00e9e pour sa dangerosit\u00e9 lors de houle sup\u00e9rieure \u00e0 1,50m. Windguru pr\u00e9voit des vagues entre 2,20 et 2,50m. La consigne est claire, \u00abapr\u00e8s 16h ce sera dangereux\u00bb r\u00e9p\u00e8te-t-il deux fois au t\u00e9l\u00e9phone. Nous filons au bateau, notre lamaneur tann\u00e9 largue nos amarres,et, nous hissons GV , g\u00e9nois et moteur b\u00e2bord pour maintenir une vitesse sup\u00e9rieure \u00e0 6 n\u0153uds.<\/p>\n<p style=\"text-align: justify;\"><img decoding=\"async\" class=\"lazy aligncenter\" title=\"\" src=\"http:\/\/dev.stw.fr\/sites\/default\/files\/833\/images\/2650791280.JPG\" alt=\"20-04-2012 La houle du Portugal Leixoes.JPG\" \/><\/p>\n<p style=\"text-align: justify;\">La mer est bien form\u00e9e, le vent d&rsquo;ouest vire \u00e0 WSW. Nous franchissons la barre d&rsquo;Aveiro \u00e0 la fin de mar\u00e9e montante \u00e0 15h30.<br \/>\nApr\u00e8s le chahut de cette navigation,<img loading=\"lazy\" decoding=\"async\" class=\"lazy alignright\" title=\"\" src=\"http:\/\/dev.stw.fr\/sites\/default\/files\/833\/images\/1371650409.JPG\" alt=\"20-04-2012 remont\u00e9e de la rivi\u00e8re d'Aveiro avec le courant.JPG\" width=\"389\" height=\"292\" \/> nous glissons sur l&rsquo;eau avec le courant portant jusqu&rsquo;au havre de paix de la baie de S Jacinto. Ericante est sur ancre, le vent est compl\u00e8tement tomb\u00e9, un village avec des palmiers et de grandes dunes nous entourent. Au loin nous apercevons la zone industrielle d&rsquo;Aveiro. Nous passons 2 nuits dans ce mouillage tr\u00e8s calme avec comme compagnons de nombreux p\u00eacheurs \u00e0 la ligne.<br \/>\nLe 21, le capitaine souffle 2 bougies, moyen du bord oblige, sur un beau far breton cuit dans le cuisini\u00e8re au gasoil.<img decoding=\"async\" class=\"lazy alignleft\" title=\"\" src=\"http:\/\/dev.stw.fr\/sites\/default\/files\/833\/images\/2427810124.JPG\" alt=\"21-04-2012 66 ans Eric.JPG\" \/><br \/>\nNous descendons \u00e0 Sao Jacinto avec notre \u00abbassine\u00bb. Nous prenons un caf\u00e9 dans une panederia o\u00f9 nous achetons du pain et 2 friands et trouvons\u00a0une\u00a0salade dans une\u00a0fruteiria. Tour du village qui avait autrefois un chantier de bateaux d\u00e9sormais d\u00e9saffect\u00e9. La grande navette qui assure le transport fluvial entre Aveiro et Sao Jacinto quotidiennement est en gr\u00e8ve pour la journ\u00e9e. Un cycliste campeur erre patiemment en attendant le lendemain pour son passage. Nous avons pris le rythme du Portugal et appr\u00e9cions cette langueur.<\/p>\n<p style=\"text-align: justify;\"><img loading=\"lazy\" decoding=\"async\" class=\"lazy aligncenter\" title=\"\" src=\"http:\/\/dev.stw.fr\/sites\/default\/files\/833\/images\/2060990728.JPG\" alt=\"21-04-2012 So Jacinto 1.JPG\" width=\"468\" height=\"296\" \/><\/p>\n","protected":false},"excerpt":{"rendered":"<p>&nbsp; A 9h15, la secr\u00e9taire de la Marina de Leix\u00f6es r\u00e9ussit \u00e0 joindre le port d&rsquo;Aveiro pour conna\u00eetre l&rsquo;\u00e9tat de la barre d&rsquo;entr\u00e9e qui est r\u00e9put\u00e9e pour sa dangerosit\u00e9 lors de houle sup\u00e9rieure \u00e0 1,50m. Windguru pr\u00e9voit des vagues entre &hellip; <a href=\"https:\/\/ericante.fr\/?p=343\">Continuer la lecture <span class=\"meta-nav\">&rarr;<\/span><\/a><\/p>\n","protected":false},"author":1,"featured_media":0,"comment_status":"open","ping_status":"open","sticky":false,"template":"","format":"standard","meta":{"_monsterinsights_skip_tracking":false,"_monsterinsights_sitenote_active":false,"_monsterinsights_sitenote_note":"","_monsterinsights_sitenote_category":0,"_uf_show_specific_survey":0,"_uf_disable_surveys":false,"footnotes":""},"categories":[120],"tags":[125,126],"class_list":["post-343","post","type-post","status-publish","format-standard","hentry","category-portugal","tag-aveiro","tag-san-jacinto"],"_links":{"self":[{"href":"https:\/\/ericante.fr\/index.php?rest_route=\/wp\/v2\/posts\/343","targetHints":{"allow":["GET"]}}],"collection":[{"href":"https:\/\/ericante.fr\/index.php?rest_route=\/wp\/v2\/posts"}],"about":[{"href":"https:\/\/ericante.fr\/index.php?rest_route=\/wp\/v2\/types\/post"}],"author":[{"embeddable":true,"href":"https:\/\/ericante.fr\/index.php?rest_route=\/wp\/v2\/users\/1"}],"replies":[{"embeddable":true,"href":"https:\/\/ericante.fr\/index.php?rest_route=%2Fwp%2Fv2%2Fcomments&post=343"}],"version-history":[{"count":2,"href":"https:\/\/ericante.fr\/index.php?rest_route=\/wp\/v2\/posts\/343\/revisions"}],"predecessor-version":[{"id":345,"href":"https:\/\/ericante.fr\/index.php?rest_route=\/wp\/v2\/posts\/343\/revisions\/345"}],"wp:attachment":[{"href":"https:\/\/ericante.fr\/index.php?rest_route=%2Fwp%2Fv2%2Fmedia&parent=343"}],"wp:term":[{"taxonomy":"category","embeddable":true,"href":"https:\/\/ericante.fr\/index.php?rest_route=%2Fwp%2Fv2%2Fcategories&post=343"},{"taxonomy":"post_tag","embeddable":true,"href":"https:\/\/ericante.fr\/index.php?rest_route=%2Fwp%2Fv2%2Ftags&post=343"}],"curies":[{"name":"wp","href":"https:\/\/api.w.org\/{rel}","templated":true}]}}