{"id":3403,"date":"2016-06-07T02:01:35","date_gmt":"2016-06-07T01:01:35","guid":{"rendered":"http:\/\/ericante.fr\/?p=3403"},"modified":"2016-06-07T02:01:35","modified_gmt":"2016-06-07T01:01:35","slug":"kagio-du-jeudi-5-au-vendredi-6-mai-2016","status":"publish","type":"post","link":"https:\/\/ericante.fr\/?p=3403","title":{"rendered":"Kagio, du jeudi 5 au vendredi 6 mai 2016"},"content":{"rendered":"<p style=\"text-align: justify;\"><a href=\"https:\/\/ericante.fr\/wp-content\/uploads\/2016\/06\/carte-Gr\u00e8ce-1.jpg\" rel=\"attachment wp-att-3396\"><img loading=\"lazy\" decoding=\"async\" class=\" wp-image-3396 aligncenter\" src=\"https:\/\/ericante.fr\/wp-content\/uploads\/2016\/06\/carte-Gr\u00e8ce-1-300x195.jpg\" alt=\"carte Gr\u00e8ce 1\" width=\"388\" height=\"252\" srcset=\"https:\/\/ericante.fr\/wp-content\/uploads\/2016\/06\/carte-Gr\u00e8ce-1-300x195.jpg 300w, https:\/\/ericante.fr\/wp-content\/uploads\/2016\/06\/carte-Gr\u00e8ce-1-768x500.jpg 768w, https:\/\/ericante.fr\/wp-content\/uploads\/2016\/06\/carte-Gr\u00e8ce-1.jpg 1024w\" sizes=\"auto, (max-width: 388px) 100vw, 388px\" \/><\/a><\/p>\n<p style=\"text-align: justify;\">Nous quittons Kalamata qui est au fond de la premi\u00e8re commissure pour Porto Kagio, derri\u00e8re la pointe du deuxi\u00e8me doigt, de bonne heure, quelques minutes apr\u00e8s que la pluie ait cess\u00e9e. Le vent est faible ne d\u00e9passant jamais les 10 n\u0153uds et nous parcourons les 48 miles de l&rsquo;\u00e9tape \u00e0 la voile aid\u00e9 d&rsquo;un moteur.<\/p>\n<p style=\"text-align: justify;\"><a href=\"https:\/\/ericante.fr\/wp-content\/uploads\/2016\/06\/2016-05-05-17h41-phare-Tainaro-1.jpg\" rel=\"attachment wp-att-3404\"><img loading=\"lazy\" decoding=\"async\" class=\" wp-image-3404 aligncenter\" src=\"https:\/\/ericante.fr\/wp-content\/uploads\/2016\/06\/2016-05-05-17h41-phare-Tainaro-1-300x198.jpg\" alt=\"2016-05-05 17h41 phare Tainaro\" width=\"379\" height=\"250\" srcset=\"https:\/\/ericante.fr\/wp-content\/uploads\/2016\/06\/2016-05-05-17h41-phare-Tainaro-1-300x198.jpg 300w, https:\/\/ericante.fr\/wp-content\/uploads\/2016\/06\/2016-05-05-17h41-phare-Tainaro-1-768x506.jpg 768w, https:\/\/ericante.fr\/wp-content\/uploads\/2016\/06\/2016-05-05-17h41-phare-Tainaro-1.jpg 1024w\" sizes=\"auto, (max-width: 379px) 100vw, 379px\" \/><\/a><\/p>\n<p style=\"text-align: justify;\">Nous doublons le cap Tainaro, marquant la pointe du deuxi\u00e8me doigt et le point le plus sud du P\u00e9loponn\u00e8se \u00e0 18 heures pour entrer dans l&rsquo;anse de Kavio \u00e0 19 heures. Il s&rsquo;agit d&rsquo;un beau mouillage bien abrit\u00e9e.<\/p>\n<p style=\"text-align: justify;\"><a href=\"https:\/\/ericante.fr\/wp-content\/uploads\/2016\/06\/2016-05-05-19h-baie-ferm\u00e9e-Kagio.jpg\" rel=\"attachment wp-att-3392\"><img loading=\"lazy\" decoding=\"async\" class=\"alignnone  wp-image-3392\" src=\"https:\/\/ericante.fr\/wp-content\/uploads\/2016\/06\/2016-05-05-19h-baie-ferm\u00e9e-Kagio-300x191.jpg\" alt=\"2016-05-05 19h baie ferm\u00e9e Kagio\" width=\"294\" height=\"187\" srcset=\"https:\/\/ericante.fr\/wp-content\/uploads\/2016\/06\/2016-05-05-19h-baie-ferm\u00e9e-Kagio-300x191.jpg 300w, https:\/\/ericante.fr\/wp-content\/uploads\/2016\/06\/2016-05-05-19h-baie-ferm\u00e9e-Kagio-768x489.jpg 768w, https:\/\/ericante.fr\/wp-content\/uploads\/2016\/06\/2016-05-05-19h-baie-ferm\u00e9e-Kagio.jpg 1024w\" sizes=\"auto, (max-width: 294px) 100vw, 294px\" \/><\/a>\u00a0<a href=\"https:\/\/ericante.fr\/wp-content\/uploads\/2016\/06\/2016-05-05-19h01-les-tavernas-Kagio.jpg\" rel=\"attachment wp-att-3393\"><img loading=\"lazy\" decoding=\"async\" class=\"alignnone  wp-image-3393\" src=\"https:\/\/ericante.fr\/wp-content\/uploads\/2016\/06\/2016-05-05-19h01-les-tavernas-Kagio-300x172.jpg\" alt=\"2016-05-05 19h01 les tavernas Kagio\" width=\"330\" height=\"189\" srcset=\"https:\/\/ericante.fr\/wp-content\/uploads\/2016\/06\/2016-05-05-19h01-les-tavernas-Kagio-300x172.jpg 300w, https:\/\/ericante.fr\/wp-content\/uploads\/2016\/06\/2016-05-05-19h01-les-tavernas-Kagio-768x440.jpg 768w, https:\/\/ericante.fr\/wp-content\/uploads\/2016\/06\/2016-05-05-19h01-les-tavernas-Kagio.jpg 1024w\" sizes=\"auto, (max-width: 330px) 100vw, 330px\" \/><\/a><\/p>\n<p style=\"text-align: justify;\">Nous mouillons devant une taberna, pr\u00e8s du rivage dans une eau parfaitement transparente. Nous voyons facilement notre ancre que nous avons peint en blanc\u00a0\u00e0\u00a0Preveza.<\/p>\n<p><a href=\"https:\/\/ericante.fr\/wp-content\/uploads\/2016\/06\/2016-05-06-7h47-ancre-d\u00e9part-Kagio-2nd-doigt-Est-Peloponnn\u00e8se.jpg\" rel=\"attachment wp-att-3395\"><img loading=\"lazy\" decoding=\"async\" class=\"size-medium wp-image-3395 aligncenter\" src=\"https:\/\/ericante.fr\/wp-content\/uploads\/2016\/06\/2016-05-06-7h47-ancre-d\u00e9part-Kagio-2nd-doigt-Est-Peloponnn\u00e8se-300x209.jpg\" alt=\"2016-05-06 7h47 ancre d\u00e9part Kagio 2nd doigt Est Peloponnn\u00e8se\" width=\"300\" height=\"209\" srcset=\"https:\/\/ericante.fr\/wp-content\/uploads\/2016\/06\/2016-05-06-7h47-ancre-d\u00e9part-Kagio-2nd-doigt-Est-Peloponnn\u00e8se-300x209.jpg 300w, https:\/\/ericante.fr\/wp-content\/uploads\/2016\/06\/2016-05-06-7h47-ancre-d\u00e9part-Kagio-2nd-doigt-Est-Peloponnn\u00e8se-768x535.jpg 768w, https:\/\/ericante.fr\/wp-content\/uploads\/2016\/06\/2016-05-06-7h47-ancre-d\u00e9part-Kagio-2nd-doigt-Est-Peloponnn\u00e8se.jpg 1024w\" sizes=\"auto, (max-width: 300px) 100vw, 300px\" \/><\/a><\/p>\n<p style=\"text-align: justify;\">Le lendemain matin avant de quitter le continent pour les \u00eeles le soleil levant \u00e9claire la c\u00f4te de couleurs remarquables.<\/p>\n<p style=\"text-align: justify;\"><a href=\"https:\/\/ericante.fr\/wp-content\/uploads\/2016\/06\/2016-05-06-6h51-falaises-au-soleil-levant-Kagio.jpg\" rel=\"attachment wp-att-3394\"><img loading=\"lazy\" decoding=\"async\" class=\" wp-image-3394 aligncenter\" src=\"https:\/\/ericante.fr\/wp-content\/uploads\/2016\/06\/2016-05-06-6h51-falaises-au-soleil-levant-Kagio-300x171.jpg\" alt=\"2016-05-06 6h51 falaises au soleil levant  Kagio\" width=\"372\" height=\"212\" srcset=\"https:\/\/ericante.fr\/wp-content\/uploads\/2016\/06\/2016-05-06-6h51-falaises-au-soleil-levant-Kagio-300x171.jpg 300w, https:\/\/ericante.fr\/wp-content\/uploads\/2016\/06\/2016-05-06-6h51-falaises-au-soleil-levant-Kagio-768x438.jpg 768w, https:\/\/ericante.fr\/wp-content\/uploads\/2016\/06\/2016-05-06-6h51-falaises-au-soleil-levant-Kagio.jpg 1024w\" sizes=\"auto, (max-width: 372px) 100vw, 372px\" \/><\/a><\/p>\n","protected":false},"excerpt":{"rendered":"<p>Nous quittons Kalamata qui est au fond de la premi\u00e8re commissure pour Porto Kagio, derri\u00e8re la pointe du deuxi\u00e8me doigt, de bonne heure, quelques minutes apr\u00e8s que la pluie ait cess\u00e9e. Le vent est faible ne d\u00e9passant jamais les 10 &hellip; <a href=\"https:\/\/ericante.fr\/?p=3403\">Continuer la lecture <span class=\"meta-nav\">&rarr;<\/span><\/a><\/p>\n","protected":false},"author":1,"featured_media":0,"comment_status":"open","ping_status":"open","sticky":false,"template":"","format":"standard","meta":{"_monsterinsights_skip_tracking":false,"_monsterinsights_sitenote_active":false,"_monsterinsights_sitenote_note":"","_monsterinsights_sitenote_category":0,"_uf_show_specific_survey":0,"_uf_disable_surveys":false,"footnotes":""},"categories":[266],"tags":[294,292],"class_list":["post-3403","post","type-post","status-publish","format-standard","hentry","category-grece","tag-kagio","tag-peloponnese"],"_links":{"self":[{"href":"https:\/\/ericante.fr\/index.php?rest_route=\/wp\/v2\/posts\/3403","targetHints":{"allow":["GET"]}}],"collection":[{"href":"https:\/\/ericante.fr\/index.php?rest_route=\/wp\/v2\/posts"}],"about":[{"href":"https:\/\/ericante.fr\/index.php?rest_route=\/wp\/v2\/types\/post"}],"author":[{"embeddable":true,"href":"https:\/\/ericante.fr\/index.php?rest_route=\/wp\/v2\/users\/1"}],"replies":[{"embeddable":true,"href":"https:\/\/ericante.fr\/index.php?rest_route=%2Fwp%2Fv2%2Fcomments&post=3403"}],"version-history":[{"count":1,"href":"https:\/\/ericante.fr\/index.php?rest_route=\/wp\/v2\/posts\/3403\/revisions"}],"predecessor-version":[{"id":3405,"href":"https:\/\/ericante.fr\/index.php?rest_route=\/wp\/v2\/posts\/3403\/revisions\/3405"}],"wp:attachment":[{"href":"https:\/\/ericante.fr\/index.php?rest_route=%2Fwp%2Fv2%2Fmedia&parent=3403"}],"wp:term":[{"taxonomy":"category","embeddable":true,"href":"https:\/\/ericante.fr\/index.php?rest_route=%2Fwp%2Fv2%2Fcategories&post=3403"},{"taxonomy":"post_tag","embeddable":true,"href":"https:\/\/ericante.fr\/index.php?rest_route=%2Fwp%2Fv2%2Ftags&post=3403"}],"curies":[{"name":"wp","href":"https:\/\/api.w.org\/{rel}","templated":true}]}}