{"id":3399,"date":"2016-06-07T01:48:27","date_gmt":"2016-06-07T00:48:27","guid":{"rendered":"http:\/\/ericante.fr\/?p=3399"},"modified":"2016-06-07T01:48:27","modified_gmt":"2016-06-07T00:48:27","slug":"kalamata-du-dimanche-1er-au-jeudi-5-mai-2016","status":"publish","type":"post","link":"https:\/\/ericante.fr\/?p=3399","title":{"rendered":"Kalamata, du dimanche 1er au jeudi 5 mai 2016"},"content":{"rendered":"<p style=\"text-align: justify;\">Nous quittons Methoni le dimanche 1er mai \u00e0 midi. Il fait beau, la temp\u00e9rature ext\u00e9rieure est \u00e0 plus de 35\u00b0, le vent d&rsquo;ouest de force 2 nous permet de progresser doucement vers l&rsquo;est. Ce premier mai 2016 et l&rsquo;occasion de f\u00eater les 5 ans de notre premier d\u00e9part, le 1er mai 2011 nous quittions Brest pour aller faire le tour de l&rsquo;Irlande.<\/p>\n<p style=\"text-align: justify;\"><a href=\"https:\/\/ericante.fr\/wp-content\/uploads\/2016\/06\/2016-05-01-12h03-annversaire-5-ans.jpg\" rel=\"attachment wp-att-3382\"><img loading=\"lazy\" decoding=\"async\" class=\"size-medium wp-image-3382 aligncenter\" src=\"https:\/\/ericante.fr\/wp-content\/uploads\/2016\/06\/2016-05-01-12h03-annversaire-5-ans-300x225.jpg\" alt=\"2016-05-01 12h03 annversaire 5 ans\" width=\"300\" height=\"225\" srcset=\"https:\/\/ericante.fr\/wp-content\/uploads\/2016\/06\/2016-05-01-12h03-annversaire-5-ans-300x225.jpg 300w, https:\/\/ericante.fr\/wp-content\/uploads\/2016\/06\/2016-05-01-12h03-annversaire-5-ans-768x576.jpg 768w, https:\/\/ericante.fr\/wp-content\/uploads\/2016\/06\/2016-05-01-12h03-annversaire-5-ans.jpg 1024w\" sizes=\"auto, (max-width: 300px) 100vw, 300px\" \/><\/a><\/p>\n<p style=\"text-align: justify;\">Vers 14 heures le ciel se couvre, le vent fra\u00eechit et c&rsquo;est \u00e0 plus de 7 n\u0153uds de vitesse que nous franchissons pour la premi\u00e8re fois le 22\u00e8me m\u00e9ridien Est\u00a0; nous ferons m\u00eame des pointes jusqu&rsquo;\u00e0 la vitesse maximum th\u00e9orique du bateau\u00a0: 8,6 n\u0153uds .<\/p>\n<p style=\"text-align: justify;\"><a href=\"https:\/\/ericante.fr\/wp-content\/uploads\/2016\/06\/2016-05-01-15h41-1\u00e8re-passage-du-22.jpg\" rel=\"attachment wp-att-3385\"><img loading=\"lazy\" decoding=\"async\" class=\"alignnone size-medium wp-image-3385\" src=\"https:\/\/ericante.fr\/wp-content\/uploads\/2016\/06\/2016-05-01-15h41-1\u00e8re-passage-du-22-300x229.jpg\" alt=\"2016-05-01 15h41 1\u00e8re passage du 22\" width=\"300\" height=\"229\" srcset=\"https:\/\/ericante.fr\/wp-content\/uploads\/2016\/06\/2016-05-01-15h41-1\u00e8re-passage-du-22-300x229.jpg 300w, https:\/\/ericante.fr\/wp-content\/uploads\/2016\/06\/2016-05-01-15h41-1\u00e8re-passage-du-22-768x585.jpg 768w, https:\/\/ericante.fr\/wp-content\/uploads\/2016\/06\/2016-05-01-15h41-1\u00e8re-passage-du-22.jpg 1024w\" sizes=\"auto, (max-width: 300px) 100vw, 300px\" \/><\/a>\u00a0\u00a0<a href=\"https:\/\/ericante.fr\/wp-content\/uploads\/2016\/06\/2016-05-01-15h38-avant-passage-22.jpg\" rel=\"attachment wp-att-3384\"><img loading=\"lazy\" decoding=\"async\" class=\"alignnone  wp-image-3384\" src=\"https:\/\/ericante.fr\/wp-content\/uploads\/2016\/06\/2016-05-01-15h38-avant-passage-22-300x170.jpg\" alt=\"2016-05-01 15h38 avant passage 22\" width=\"328\" height=\"186\" srcset=\"https:\/\/ericante.fr\/wp-content\/uploads\/2016\/06\/2016-05-01-15h38-avant-passage-22-300x170.jpg 300w, https:\/\/ericante.fr\/wp-content\/uploads\/2016\/06\/2016-05-01-15h38-avant-passage-22-768x434.jpg 768w, https:\/\/ericante.fr\/wp-content\/uploads\/2016\/06\/2016-05-01-15h38-avant-passage-22.jpg 1024w\" sizes=\"auto, (max-width: 328px) 100vw, 328px\" \/><\/a><\/p>\n<p style=\"text-align: justify;\">Cet \u00e9v\u00e9nement est l&rsquo;occasion de libation selon une coutume bien \u00e9tablie. Nous passons rapidement devant Koroni qui est la seconde ville fortifi\u00e9e par les v\u00e9nitiens au sud du P\u00e9loponn\u00e8se.<\/p>\n<p style=\"text-align: justify;\"><a href=\"https:\/\/ericante.fr\/wp-content\/uploads\/2016\/06\/2016-05-01-15h12-fort-de-Koroni.jpg\" rel=\"attachment wp-att-3383\"><img loading=\"lazy\" decoding=\"async\" class=\" wp-image-3383 aligncenter\" src=\"https:\/\/ericante.fr\/wp-content\/uploads\/2016\/06\/2016-05-01-15h12-fort-de-Koroni-300x106.jpg\" alt=\"2016-05-01 15h12 fort de Koroni\" width=\"357\" height=\"126\" srcset=\"https:\/\/ericante.fr\/wp-content\/uploads\/2016\/06\/2016-05-01-15h12-fort-de-Koroni-300x106.jpg 300w, https:\/\/ericante.fr\/wp-content\/uploads\/2016\/06\/2016-05-01-15h12-fort-de-Koroni-768x271.jpg 768w, https:\/\/ericante.fr\/wp-content\/uploads\/2016\/06\/2016-05-01-15h12-fort-de-Koroni.jpg 1024w\" sizes=\"auto, (max-width: 357px) 100vw, 357px\" \/><\/a><\/p>\n<p style=\"text-align: justify;\">A 16 heures le vent tourne brutalement de 120\u00b0 sans mollir pour autant et nous poursuivons notre route toujours grand largue mais b\u00e2bord amure toujours \u00e0 plus de 7 n\u0153uds.<\/p>\n<p style=\"text-align: justify;\"><a href=\"https:\/\/ericante.fr\/wp-content\/uploads\/2016\/06\/2016-05-01-16h34-GV-et-trinquette-\u00e0.jpg\" rel=\"attachment wp-att-3387\"><img loading=\"lazy\" decoding=\"async\" class=\"size-medium wp-image-3387 aligncenter\" src=\"https:\/\/ericante.fr\/wp-content\/uploads\/2016\/06\/2016-05-01-16h34-GV-et-trinquette-\u00e0-300x290.jpg\" alt=\"2016-05-01 16h34 GV et trinquette \u00e0\" width=\"300\" height=\"290\" srcset=\"https:\/\/ericante.fr\/wp-content\/uploads\/2016\/06\/2016-05-01-16h34-GV-et-trinquette-\u00e0-300x290.jpg 300w, https:\/\/ericante.fr\/wp-content\/uploads\/2016\/06\/2016-05-01-16h34-GV-et-trinquette-\u00e0-768x741.jpg 768w, https:\/\/ericante.fr\/wp-content\/uploads\/2016\/06\/2016-05-01-16h34-GV-et-trinquette-\u00e0.jpg 1024w\" sizes=\"auto, (max-width: 300px) 100vw, 300px\" \/><\/a><\/p>\n<p style=\"text-align: justify;\">A 18h 30 nous sommes amarr\u00e9s dans la marina de Kalamata avec des pendilles \u00e0 la place qui nous a \u00e9t\u00e9 attribu\u00e9e, juste \u00e0 l&rsquo;entr\u00e9e, les jours suivants avec du vent et de la mer la place n&rsquo;est pas tr\u00e8s confortable. Le marin de garde ce dimanche nous propose des olives sp\u00e9ciales de Kalamata, qu&rsquo;il viendra nous apporter juste avant que nous quittions la marina. Ce sont de tr\u00e8s grosses olives un peu sal\u00e9es mais avec uns chair moelleuse et abondante, l&rsquo;olive est grosse mais le noyau est normal.<\/p>\n<p style=\"text-align: justify;\"><a href=\"https:\/\/ericante.fr\/wp-content\/uploads\/2016\/06\/2016-05-02-17h03-Amarr\u00e9-marina-de-Kalamata.jpg\" rel=\"attachment wp-att-3388\"><img loading=\"lazy\" decoding=\"async\" class=\"size-medium wp-image-3388 aligncenter\" src=\"https:\/\/ericante.fr\/wp-content\/uploads\/2016\/06\/2016-05-02-17h03-Amarr\u00e9-marina-de-Kalamata-300x225.jpg\" alt=\"2016-05-02 17h03 Amarr\u00e9 marina de Kalamata\" width=\"300\" height=\"225\" srcset=\"https:\/\/ericante.fr\/wp-content\/uploads\/2016\/06\/2016-05-02-17h03-Amarr\u00e9-marina-de-Kalamata-300x225.jpg 300w, https:\/\/ericante.fr\/wp-content\/uploads\/2016\/06\/2016-05-02-17h03-Amarr\u00e9-marina-de-Kalamata-768x576.jpg 768w, https:\/\/ericante.fr\/wp-content\/uploads\/2016\/06\/2016-05-02-17h03-Amarr\u00e9-marina-de-Kalamata.jpg 1024w\" sizes=\"auto, (max-width: 300px) 100vw, 300px\" \/><\/a><\/p>\n<p style=\"text-align: justify;\">Kalamata est une grande ville assez peu port\u00e9e sur le tourisme. Il y a plusieurs grands super march\u00e9s, mais le premier mai est le jour de P\u00e2ques chez les orthodoxes donc tout est ferm\u00e9, le lundi de P\u00e2ques est f\u00e9ri\u00e9 et le mardi les magasins sont ferm\u00e9s car le personnel r\u00e9cup\u00e8re le 1er mai qui \u00e9tait tomb\u00e9 un dimanche et ce n&rsquo;est que le mercredi 4 mai que nous pourrons r\u00e9approvisionner la cambuse. Il pleut beaucoup mais nous d\u00e9couvrons dans la ville quelques surprises.<\/p>\n<p style=\"text-align: justify;\"><a href=\"https:\/\/ericante.fr\/wp-content\/uploads\/2016\/06\/2016-05-04-19h26.jpg\" rel=\"attachment wp-att-3389\"><img loading=\"lazy\" decoding=\"async\" class=\"alignnone size-medium wp-image-3389\" src=\"https:\/\/ericante.fr\/wp-content\/uploads\/2016\/06\/2016-05-04-19h26-300x219.jpg\" alt=\"2016-05-04 19h26\" width=\"300\" height=\"219\" \/><\/a>\u00a0<a href=\"https:\/\/ericante.fr\/wp-content\/uploads\/2016\/06\/2016-05-04-19h27.jpg\" rel=\"attachment wp-att-3390\"><img loading=\"lazy\" decoding=\"async\" class=\"alignnone  wp-image-3390\" src=\"https:\/\/ericante.fr\/wp-content\/uploads\/2016\/06\/2016-05-04-19h27-300x205.jpg\" alt=\"2016-05-04 19h27\" width=\"320\" height=\"219\" srcset=\"https:\/\/ericante.fr\/wp-content\/uploads\/2016\/06\/2016-05-04-19h27-300x205.jpg 300w, https:\/\/ericante.fr\/wp-content\/uploads\/2016\/06\/2016-05-04-19h27-768x524.jpg 768w, https:\/\/ericante.fr\/wp-content\/uploads\/2016\/06\/2016-05-04-19h27.jpg 1024w\" sizes=\"auto, (max-width: 320px) 100vw, 320px\" \/><\/a><\/p>\n<p style=\"text-align: justify;\">Le port de commerce a eu une grosse activit\u00e9 autrefois mais il est aujourd&rsquo;hui presque vide.<\/p>\n<p style=\"text-align: justify;\">A la marina il y a plusieurs bateaux fran\u00e7ais notamment un voilier de 50 pieds: Batopoula II que les propri\u00e9taires Carine et Joseph viennent de r\u00e9cup\u00e9rer apr\u00e8s 6 ans de gestion en Turquie par Kiriacoulis. Le bateau est en bon \u00e9tat et ils d\u00e9butent le TDM (tour du monde). Nous y retrouvons aussi le bateau en alu italien avec lequel nous avions fait connaissance \u00e0 Pylos.<\/p>\n","protected":false},"excerpt":{"rendered":"<p>Nous quittons Methoni le dimanche 1er mai \u00e0 midi. Il fait beau, la temp\u00e9rature ext\u00e9rieure est \u00e0 plus de 35\u00b0, le vent d&rsquo;ouest de force 2 nous permet de progresser doucement vers l&rsquo;est. Ce premier mai 2016 et l&rsquo;occasion de &hellip; <a href=\"https:\/\/ericante.fr\/?p=3399\">Continuer la lecture <span class=\"meta-nav\">&rarr;<\/span><\/a><\/p>\n","protected":false},"author":1,"featured_media":0,"comment_status":"open","ping_status":"open","sticky":false,"template":"","format":"standard","meta":{"_monsterinsights_skip_tracking":false,"_monsterinsights_sitenote_active":false,"_monsterinsights_sitenote_note":"","_monsterinsights_sitenote_category":0,"_uf_show_specific_survey":0,"_uf_disable_surveys":false,"footnotes":""},"categories":[266],"tags":[293,292],"class_list":["post-3399","post","type-post","status-publish","format-standard","hentry","category-grece","tag-kalamata","tag-peloponnese"],"_links":{"self":[{"href":"https:\/\/ericante.fr\/index.php?rest_route=\/wp\/v2\/posts\/3399","targetHints":{"allow":["GET"]}}],"collection":[{"href":"https:\/\/ericante.fr\/index.php?rest_route=\/wp\/v2\/posts"}],"about":[{"href":"https:\/\/ericante.fr\/index.php?rest_route=\/wp\/v2\/types\/post"}],"author":[{"embeddable":true,"href":"https:\/\/ericante.fr\/index.php?rest_route=\/wp\/v2\/users\/1"}],"replies":[{"embeddable":true,"href":"https:\/\/ericante.fr\/index.php?rest_route=%2Fwp%2Fv2%2Fcomments&post=3399"}],"version-history":[{"count":2,"href":"https:\/\/ericante.fr\/index.php?rest_route=\/wp\/v2\/posts\/3399\/revisions"}],"predecessor-version":[{"id":3402,"href":"https:\/\/ericante.fr\/index.php?rest_route=\/wp\/v2\/posts\/3399\/revisions\/3402"}],"wp:attachment":[{"href":"https:\/\/ericante.fr\/index.php?rest_route=%2Fwp%2Fv2%2Fmedia&parent=3399"}],"wp:term":[{"taxonomy":"category","embeddable":true,"href":"https:\/\/ericante.fr\/index.php?rest_route=%2Fwp%2Fv2%2Fcategories&post=3399"},{"taxonomy":"post_tag","embeddable":true,"href":"https:\/\/ericante.fr\/index.php?rest_route=%2Fwp%2Fv2%2Ftags&post=3399"}],"curies":[{"name":"wp","href":"https:\/\/api.w.org\/{rel}","templated":true}]}}