{"id":3315,"date":"2016-05-15T20:33:48","date_gmt":"2016-05-15T19:33:48","guid":{"rendered":"http:\/\/ericante.fr\/?p=3315"},"modified":"2016-05-16T12:10:26","modified_gmt":"2016-05-16T11:10:26","slug":"ayios-eufimia-ile-de-cephalonie-du-jeudi-21-au-dimanche-24-avril-2016","status":"publish","type":"post","link":"https:\/\/ericante.fr\/?p=3315","title":{"rendered":"Ayios Eufimia, \u00cele de C\u00e9phalonie, du Jeudi 21 au dimanche 24 avril 2016"},"content":{"rendered":"<p style=\"text-align: justify;\">L&rsquo;\u00eele de C\u00e9phalonie, qui faisait \u00e9galement partie du royaume d&rsquo;Ulysse, est plus grande qu&rsquo;Ithaque dont elle est s\u00e9par\u00e9e par un bras de mer le Stenon Ithaquis. Dans ce couloir le vent souffle soit du nord au sud soit du sud au nord et il est habituellement renforc\u00e9 par un effet venturi. Le bateau \u00e0 moteur d&rsquo;un photographe est souvent dans les parages pour photographier les voiliers qui avec un vent portant assez fort et peu de mer peuvent aller vite.<\/p>\n<p style=\"text-align: justify;\">Ce jeudi 21 avril, jour de mes 70 ans, nous quittons Ithaque en d\u00e9but d&rsquo;apr\u00e8s midi apr\u00e8s que le vent et la mer se soit calm\u00e9s. Le vent est sud-sud-ouest, nous ne passerons pas par le Stenon Ithaquis mais allons contourner le sud d&rsquo;Ithaque. Ce sud d&rsquo;Ithaque, qualifi\u00e9 monde du silence, est tr\u00e8s bois\u00e9e et l&rsquo;on n&rsquo;y voit aucune habitation.<\/p>\n<p style=\"text-align: justify;\"><a href=\"https:\/\/ericante.fr\/wp-content\/uploads\/2016\/05\/2016-04-21-16h40-sud-dIthaque.jpg\" rel=\"attachment wp-att-3327\"><img loading=\"lazy\" decoding=\"async\" class=\"size-medium wp-image-3327 aligncenter\" src=\"https:\/\/ericante.fr\/wp-content\/uploads\/2016\/05\/2016-04-21-16h40-sud-dIthaque-300x165.jpg\" alt=\"2016-04-21 16h40 sud d'Ithaque\" width=\"300\" height=\"165\" srcset=\"https:\/\/ericante.fr\/wp-content\/uploads\/2016\/05\/2016-04-21-16h40-sud-dIthaque-300x165.jpg 300w, https:\/\/ericante.fr\/wp-content\/uploads\/2016\/05\/2016-04-21-16h40-sud-dIthaque-768x422.jpg 768w, https:\/\/ericante.fr\/wp-content\/uploads\/2016\/05\/2016-04-21-16h40-sud-dIthaque.jpg 1024w\" sizes=\"auto, (max-width: 300px) 100vw, 300px\" \/><\/a><\/p>\n<p style=\"text-align: justify;\">Nous arrivons en fin d&rsquo;apr\u00e8s midi dans le port d&rsquo;Ayios Eufimia o\u00f9 nous sommes accueillis par le capitaine du port qui nous invite \u00e0 nous amarrer le long du quai. Il y a de l&rsquo;eau et de l\u2019\u00e9lectricit\u00e9 et le prix tout compris est de 17 \u20ac par jour, environ 3 fois moins cher que dans les ports italiens en basse saison. C&rsquo;est le premier port o\u00f9 nous payons depuis notre d\u00e9part de Pr\u00e9veza il y a plus de 10 jours.<\/p>\n<p style=\"text-align: justify;\"><a href=\"https:\/\/ericante.fr\/wp-content\/uploads\/2016\/05\/2016-04-21-20h07-quai-dEufimia.jpg\" rel=\"attachment wp-att-3319\"><img loading=\"lazy\" decoding=\"async\" class=\"size-medium wp-image-3319 aligncenter\" src=\"https:\/\/ericante.fr\/wp-content\/uploads\/2016\/05\/2016-04-21-20h07-quai-dEufimia-300x157.jpg\" alt=\"2016-04-21 20h07 quai d'Eufimia\" width=\"300\" height=\"157\" srcset=\"https:\/\/ericante.fr\/wp-content\/uploads\/2016\/05\/2016-04-21-20h07-quai-dEufimia-300x157.jpg 300w, https:\/\/ericante.fr\/wp-content\/uploads\/2016\/05\/2016-04-21-20h07-quai-dEufimia-768x402.jpg 768w, https:\/\/ericante.fr\/wp-content\/uploads\/2016\/05\/2016-04-21-20h07-quai-dEufimia.jpg 1024w\" sizes=\"auto, (max-width: 300px) 100vw, 300px\" \/><\/a><\/p>\n<p style=\"text-align: justify;\">Le soir nous choisissons un des restaurants du front de mer pour un bon repas accompagn\u00e9 d&rsquo;un excellent vin de C\u00e9phalonie. Nous rentrons \u00e0 bord au clair de lune et je souffle ma bougie d\u2019anniversaire.<\/p>\n<p style=\"text-align: justify;\"><a href=\"https:\/\/ericante.fr\/wp-content\/uploads\/2016\/05\/2016-04-21-20h06-Ay-Eufimia.jpg\" rel=\"attachment wp-att-3318\"><img loading=\"lazy\" decoding=\"async\" class=\" wp-image-3318 aligncenter\" src=\"https:\/\/ericante.fr\/wp-content\/uploads\/2016\/05\/2016-04-21-20h06-Ay-Eufimia-300x209.jpg\" alt=\"2016-04-21 20h06 Ay Eufimia\" width=\"327\" height=\"228\" srcset=\"https:\/\/ericante.fr\/wp-content\/uploads\/2016\/05\/2016-04-21-20h06-Ay-Eufimia-300x209.jpg 300w, https:\/\/ericante.fr\/wp-content\/uploads\/2016\/05\/2016-04-21-20h06-Ay-Eufimia-768x535.jpg 768w, https:\/\/ericante.fr\/wp-content\/uploads\/2016\/05\/2016-04-21-20h06-Ay-Eufimia.jpg 1024w\" sizes=\"auto, (max-width: 327px) 100vw, 327px\" \/><\/a><\/p>\n<p style=\"text-align: justify;\">\u00a0 \u00a0 \u00a0 \u00a0 \u00a0 \u00a0 \u00a0\u00a0<a href=\"https:\/\/ericante.fr\/wp-content\/uploads\/2016\/05\/2016-04-21-22h07-Eufimia.jpg\" rel=\"attachment wp-att-3320\"><img loading=\"lazy\" decoding=\"async\" class=\"alignnone size-medium wp-image-3320\" src=\"https:\/\/ericante.fr\/wp-content\/uploads\/2016\/05\/2016-04-21-22h07-Eufimia-243x300.jpg\" alt=\"2016-04-21 22h07 Eufimia\" width=\"243\" height=\"300\" srcset=\"https:\/\/ericante.fr\/wp-content\/uploads\/2016\/05\/2016-04-21-22h07-Eufimia-243x300.jpg 243w, https:\/\/ericante.fr\/wp-content\/uploads\/2016\/05\/2016-04-21-22h07-Eufimia-768x949.jpg 768w, https:\/\/ericante.fr\/wp-content\/uploads\/2016\/05\/2016-04-21-22h07-Eufimia.jpg 828w\" sizes=\"auto, (max-width: 243px) 100vw, 243px\" \/><\/a>\u00a0<a href=\"https:\/\/ericante.fr\/wp-content\/uploads\/2016\/05\/2016-04-21-22h08-Eufimia.jpg\" rel=\"attachment wp-att-3321\"><img loading=\"lazy\" decoding=\"async\" class=\"alignnone size-medium wp-image-3321\" src=\"https:\/\/ericante.fr\/wp-content\/uploads\/2016\/05\/2016-04-21-22h08-Eufimia-251x300.jpg\" alt=\"2016-04-21 22h08 Eufimia\" width=\"251\" height=\"300\" srcset=\"https:\/\/ericante.fr\/wp-content\/uploads\/2016\/05\/2016-04-21-22h08-Eufimia-251x300.jpg 251w, https:\/\/ericante.fr\/wp-content\/uploads\/2016\/05\/2016-04-21-22h08-Eufimia-768x919.jpg 768w, https:\/\/ericante.fr\/wp-content\/uploads\/2016\/05\/2016-04-21-22h08-Eufimia.jpg 856w\" sizes=\"auto, (max-width: 251px) 100vw, 251px\" \/><\/a><\/p>\n<p style=\"text-align: justify;\">Les restaurants du front de mer ont tous du Wifi qui peut \u00eatre capt\u00e9 \u00e0 bord avec l&rsquo;antenne Il suffit d&rsquo;aller prendre une consommation pour avoir le code. Nous pouvons donc r\u00e9pondre aux mails, r\u00e9aliser quelques formalit\u00e9s administratives et surfer sur la toile sans tirer sur notre forfait Vodafone.<\/p>\n<p style=\"text-align: justify;\">L&rsquo;\u00e9tape suivante sera longue car nous irons directement \u00e0 Katakolon dans le P\u00e9lopon\u00e8se. Nous ne ferons pas d&rsquo;escale sur l&rsquo;\u00eele de Zante dont on nous a dit qu&rsquo;elle ne pr\u00e9sentait aucun int\u00e9r\u00eat ce qui n&rsquo;est pas forc\u00e9ment vrai. Il nous faut attendre des conditions m\u00e9t\u00e9orologiques favorables<\/p>\n<p style=\"text-align: justify;\"><a href=\"https:\/\/ericante.fr\/wp-content\/uploads\/2016\/05\/2016-04-23-10h12-Eufimia-Myrtos.jpg\" rel=\"attachment wp-att-3329\"><img loading=\"lazy\" decoding=\"async\" class=\" wp-image-3329 aligncenter\" src=\"https:\/\/ericante.fr\/wp-content\/uploads\/2016\/05\/2016-04-23-10h12-Eufimia-Myrtos-300x250.jpg\" alt=\"2016-04-23 10h12 Eufimia Myrtos\" width=\"332\" height=\"277\" srcset=\"https:\/\/ericante.fr\/wp-content\/uploads\/2016\/05\/2016-04-23-10h12-Eufimia-Myrtos-300x250.jpg 300w, https:\/\/ericante.fr\/wp-content\/uploads\/2016\/05\/2016-04-23-10h12-Eufimia-Myrtos-768x640.jpg 768w, https:\/\/ericante.fr\/wp-content\/uploads\/2016\/05\/2016-04-23-10h12-Eufimia-Myrtos.jpg 1024w\" sizes=\"auto, (max-width: 332px) 100vw, 332px\" \/><\/a><\/p>\n<p style=\"text-align: justify;\">\n<p style=\"text-align: justify;\">Le samedi 23 avril le vent \u00e9tant fort et contraire, nous partons pour une randonn\u00e9e qui doit nous amener de l&rsquo;autre cot\u00e9 de l&rsquo;\u00eele, sur la c\u00f4te ouest. Un panneau d\u00e9crit bien ce <span style=\"font-family: 'Times New Roman', serif;\">\u00ab\u00a0<\/span>footpath<span style=\"font-family: 'Times New Roman', serif;\">\u00a0\u00bb de 7,5 <\/span>km qui conduit au village et \u00e0 la plage de Mirtos. Nous partons donc de bonne heure avec nos chaussures bateau, plus confortables que les sandales, en fait tout le chemin a \u00e9t\u00e9 r\u00e9cemment empierr\u00e9, et nous aurions du prendre les vrais chaussures de randonn\u00e9e. Au bout des 7,5 km nous arrivons bien au village de Mirtos, mais il faut encore marcher 2,5 km, sur la route sous le soleil ardent pour atteindre la plage. Sur le chemin nous sommes accompagn\u00e9s par un important troupeau de ch\u00e8vres.<\/p>\n<p style=\"text-align: justify;\"><a href=\"https:\/\/ericante.fr\/wp-content\/uploads\/2016\/05\/2016-04-23-11h55-Myrtos.jpg\" rel=\"attachment wp-att-3323\"><img loading=\"lazy\" decoding=\"async\" class=\"alignnone wp-image-3323\" src=\"https:\/\/ericante.fr\/wp-content\/uploads\/2016\/05\/2016-04-23-11h55-Myrtos-300x266.jpg\" alt=\"2016-04-23 11h55 Myrtos\" width=\"198\" height=\"176\" srcset=\"https:\/\/ericante.fr\/wp-content\/uploads\/2016\/05\/2016-04-23-11h55-Myrtos-300x266.jpg 300w, https:\/\/ericante.fr\/wp-content\/uploads\/2016\/05\/2016-04-23-11h55-Myrtos-768x682.jpg 768w, https:\/\/ericante.fr\/wp-content\/uploads\/2016\/05\/2016-04-23-11h55-Myrtos.jpg 1024w\" sizes=\"auto, (max-width: 198px) 100vw, 198px\" \/><\/a>\u00a0<a href=\"https:\/\/ericante.fr\/wp-content\/uploads\/2016\/05\/2016-04-23-12h02-Myros.jpg\" rel=\"attachment wp-att-3324\"><img loading=\"lazy\" decoding=\"async\" class=\"alignnone wp-image-3324\" src=\"https:\/\/ericante.fr\/wp-content\/uploads\/2016\/05\/2016-04-23-12h02-Myros-300x286.jpg\" alt=\"2016-04-23 12h02 Myros\" width=\"185\" height=\"177\" \/><\/a>\u00a0<a href=\"https:\/\/ericante.fr\/wp-content\/uploads\/2016\/05\/2016-04-23-12h04-The-Myros-Beach.jpg\" rel=\"attachment wp-att-3325\"><img loading=\"lazy\" decoding=\"async\" class=\"alignnone wp-image-3325\" src=\"https:\/\/ericante.fr\/wp-content\/uploads\/2016\/05\/2016-04-23-12h04-The-Myros-Beach-300x225.jpg\" alt=\"2016-04-23 12h04 The Myros Beach\" width=\"234\" height=\"175\" \/><\/a><\/p>\n<p style=\"text-align: justify;\"><a href=\"https:\/\/ericante.fr\/wp-content\/uploads\/2016\/05\/2016-04-23-13h45-Myros.jpg\" rel=\"attachment wp-att-3326\"><img loading=\"lazy\" decoding=\"async\" class=\" wp-image-3326 aligncenter\" src=\"https:\/\/ericante.fr\/wp-content\/uploads\/2016\/05\/2016-04-23-13h45-Myros-300x65.jpg\" alt=\"2016-04-23 13h45 Myros\" width=\"481\" height=\"104\" srcset=\"https:\/\/ericante.fr\/wp-content\/uploads\/2016\/05\/2016-04-23-13h45-Myros-300x65.jpg 300w, https:\/\/ericante.fr\/wp-content\/uploads\/2016\/05\/2016-04-23-13h45-Myros-768x166.jpg 768w, https:\/\/ericante.fr\/wp-content\/uploads\/2016\/05\/2016-04-23-13h45-Myros.jpg 1024w\" sizes=\"auto, (max-width: 481px) 100vw, 481px\" \/><\/a><\/p>\n<p style=\"text-align: justify;\">La d\u00e9couverte progressive de la plage de Mithros, consid\u00e9r\u00e9e comme une des plus belles plages du monde, est la vrai r\u00e9compense de la randonn\u00e9e. Apr\u00e8s nous \u00eatre repos\u00e9s sur cette plage magnifique o\u00f9 nous sommes seuls, nous remontons vers le village. Nous y trouvons un restaurant sympathique et nous rentrons \u00e0 bord en taxi.<\/p>\n<p style=\"text-align: justify;\"><a href=\"https:\/\/ericante.fr\/wp-content\/uploads\/2016\/05\/2016-04-23-13h43-Ant\u00e9-sur-la-plage.jpg\" rel=\"attachment wp-att-3361\"><img loading=\"lazy\" decoding=\"async\" class=\" wp-image-3361 aligncenter\" src=\"https:\/\/ericante.fr\/wp-content\/uploads\/2016\/05\/2016-04-23-13h43-Ant\u00e9-sur-la-plage-300x300.jpg\" alt=\"2016-04-23 13h43 Ant\u00e9 sur la plage\" width=\"480\" height=\"480\" \/><\/a><\/p>\n<p style=\"text-align: justify;\"><a href=\"https:\/\/ericante.fr\/wp-content\/uploads\/2016\/05\/2016-04-22-12h35-Eufimia.jpg\" rel=\"attachment wp-att-3322\"><img loading=\"lazy\" decoding=\"async\" class=\" wp-image-3322 aligncenter\" src=\"https:\/\/ericante.fr\/wp-content\/uploads\/2016\/05\/2016-04-22-12h35-Eufimia-300x212.jpg\" alt=\"2016-04-22 12h35 Eufimia\" width=\"355\" height=\"251\" srcset=\"https:\/\/ericante.fr\/wp-content\/uploads\/2016\/05\/2016-04-22-12h35-Eufimia-300x212.jpg 300w, https:\/\/ericante.fr\/wp-content\/uploads\/2016\/05\/2016-04-22-12h35-Eufimia-768x542.jpg 768w, https:\/\/ericante.fr\/wp-content\/uploads\/2016\/05\/2016-04-22-12h35-Eufimia.jpg 1024w\" sizes=\"auto, (max-width: 355px) 100vw, 355px\" \/><\/a><\/p>\n","protected":false},"excerpt":{"rendered":"<p>L&rsquo;\u00eele de C\u00e9phalonie, qui faisait \u00e9galement partie du royaume d&rsquo;Ulysse, est plus grande qu&rsquo;Ithaque dont elle est s\u00e9par\u00e9e par un bras de mer le Stenon Ithaquis. Dans ce couloir le vent souffle soit du nord au sud soit du sud &hellip; <a href=\"https:\/\/ericante.fr\/?p=3315\">Continuer la lecture <span class=\"meta-nav\">&rarr;<\/span><\/a><\/p>\n","protected":false},"author":1,"featured_media":0,"comment_status":"open","ping_status":"open","sticky":false,"template":"","format":"standard","meta":{"_monsterinsights_skip_tracking":false,"_monsterinsights_sitenote_active":false,"_monsterinsights_sitenote_note":"","_monsterinsights_sitenote_category":0,"_uf_show_specific_survey":0,"_uf_disable_surveys":false,"footnotes":""},"categories":[266],"tags":[],"class_list":["post-3315","post","type-post","status-publish","format-standard","hentry","category-grece"],"_links":{"self":[{"href":"https:\/\/ericante.fr\/index.php?rest_route=\/wp\/v2\/posts\/3315","targetHints":{"allow":["GET"]}}],"collection":[{"href":"https:\/\/ericante.fr\/index.php?rest_route=\/wp\/v2\/posts"}],"about":[{"href":"https:\/\/ericante.fr\/index.php?rest_route=\/wp\/v2\/types\/post"}],"author":[{"embeddable":true,"href":"https:\/\/ericante.fr\/index.php?rest_route=\/wp\/v2\/users\/1"}],"replies":[{"embeddable":true,"href":"https:\/\/ericante.fr\/index.php?rest_route=%2Fwp%2Fv2%2Fcomments&post=3315"}],"version-history":[{"count":9,"href":"https:\/\/ericante.fr\/index.php?rest_route=\/wp\/v2\/posts\/3315\/revisions"}],"predecessor-version":[{"id":3363,"href":"https:\/\/ericante.fr\/index.php?rest_route=\/wp\/v2\/posts\/3315\/revisions\/3363"}],"wp:attachment":[{"href":"https:\/\/ericante.fr\/index.php?rest_route=%2Fwp%2Fv2%2Fmedia&parent=3315"}],"wp:term":[{"taxonomy":"category","embeddable":true,"href":"https:\/\/ericante.fr\/index.php?rest_route=%2Fwp%2Fv2%2Fcategories&post=3315"},{"taxonomy":"post_tag","embeddable":true,"href":"https:\/\/ericante.fr\/index.php?rest_route=%2Fwp%2Fv2%2Ftags&post=3315"}],"curies":[{"name":"wp","href":"https:\/\/api.w.org\/{rel}","templated":true}]}}